{"id":144563,"date":"2025-09-28T16:09:10","date_gmt":"2025-09-28T16:09:10","guid":{"rendered":"https:\/\/www.europesays.com\/es\/144563\/"},"modified":"2025-09-28T16:09:10","modified_gmt":"2025-09-28T16:09:10","slug":"donald-trump-manda-al-ejercito-a-portland-y-autoriza-el-uso-de-la-fuerza-total","status":"publish","type":"post","link":"https:\/\/www.europesays.com\/es\/144563\/","title":{"rendered":"Donald Trump manda al ej\u00e9rcito a Portland\u00a0y autoriza el uso de la \u00abfuerza total\u00bb"},"content":{"rendered":"<p>El presidente de Estados Unidos, Donald Trump, ha ordenado el env\u00edo de fuerzas militares a Portland y ha autorizado el uso de la \u00abfuerza total\u00bb en el marco de su campa\u00f1a para recuperar la seguridad en las principales ciudades estadounidenses.<\/p>\n<p>\u00abA petici\u00f3n del secretario de la secretaria de Seguridad Interior, Kirti Noem, <b>he ordenado al secretario de Guerra, Pete Hegseth, que proporcione todos los militares que sean necesarios para proteger a una Portland en guerra<\/b>\u00ab, ha afirmado Trump en un mensaje en su cuenta en la red social Truth Social, de su propiedad.<\/p>\n<p>El inquilino de la Casa Blanca ha denunciado que hay instalaciones del Servicio de Control de Inmigraci\u00f3n y Aduanas (ICE) <b>\u00abasediadas\u00bb por \u00abantifas y otros terroristas dom\u00e9sticos\u00bb<\/b>. Por ello autoriza el empleo de la \u00abfuerza total, si fuera necesario\u00bb.<\/p>\n<p>Trump ha ordenado intervenciones en otras grandes ciudades estadounidenses, pero es la primera vez que se refiere al <b>uso de la \u00abfuerza total\u00bb.<\/b><\/p>\n<p>Ya el viernes Trump advirti\u00f3 de la <b>situaci\u00f3n de \u00abanarqu\u00eda\u00bb en Portland<\/b> por la presencia de \u00ablocos\u00bb que intentan quemar edificios, incluidas sedes de organismos federales en referencia a las protestas contra la sede del ICE en Portland Sur.<\/p>\n<p><b>Critic\u00f3 a los \u00abagitadores profesionales y anarquistas\u00bb <\/b>y advirti\u00f3 de que recurrir\u00eda al \u00abl\u00e1tico\u00bb para \u00abdevoler estas ciudades a su ser\u00bb. \u00abEs un ejemplo peque\u00f1o, pero es el m\u00e1s violento. Es cada noche y llevan a\u00f1os haci\u00e9ndolo\u00bb, se lament\u00f3.<\/p>\n<p>En la misma l\u00ednea, una responsable del Departamento de Seguridad Interior, Tricia McLaughlin, ha defendido la necesidad de \u00abrestablecer la ley\u00bb en Portland \u00abtras semanas de violentos disturbios en las instalaciones del ICE, <b>agresiones a fuerzas de seguridad y ataques terroristas contra instalaciones del ICE en Dallas\u00bb.<\/b> \u00abNo vamos a permitir que los terroristas ataquen a nuestras fuerzas de seguridad\u00bb, ha remachado en declaraciones a la televisi\u00f3n de Portland KATU.<\/p>\n<p>McLaughlin ha destacado que <b>ya han detenido a \u00abdecenas de extremistas vilentos de izquierda antifa\u00bb<\/b> implicados en \u00abataques contra las fuerzas de seguridad, asesinatos de civiles inocentes y responsables de una ola de disturbios violentos por todo Estados Unidos\u00bb. \u00abNo vamos a permitir que los terroristas dom\u00e9sticos antifas nos impidan cumplir con nuestra misi\u00f3n de hacer a Estados Unidos segura y quienes lo intenten, <b>tendr\u00e1n que rendir cuentas\u00bb<\/b>, ha advertido.<\/p>\n<p>La ciudad de Portland est\u00e1 gobernada por el alcalde Keith Wilson, del Partido Dem\u00f3crata, formaci\u00f3n que es objetivo habitual de las cr\u00edticas de Trump. <b>Hasta ahora Trump ha enviado a la Guardia Nacional a Los \u00c1ngeles, Washington D.C., Chicago o Memphis.<\/b><\/p>\n<p>Precisamente Wilson ha respondido a Trump que la cifra de militares que necesita Portland es \u00abcero\u00bb y ha pedido concentrarse en un apoyo \u00abconstructivo\u00bb en lugar de en una \u00abdemostraci\u00f3n de fuerza infructuosa\u00bb.<\/p>\n<p>Uno de los dos senadores por Oregon, Jeff Merkley, tambi\u00e9n dem\u00f3crata, ha critiado que \u00abTrump env\u00eda a los militares a Portland para &#8216;montar un n\u00famero'\u00bb<b>. \u00ab\u00a1No mordamos el anzuelo!\u00bb,<\/b> ha apelado. El otro senador, Ron Wyden, ha pedido calma a la poblaci\u00f3n ante los <b>intentos de \u00abprovocar violencia\u00bb<\/b>. \u00abDemostremos lo que es Portland y lo que defiende: una comunidad din\u00e1mica llena de gente que se preocupa por los dem\u00e1s\u00bb, ha argumentado.<\/p>\n<p>\u00abTrump ha lanzado una toma autoritaria de Portland con la esperanza de provocar un conflicto en mi hogar.<b> Insto a los oregonianos a rechazar el intento de Trump de provocar violencia\u00bb<\/b>, ha a\u00f1adido.<\/p>\n<p>Una ley federal de 1878, la Ley Posse Comitatus, proh\u00edbe salvo excepciones muy concretas que un presidente autorice el uso de fuerzas militares para como fuerzas de seguridad internas dentro del pa\u00eds. Hasta ahora se hab\u00eda empleado a la Guardia Nacional, que cuenta con equipo y medios militares, pero que act\u00faa generalmente como <b>reserva y apoyo de las unidades militares convencionales.<\/b><\/p>\n<p>WhatsApp<a href=\"https:\/\/api.whatsapp.com\/send?text=https:\/\/www.eleconomista.es\/actualidad\/noticias\/13566670\/09\/25\/donald-trump-manda-al-ejercito-a-portlandy-autoriza-el-uso-de-la-fuerza-total.html?utm_source%3Dwhatsapp%26utm_medium%3Dshare_button&amp;id=1648118629957_whatsapp\" target=\"_blank\" data-action=\"share\/whatsapp\/share\" aria-label=\"Compartir en Whatsapp\" rel=\"nofollow noopener\"><\/a>Facebook<a id=\"fb-share\" href=\"#\" target=\"_blank\" rel=\"noopener noreferrer\" aria-label=\"Compartir en Facebook\"><\/a>Twitter<a href=\"https:\/\/twitter.com\/share?text=Donald+Trump+manda+al+ej%C3%A9rcito+a+Portland%C2%A0y+autoriza+el+uso+de+la+%22fuerza+total%22&amp;url=https:\/\/www.eleconomista.es\/actualidad\/noticias\/13566670\/09\/25\/donald-trump-manda-al-ejercito-a-portlandy-autoriza-el-uso-de-la-fuerza-total.html&amp;via=elEconomistaes&amp;id=1648118839245_twitter\" target=\"_blank\" aria-label=\"Compartir en Twitter\" rel=\"nofollow noopener\"><\/a>Linkedin<a href=\"https:\/\/linkedin.com\/share?text=https:\/\/www.eleconomista.es\/actualidad\/noticias\/13566670\/09\/25\/donald-trump-manda-al-ejercito-a-portlandy-autoriza-el-uso-de-la-fuerza-total.html&amp;via=elEconomistaes\" target=\"_blank\" aria-label=\"Compartir en linkedin\" rel=\"nofollow noopener\"><\/a>Beloud<a href=\"https:\/\/beloud.com\/share?text=Donald+Trump+manda+al+ej%C3%A9rcito+a+Portland%C2%A0y+autoriza+el+uso+de+la+%22fuerza+total%22&amp;url=https:\/\/www.eleconomista.es\/actualidad\/noticias\/13566670\/09\/25\/donald-trump-manda-al-ejercito-a-portlandy-autoriza-el-uso-de-la-fuerza-total.html&amp;via=elEconomistaes&amp;id=1648118839245_beloud\" target=\"_blank\" aria-label=\"Compartir en beloud\" rel=\"nofollow noopener\"><\/a>Bluesky<a href=\"https:\/\/bsky.app\/intent\/compose?text=https:\/\/bsky.app\/intent\/compose?text=https:\/\/www.eleconomista.es\/actualidad\/noticias\/13566670\/09\/25\/donald-trump-manda-al-ejercito-a-portlandy-autoriza-el-uso-de-la-fuerza-total.html&amp;url=https:\/\/www.eleconomista.es\/actualidad\/noticias\/13566670\/09\/25\/donald-trump-manda-al-ejercito-a-portlandy-autoriza-el-uso-de-la-fuerza-total.html&amp;via=elEconomistaes&amp;id=1648118839245_bluesky\" target=\"_blank\" aria-label=\"Compartir en bluesky\" rel=\"nofollow noopener\"><\/a><\/p>\n<p><script async src=\"https:\/\/platform.twitter.com\/widgets.js\" charset=\"utf-8\"><\/script><\/p>\n","protected":false},"excerpt":{"rendered":"El presidente de Estados Unidos, Donald Trump, ha ordenado el env\u00edo de fuerzas militares a Portland y ha&hellip;\n","protected":false},"author":2,"featured_media":144564,"comment_status":"","ping_status":"","sticky":false,"template":"","format":"standard","meta":{"footnotes":""},"categories":[42],"tags":[517,17,18,13,14,11,61,62,63,64,19,20,9,10,15,16,12,21,22,65,66,67],"class_list":{"0":"post-144563","1":"post","2":"type-post","3":"status-publish","4":"format-standard","5":"has-post-thumbnail","7":"category-internacional","8":"tag-actualidad","9":"tag-breaking-news","10":"tag-breakingnews","11":"tag-featured-news","12":"tag-featurednews","13":"tag-headlines","14":"tag-internacional","15":"tag-international","16":"tag-international-news","17":"tag-internationalnews","18":"tag-latest-news","19":"tag-latestnews","20":"tag-news","21":"tag-noticias","22":"tag-noticias-destacadas","23":"tag-noticiasdestacadas","24":"tag-titulares","25":"tag-ultimas-noticias","26":"tag-ultimasnoticias","27":"tag-world","28":"tag-world-news","29":"tag-worldnews"},"share_on_mastodon":{"url":"","error":""},"_links":{"self":[{"href":"https:\/\/www.europesays.com\/es\/wp-json\/wp\/v2\/posts\/144563","targetHints":{"allow":["GET"]}}],"collection":[{"href":"https:\/\/www.europesays.com\/es\/wp-json\/wp\/v2\/posts"}],"about":[{"href":"https:\/\/www.europesays.com\/es\/wp-json\/wp\/v2\/types\/post"}],"author":[{"embeddable":true,"href":"https:\/\/www.europesays.com\/es\/wp-json\/wp\/v2\/users\/2"}],"replies":[{"embeddable":true,"href":"https:\/\/www.europesays.com\/es\/wp-json\/wp\/v2\/comments?post=144563"}],"version-history":[{"count":0,"href":"https:\/\/www.europesays.com\/es\/wp-json\/wp\/v2\/posts\/144563\/revisions"}],"wp:featuredmedia":[{"embeddable":true,"href":"https:\/\/www.europesays.com\/es\/wp-json\/wp\/v2\/media\/144564"}],"wp:attachment":[{"href":"https:\/\/www.europesays.com\/es\/wp-json\/wp\/v2\/media?parent=144563"}],"wp:term":[{"taxonomy":"category","embeddable":true,"href":"https:\/\/www.europesays.com\/es\/wp-json\/wp\/v2\/categories?post=144563"},{"taxonomy":"post_tag","embeddable":true,"href":"https:\/\/www.europesays.com\/es\/wp-json\/wp\/v2\/tags?post=144563"}],"curies":[{"name":"wp","href":"https:\/\/api.w.org\/{rel}","templated":true}]}}