{"id":144565,"date":"2025-09-28T16:10:15","date_gmt":"2025-09-28T16:10:15","guid":{"rendered":"https:\/\/www.europesays.com\/es\/144565\/"},"modified":"2025-09-28T16:10:15","modified_gmt":"2025-09-28T16:10:15","slug":"un-hombre-asesina-a-su-pareja-en-plena-calle-en-sevilla-y-despues-intenta-suicidarse","status":"publish","type":"post","link":"https:\/\/www.europesays.com\/es\/144565\/","title":{"rendered":"Un hombre asesina a su pareja en plena calle en Sevilla y despu\u00e9s intenta suicidarse"},"content":{"rendered":"<p class=\"L6-news-detail__text\">Un <b>hombre de 21 a\u00f1os ha asesinado presuntamente a su pareja, de 28,<\/b> en <b><a title=\"Sevilla\" href=\"https:\/\/www.lasexta.com\/temas\/sevilla-1\" target=\"_blank\" rel=\"nofollow noopener\">Sevilla<\/a><\/b> este domingo tras propinarle varias cuchilladas en el cuello en plena v\u00eda p\u00fablica. Despu\u00e9s, <b>ha intentado suicidarse.<\/b><\/p>\n<p class=\"L6-news-detail__text\">La v\u00edctima fue agredida en la calle Tigris, en la zona este de la capital. El agresor ha sido trasladado al Hospital Virgen del Roc\u00edo, donde se encuentra <b>ingresado y bajo custodia policial<\/b>.<\/p>\n<p class=\"L6-news-detail__text\">La pareja habr\u00eda celebrado un cumplea\u00f1os horas antes del suceso, pero cuando volvieron a casa, se origin\u00f3 una gran pelea. En un primer momento, este hombre habr\u00eda <b>agredido brutalmente<\/b> a la fallecida en el domicilio, pero esta huy\u00f3 a la calle.<\/p>\n<p class=\"L6-news-detail__text\">El presunto autor de los hechos habr\u00eda <b>perseguido a la v\u00edctima<\/b> y le habr\u00eda propinado una cuchillada con un arma blanca en el cuello, motivo por el que finalmente falleci\u00f3. Despu\u00e9s, el se autolesion\u00f3 con el mismo cuchillo y fue trasladado al citado hospital.<\/p>\n<p class=\"L6-news-detail__text\">Fuentes del Servicio de Emergencias 112 Andaluc\u00eda han detallado a Europa Press que el aviso lleg\u00f3 sobre las 03.10 horas de la madrugada, en el que un testigo alertaba de la presencia de una mujer agredida, \u00abque <b>estaba sangrando y que ped\u00eda ayuda<\/b>\u00bb en un soportal de la citada calle.<\/p>\n<p class=\"L6-news-detail__text\">Tras este aviso, la sala coordinadora moviliz\u00f3 a efectivos de Polic\u00eda Local, Polic\u00eda Nacional y servicios del 061 para que se desplazaran hasta dicha ubicaci\u00f3n. Fuentes sanitarias han confirmado el fallecimiento de la v\u00edctima y han indicado que podr\u00eda tratarse de un presunto caso de violencia de g\u00e9nero. Por su parte, la <b><a title=\"Polic\u00eda\" href=\"https:\/\/www.lasexta.com\/temas\/policia_nacional-1\" target=\"_blank\" rel=\"nofollow noopener\">Polic\u00eda<\/a><\/b>investiga lo ocurrido para esclarecer los hechos.<\/p>\n<p class=\"L6-news-detail__text\">La vicesecretaria general del PSOE de Andaluc\u00eda, Mar\u00eda M\u00e1rquez, ha reaccionado a este suceso en su perfil de X: \u00abEl horror de la <b><a title=\"violencia machista\" href=\"https:\/\/www.lasexta.com\/temas\/violencia_machista-1\" target=\"_blank\" rel=\"nofollow noopener\">violencia machista<\/a><\/b> no puede tener cabida en nuestra sociedad. Una mujer asesinada, una familia destrozada, el resultado de una sinraz\u00f3n que nunca vamos a aceptar, ni mucho menos blanquear. <b>Basta ya<\/b>\u00ab.<\/p>\n<p class=\"L6-news-detail__text\">Por su parte, el alcalde de Sevilla, Jos\u00e9 Luis Sanz, ha condenado el asesinato de la v\u00edctima, tambi\u00e9n en sus rede sociales: \u00ab<b>Consternado ante el terrible suceso<\/b> acontecido hoy en Sevilla Este, con el que quiero trasladar mi m\u00e1s absoluta condena por este asesinato\u00bb.<\/p>\n<p class=\"L6-news-detail__text\">El subdelegado del Gobierno en Sevilla, <b>Francisco Toscano<\/b>, ha indicado que \u00aba expensas de la continuidad de la investigaci\u00f3n y con la prudencia debida en este tipo de casos, la principal hip\u00f3tesis con la que trabajan las fuerzas y cuerpos de seguridad del Estado es que podr\u00eda tratarse de un asesinato machista\u00bb.<\/p>\n<p class=\"L6-news-detail__text\">A su vez, ha precisado que \u00abno consta que existieran <b>denuncias previas<\/b> ni medidas de protecci\u00f3n judicial para la v\u00edctima en este momento; no obstante, por episodios anteriores de violencia en los que se podr\u00eda haber visto envuelta esta mujer, s\u00ed ten\u00eda expediente abierto en el sistema Viogen\u00bb.<\/p>\n<p>&#8216;016&#8217;, tel\u00e9fono contra la violencia machista<\/p>\n<p class=\"L6-news-detail__text\">El tel\u00e9fono &#8216;016&#8217; atiende a todas las v\u00edctimas de violencia machista las 24 horas del d\u00eda y en 52 idiomas diferentes, al igual que el correo 016-online@igualdad.gob.es. Tambi\u00e9n se presta atenci\u00f3n mediante WhatsApp a trav\u00e9s del n\u00famero 600000016, y los menores pueden dirigirse al tel\u00e9fono de la Fundaci\u00f3n ANAR 900 20 20 10.<\/p>\n<p class=\"L6-news-detail__text\">En una situaci\u00f3n de emergencia, se puede llamar al 112 o a los tel\u00e9fonos de la Polic\u00eda Nacional (091) y de la Guardia Civil (062), y en caso de ser imposible realizar una llamada, se puede recurrir a la aplicaci\u00f3n ALERTCOPS, desde la que se env\u00eda una se\u00f1al de alerta a la Polic\u00eda con geolocalizaci\u00f3n.<\/p>\n<p class=\"L6-news-detail__text\"><b><a title=\"*Sigue a laSexta en Google. Toda la actualidad y el mejor contenido aqu\u00ed.\" href=\"https:\/\/profile.google.com\/cp\/CgkvbS8wZG5xejA\" target=\"_blank\" rel=\"nofollow noopener\">*Sigue a laSexta en Google. Toda la actualidad y el mejor contenido aqu\u00ed.<\/a><\/b><\/p>\n<p class=\"L6-support-news-video__title\">Mercado inmobiliario<\/p>\n<p>            <a href=\"https:\/\/www.lasexta.com\/noticias\/sociedad\/carrera-comprar-casa-cuatro-cada-diez-personas-adquieren-viviendas-haberlas-visto_2025092768d820ec3ce0ad1de880e445.html\" class=\"L6-news__link\" rel=\"nofollow noopener\" target=\"_blank\"><br \/>\n                La carrera por comprar una casa: cuatro de cada diez personas adquieren viviendas sin haberlas visto<\/p>\n<p class=\"recirculation-video-desc\">Los detalles En l\u00edneas generales, estos compradores consiguen las casas para invertir, por lo que su presencia en el mercado dificulta todav\u00eda m\u00e1s a las personas que la quieren para vivir.<\/p>\n<p>            <\/a><\/p>\n","protected":false},"excerpt":{"rendered":"Un hombre de 21 a\u00f1os ha asesinado presuntamente a su pareja, de 28, en Sevilla este domingo tras&hellip;\n","protected":false},"author":2,"featured_media":144566,"comment_status":"","ping_status":"","sticky":false,"template":"","format":"standard","meta":{"footnotes":""},"categories":[8],"tags":[17,18,25,24,13,14,11,19,20,9,10,15,16,23,12,21,22],"class_list":{"0":"post-144565","1":"post","2":"type-post","3":"status-publish","4":"format-standard","5":"has-post-thumbnail","7":"category-espana","8":"tag-breaking-news","9":"tag-breakingnews","10":"tag-es","11":"tag-espana","12":"tag-featured-news","13":"tag-featurednews","14":"tag-headlines","15":"tag-latest-news","16":"tag-latestnews","17":"tag-news","18":"tag-noticias","19":"tag-noticias-destacadas","20":"tag-noticiasdestacadas","21":"tag-spain","22":"tag-titulares","23":"tag-ultimas-noticias","24":"tag-ultimasnoticias"},"share_on_mastodon":{"url":"","error":""},"_links":{"self":[{"href":"https:\/\/www.europesays.com\/es\/wp-json\/wp\/v2\/posts\/144565","targetHints":{"allow":["GET"]}}],"collection":[{"href":"https:\/\/www.europesays.com\/es\/wp-json\/wp\/v2\/posts"}],"about":[{"href":"https:\/\/www.europesays.com\/es\/wp-json\/wp\/v2\/types\/post"}],"author":[{"embeddable":true,"href":"https:\/\/www.europesays.com\/es\/wp-json\/wp\/v2\/users\/2"}],"replies":[{"embeddable":true,"href":"https:\/\/www.europesays.com\/es\/wp-json\/wp\/v2\/comments?post=144565"}],"version-history":[{"count":0,"href":"https:\/\/www.europesays.com\/es\/wp-json\/wp\/v2\/posts\/144565\/revisions"}],"wp:featuredmedia":[{"embeddable":true,"href":"https:\/\/www.europesays.com\/es\/wp-json\/wp\/v2\/media\/144566"}],"wp:attachment":[{"href":"https:\/\/www.europesays.com\/es\/wp-json\/wp\/v2\/media?parent=144565"}],"wp:term":[{"taxonomy":"category","embeddable":true,"href":"https:\/\/www.europesays.com\/es\/wp-json\/wp\/v2\/categories?post=144565"},{"taxonomy":"post_tag","embeddable":true,"href":"https:\/\/www.europesays.com\/es\/wp-json\/wp\/v2\/tags?post=144565"}],"curies":[{"name":"wp","href":"https:\/\/api.w.org\/{rel}","templated":true}]}}