{"id":144569,"date":"2025-09-28T16:12:10","date_gmt":"2025-09-28T16:12:10","guid":{"rendered":"https:\/\/www.europesays.com\/es\/144569\/"},"modified":"2025-09-28T16:12:10","modified_gmt":"2025-09-28T16:12:10","slug":"el-zamora-cf-se-gusta-ante-la-ad-merida-y-asalta-el-play-off","status":"publish","type":"post","link":"https:\/\/www.europesays.com\/es\/144569\/","title":{"rendered":"El Zamora CF se gusta ante la AD M\u00e9rida y asalta el play-off"},"content":{"rendered":"<p class=\"ft-text\">Ni la hora de la siesta en la que se disput\u00f3 el partido, ni las urgencias con las que llegaba la AD M\u00e9rida fueron superiores a las ganas del Zamora CF de sumar su segunda victoria consecutiva y rubricar una victoria holgada con la que hacer disfrutar a su afici\u00f3n y tomar posiciones en la clasificaci\u00f3n. Eso lograron los rojiblancos que firmaron una rotunda victoria con <strong>goles de Eslava, Kike M\u00e1rquez y Markel para asaltar, por fin, la zona de play-off.<\/strong><\/p>\n<p class=\"ft-text\">Los de <strong>Juan Sabas<\/strong> eran conscientes de la importancia de arrancar de una vez por todas en la Liga y no abrir m\u00e1s distancia con la zona privilegiada, y para ello lo \u00fanico que les val\u00eda era la victoria. Desde el inicio se vio esa intenci\u00f3n y esas ganas de presionar arriba ante un oponente que, a pesar de sus objetivos iniciales, estaba firmando un comienzo de campeonato muy irregular, y de eso se quer\u00edan valer los locales. No defraud\u00f3 el ZCF que a las primeras de cambio despert\u00f3 los primeros aplausos del p\u00fablico con un gran bal\u00f3n de Ramos a Eslava que no acert\u00f3 en el control. La idea era buena, pero se fall\u00f3 en la ejecuci\u00f3n y era importante seguir en esa misma l\u00ednea.\u00a0Enfrente, la AD M\u00e9rida tuvo sus mejores oportunidades a bal\u00f3n parado con faltas bien defendidas por la zaga zamorana que se manten\u00eda en alerta. As\u00ed se cumplieron los primeros diez minutos de partido con un cuadro local que deb\u00eda dar un paso m\u00e1s y evitar errores que dieran aire a unos oponentes bien liderados por Doncel, que estaba siendo protagonista en el ataque visitante, al igual que su \u201c9\u201d, \u00c1lvaro, que estuvo cerca de liarla con un disparo que Athuman tapon\u00f3 para enviar a c\u00f3rner.<\/p>\n<p class=\"ft-text\">El \u00edmpetu inicial de los zamoranos ya no era tan claro y enfrente la AD M\u00e9rida empezaba a llegar con demasiada facilidad a las inmediaciones de Ferm\u00edn Sobr\u00f3n. Los locales trataban de desatascarse, pero la falta de continuidad en el juego no les ayudaba, y a\u00fan as\u00ed el gol parec\u00eda estar cerca.<strong> Lo intent\u00f3 Eslava con un remate que desvi\u00f3 un defensa, pero a la segunda el killer rojiblanco s\u00ed sac\u00f3 petr\u00f3leo de un error visitante en la salida de bal\u00f3n para poner el 1-0. <\/strong>Lo m\u00e1s dif\u00edcil parec\u00eda hecho y el tanto del actual pichichi insufl\u00f3 ox\u00edgeno al equipo que fue a por m\u00e1s, pero los visitantes tampoco iban ya a regalar los 3 puntos.<\/p>\n<p class=\"ft-text\">Digerido el gol en contra el cuadro emeritense buscaba reaccionar a la contra, pero el Zamora estaba lanzado encerrando a su rival en busca de un segundo que inexplicablemente no lleg\u00f3 en una sucesi\u00f3n de balones a la olla que los pupilos de Sabas no fueron capaces de colar hasta dentro. Al menos el dominio era incuestionable con continuas llegadas y centros al \u00e1rea que no encontraban remate, como s\u00ed se vio entre los oponentes con <strong>una intentona del \u00c1lvaro que permiti\u00f3 a Ferm\u00edn lucirse con una mano imposible con la que evit\u00f3 el empate<\/strong>. Se lleg\u00f3 al final de la primera mitad con un dominio est\u00e9ril que no convirtieron en el segundo dejando el choque demasiado abierto.<\/p>\n<p><img decoding=\"async\" src=\"https:\/\/www.europesays.com\/es\/wp-content\/uploads\/2025\/09\/2390b2b7-0839-4361-bf41-1398568e4afe_alta-libre-aspect-ratio_default_0.jpg\" width=\"1200\" height=\"800\" alt=\"El Zamora CF celebra el gol de Eslava ante la AD M\u00e9rida\" class=\"ft-helper-img-rd\" loading=\"lazy\" hasdataaida=\"true\"\/><\/p>\n<p class=\"ft-helper-fontColor-quaternary ft-helper-fontSize-body-S ft-helper-spacer-t-xxs\">El Zamora CF celebra el gol de Eslava ante la AD M\u00e9rida  \/ J. L. F.<\/p>\n<p>Segundo tiempo en el Ruta de la Plata <\/p>\n<p class=\"ft-text\">Sin cambios entre los protagonistas se reinici\u00f3 el choque, pero era importante dar un paso m\u00e1s para \u201catar\u201d los tres puntos, y la realidad es que fue dicho y hecho. <strong>No se hab\u00edan cumplido los dos minutos de juego cuando un magn\u00edfico centro de Loren Bur\u00f3n termin\u00f3 siendo el 2-0, obra de Kike M\u00e1rquez, que se estrenaba como goleador <\/strong>en el campeonato casero. Lejos de hundirse, los visitantes quemaron naves y fueron a por todas, permitiendo a Ferm\u00edn, una tarde m\u00e1s, erigirse como uno de los h\u00e9roes de los suyos con actuaciones estelares como se pudo ver al sacar una mano imposible que evit\u00f3 el 2-1. La victoria, ahora s\u00ed, parec\u00eda dif\u00edcil que se escapara y es que llegados a la hora de partido el Zamora era absoluto dominador e, incluso, se empezaba a gustar. El juego y el f\u00fatbol mostrado por el ZCF hab\u00eda mejorado respecto a la primera mitad, ante un rival que lo intentaba con m\u00e1s coraz\u00f3n que cabeza, pero a\u00fan as\u00ed tuvo sus opciones, pero en todas ellas mor\u00eda en la orilla. Queriendo evitar que el cansancio hiciera mella, Juan Sabas inici\u00f3 el carrusel de cambios metiendo ox\u00edgeno en el verde para aguantar las embestidas rivales y evitar sorpresas. Pero el Zamora quer\u00eda m\u00e1s y era el d\u00eda de disfrutar.<strong> En un nuevo c\u00f3rner a favor, Kike M\u00e1rquez la puso al segundo palo donde se encontraba Markel que cabece\u00f3 para hacer subir al 3-0 al electr\u00f3nico. <\/strong><\/p>\n<p class=\"ft-text\">De ah\u00ed al final hubo opciones del cuarto como el que acarici\u00f3 Farrel, aunque tambi\u00e9n los visitantes buscaron el gol del honor que finalmente no lleg\u00f3. 3-0 y ahora toca ya pensar en el l\u00edder, el Tenerife, al que se visitar\u00e1 el pr\u00f3ximo s\u00e1bado.<\/p>\n<p>FICHA<\/p>\n<p class=\"ft-text\">Zamora CF: Ferm\u00edn, Athuman, Erik, Codina, Rufo, Carlos Ramos (Mario, min. 73), Markel, Loren (Merch\u00e1n, min. 68), Kike M\u00e1rquez (\u00c1lvaro Romero, min. 80), Carbonell (Jaime Sancho, min. 68) y Eslava (Farrel, min. 73).<\/p>\n<p class=\"ft-text\">AD M\u00e9rida: Adri\u00e1n, Lancho (Pareja, min. 87), Javi Dom\u00ednguez, Mart\u00edn Solar, \u00c1lvaro (Artola, min. 82), Doncel, Gaizka (Chiqui, min. 65), V\u00edctor Corral (Areso, min. 65), Pipe, Beneit y Verges (Manu Rivas, min. 82).<\/p>\n<p class=\"ft-text\">\u00c1rbitro: Javier Figueiredo. Amarilla para los visitantes Mart\u00edn Solar, Corral, y para M\u00e1rquez y Eslava.<\/p>\n<p class=\"ft-text\">Goles: 1-0 min.23 Eslava; 2-0 min. 46 Kike M\u00e1rquez; 3-0 min. 77 Markel<\/p>\n<p class=\"ft-text\">Incidencias: Partido disputado en el Ruta de la Plata, ante 2.441 espectadores.<\/p>\n","protected":false},"excerpt":{"rendered":"Ni la hora de la siesta en la que se disput\u00f3 el partido, ni las urgencias con las&hellip;\n","protected":false},"author":2,"featured_media":144570,"comment_status":"","ping_status":"","sticky":false,"template":"","format":"standard","meta":{"footnotes":""},"categories":[278],"tags":[40983,376,13103,168,25,24,9647,375,2918,7236,23,167,12353,2946,44609],"class_list":{"0":"post-144569","1":"post","2":"type-post","3":"status-publish","4":"format-standard","5":"has-post-thumbnail","7":"category-balonmano","8":"tag-ad","9":"tag-balonmano","10":"tag-cf","11":"tag-deportes","12":"tag-es","13":"tag-espana","14":"tag-gusta","15":"tag-handball","16":"tag-la-liga","17":"tag-merida","18":"tag-spain","19":"tag-sports","20":"tag-urgencias","21":"tag-zamora","22":"tag-zamora-cf"},"share_on_mastodon":{"url":"","error":""},"_links":{"self":[{"href":"https:\/\/www.europesays.com\/es\/wp-json\/wp\/v2\/posts\/144569","targetHints":{"allow":["GET"]}}],"collection":[{"href":"https:\/\/www.europesays.com\/es\/wp-json\/wp\/v2\/posts"}],"about":[{"href":"https:\/\/www.europesays.com\/es\/wp-json\/wp\/v2\/types\/post"}],"author":[{"embeddable":true,"href":"https:\/\/www.europesays.com\/es\/wp-json\/wp\/v2\/users\/2"}],"replies":[{"embeddable":true,"href":"https:\/\/www.europesays.com\/es\/wp-json\/wp\/v2\/comments?post=144569"}],"version-history":[{"count":0,"href":"https:\/\/www.europesays.com\/es\/wp-json\/wp\/v2\/posts\/144569\/revisions"}],"wp:featuredmedia":[{"embeddable":true,"href":"https:\/\/www.europesays.com\/es\/wp-json\/wp\/v2\/media\/144570"}],"wp:attachment":[{"href":"https:\/\/www.europesays.com\/es\/wp-json\/wp\/v2\/media?parent=144569"}],"wp:term":[{"taxonomy":"category","embeddable":true,"href":"https:\/\/www.europesays.com\/es\/wp-json\/wp\/v2\/categories?post=144569"},{"taxonomy":"post_tag","embeddable":true,"href":"https:\/\/www.europesays.com\/es\/wp-json\/wp\/v2\/tags?post=144569"}],"curies":[{"name":"wp","href":"https:\/\/api.w.org\/{rel}","templated":true}]}}