{"id":144587,"date":"2025-09-28T16:24:09","date_gmt":"2025-09-28T16:24:09","guid":{"rendered":"https:\/\/www.europesays.com\/es\/144587\/"},"modified":"2025-09-28T16:24:09","modified_gmt":"2025-09-28T16:24:09","slug":"que-fue-de-eduardo-garcia-la-nueva-vida-de-josemi-alejado-de-los-focos-de-la-tele","status":"publish","type":"post","link":"https:\/\/www.europesays.com\/es\/144587\/","title":{"rendered":"Qu\u00e9 fue de Eduardo Garc\u00eda: la nueva vida de &#8216;Josemi&#8217; alejado de los focos de la tele"},"content":{"rendered":"<p>\n        En la <a href=\"https:\/\/www.deia.eus\/vivir\/television\/\" title=\"televisi\u00f3n\" class=\"link copy\" rel=\"nofollow noopener\" target=\"_blank\">televisi\u00f3n<\/a> estatal de <strong>principios de los 2000 <\/strong>pocos personajes resultaron <strong>tan entra\u00f1ables<\/strong> para el p\u00fablico como <strong>Josemi<\/strong>, el hijo de los Cuesta en <strong>Aqu\u00ed no hay quien viva<\/strong>. Interpretado por <strong>Eduardo Garc\u00eda<\/strong> (30 de abril de 1992, Madrid), <strong>aquel ni\u00f1o vivaracho, contest\u00f3n y a menudo c\u00f3mplice de las discusiones vecinales<\/strong> se convirti\u00f3 en un rostro reconocible de la ficci\u00f3n.\n<\/p>\n<p class=\"article-body__text \">\n        Su carisma sigui\u00f3 derroch\u00e1ndose en la pantalla a lo largo de los a\u00f1os, ya que continu\u00f3 su andadura actoral ejecutando <strong>un papel similar al anterior<\/strong>, pero esta vez como <strong>Fran<\/strong> en <strong>La que se avecina<\/strong>. Sin embargo, a d\u00eda de hoy se conoce poco sobre <strong>la nueva vida del madrile\u00f1o<\/strong>, pues desapareci\u00f3 pr\u00e1cticamente del foco medi\u00e1tico tras finalizar su participaci\u00f3n en ambas series. \u00bfQu\u00e9 ocurri\u00f3 con aquel joven int\u00e9rprete que parec\u00eda destinado a un largo recorrido en la pantalla?\n<\/p>\n<p class=\"article-photo__footer\">\n            Eduardo Garc\u00eda naci\u00f3 en Madrid el 30 de abril de 1992, por lo que actualmente tiene 33 a\u00f1os.            Archivo        <\/p>\n<p>  Salto a la fama<\/p>\n<p class=\"article-body__text \">\n        La entrada en <strong>el mundo de la interpretaci\u00f3n <\/strong>de Eduardo Garc\u00eda se dio muy pronto. Cuando era un ni\u00f1o <strong>iba a clases de teatro <\/strong>y con apenas doce a\u00f1os fue elegido para dar vida a Josemi, el hijo de Juan Cuesta (Jos\u00e9 Luis Gil) y Paloma (Loles Le\u00f3n) en la serie <strong>Aqu\u00ed no hay quien viva<\/strong>. El personaje era la viva representaci\u00f3n del<strong> hijo rebelde en la familia media estatal<\/strong>, lo que le regal\u00f3 r\u00e1pidamente tanto las risas como el cari\u00f1o del p\u00fablico.\n<\/p>\n<p class=\"article-photo__footer\">\n            Eduardo Garc\u00eda debut\u00f3 con 12 a\u00f1os tras ser elegido para interpretar el papel de \u2018Josemi\u2019 en la exitosa serie de comedia estatal \u2018Aqu\u00ed no hay quien viva\u2019.            EFE        <\/p>\n<p class=\"article-body__text \">\n        El \u00e9xito de la <a href=\"https:\/\/www.deia.eus\/tags\/series-de-tv\/\" title=\"serie\" class=\"link copy\" rel=\"nofollow noopener\" target=\"_blank\">serie<\/a> de Antena 3 le convirti\u00f3 en<strong> una figura muy popular<\/strong>, ya que durante cinco temporadas (2003-2006) comparti\u00f3 reparto con algunos de los grandes nombres de <strong>la comedia televisiva<\/strong> estatal. En el momento en el que la serie lleg\u00f3 a su fin, parte del equipo creativo salt\u00f3 a Telecinco para formar parte de <strong>La que se avecina<\/strong>.\n<\/p>\n<p class=\"article-photo__footer\">\n            El actor madrile\u00f1o interpret\u00f3 el papel de Fran durante seis temporadas en la serie \u2018La que se avecina\u2019.            Telecinco        <\/p>\n<p class=\"article-body__text \">\n        Eduardo Garc\u00eda fue uno de los actores que participaron en esta transici\u00f3n, haci\u00e9ndose con <strong>el papel de Fran<\/strong>. El actor permaneci\u00f3 en la nueva serie de la primera a la sexta temporada (2007-2013). Una vez finalizada su participaci\u00f3n, Garc\u00eda cerr\u00f3 la etapa de su vida que le hab\u00eda convertido en<strong> un ni\u00f1o prodigio de la televisi\u00f3n<\/strong> estatal de la \u00e9poca, llegando incluso a dar las <strong>Campanadas en el a\u00f1o 2005<\/strong> junto a compa\u00f1eros del reparto en Antena 3.\n<\/p>\n<p class=\"article-photo__footer\">\n            Tal fue la popularidad de Eduardo Garc\u00eda por aquel entonces, que lleg\u00f3 a dar las Campanadas de 2005 en compa\u00f1\u00eda del reparto de \u2018Aqu\u00ed no hay quien viva\u2019.            Antena 3        <\/p>\n<p>  Nuevo rumbo musical<\/p>\n<p class=\"article-body__text \">\n        Tras <strong>dejar de lado el mundo de la interpretaci\u00f3n<\/strong>, Eduardo Garc\u00eda se fue desvinculando a menudo de la televisi\u00f3n. A medida que crec\u00eda, busc\u00f3 otros horizontes personales y profesionales, trasladando su presencia p\u00fablica a <strong>las redes sociales<\/strong>. Este camino le llev\u00f3 directamente a<strong> la m\u00fasica<\/strong>, donde Eduardo Garc\u00eda encontr\u00f3 en el rap su espacio y se uni\u00f3 al grupo <strong>LFAM Madrid<\/strong>.\n<\/p>\n<p class=\"article-body__text \">\n        En aquel entonces se identificaba como <strong>el <\/strong><strong>Dudu<\/strong> y alcanz\u00f3 un pico de fama en 2015. Uno de los <strong>youtubers<\/strong><strong> estatales m\u00e1s reconocidos, AuronPlay,<\/strong> critic\u00f3 uno de sus temas, proporcion\u00e1ndole a su grupo de m\u00fasica <strong>un apodo que se hizo famoso<\/strong> y por el que la gente comenz\u00f3 a conocerles: <strong>Los Burlaos<\/strong>.\n<\/p>\n<p class=\"article-photo__footer\">\n            Alrededor de 2015, se le conoc\u00eda como el \u2018Dudu\u2019 y formaba parte del grupo LFAM Madrid. Realiz\u00f3 una serie de v\u00eddeos en compa\u00f1\u00eda de uno de los \u2018youtubers\u2019 estatales m\u00e1s famosos.            YouTube: AuronPlay        <\/p>\n<p class=\"article-body__text \">\n        No obstante, en un v\u00eddeo de dos partes subido al mismo canal, <strong>el <\/strong><strong>youtuber<\/strong><strong> y el rapero se vieron las caras<\/strong> en el barrio del m\u00fasico, donde solucionaron sus diferencias bailando el<strong> Ruku Ruku 360<\/strong> y haciendo una visita gastron\u00f3mica al<strong> \u201cbar del Guille\u201d<\/strong>, que en hacer <strong>\u201ccarne salada es el mejor\u201d<\/strong>, seg\u00fan sus palabras.\n<\/p>\n<p class=\"article-body__text \">\n        Sin embargo, no todo fueron risas, pues Eduardo Garc\u00eda <strong>contest\u00f3 seriamente a algunas de las preguntas<\/strong> que AuronPlay le hizo sobre su infancia. <strong>\u201cSiempre he sido como soy, quien ha trabajado conmigo lo sabe\u201d<\/strong>, declar\u00f3 el joven con total honestidad frente a la c\u00e1mara.\n<\/p>\n<p>  Etapa \u2018gamer\u2019<\/p>\n<p class=\"article-body__text \">\n        Adem\u00e1s de su faceta musical, Eduardo Garc\u00eda tambi\u00e9n disfrutaba como<strong> jugador de <\/strong><strong>World of Warcraft<\/strong>, un popular <strong>videojuego multijugador<\/strong> que le trajo algo de <strong>beef <\/strong>con <strong>otro<\/strong><strong> youtuber<\/strong><strong> estatal<\/strong>, <strong>elxokas<\/strong>, al que lleg\u00f3 a denominar como<strong> \u201cuna serpiente con dos patas\u201d<\/strong>. Seg\u00fan cont\u00f3 tiempo despu\u00e9s en un p\u00f3dcast, hab\u00edan mantenido una relaci\u00f3n de amistad a trav\u00e9s del videojuego, pero el youtuber se hab\u00eda desentendido del tema cuando este hecho hab\u00eda salido a la luz p\u00fablicamente en un stream (emisi\u00f3n en directo).\u00a0\n<\/p>\n<p class=\"article-body__text \">\n        Pese a<strong> su apariencia desenfadada<\/strong>, Edu demostr\u00f3 que <strong>se hab\u00eda sentido dolido<\/strong> cuando al youtuber elxocas le hab\u00edan preguntado por \u00e9l en un stream y este no hab\u00eda dado ninguna explicaci\u00f3n contundente sobre<strong> su relaci\u00f3n de colegueo con \u00e9l<\/strong>. \u201cMy g, he llorado contigo en Discord (aplicaci\u00f3n para interactuar entre jugadores), entonces acl\u00e1rame, bro. <strong>T\u00fa lloras con un tigre en Discord, te cuentas la vida y luego te preguntan en <\/strong><strong>stream<\/strong><strong> delante de cinco mil tigres, y no le conoces&#8230;<\/strong>\u201d, se dirigi\u00f3 directamente Eduardo Garc\u00eda al streamer. No obstante, incidi\u00f3 en su intenci\u00f3n de mantenerse alejado de las pol\u00e9micas. \u201cYo en stream no me pronuncio sobre estas cosas, <strong>porque la gente lo malinterpreta<\/strong>\u201d, puntualiz\u00f3 Eduardo.\n<\/p>\n<p class=\"article-photo__footer\">\n            Eduardo Garc\u00eda ha mantenido su presencia p\u00fablica en redes sociales asistiendo a p\u00f3dcasts.            YouTube: \u2018Club 113\u2019        <\/p>\n<p class=\"article-body__text \">\n        De alg\u00fan modo, su vida se desplazaba hacia<strong> la cultura digital<\/strong>, lejos del escaparate de la televisi\u00f3n convencional, pero con presencia en \u00e1mbitos que le permit\u00edan mantener el contacto con <strong>el p\u00fablico joven<\/strong>. Durante un tiempo tras su aparici\u00f3n en internet, Eduardo Garc\u00eda mantuvo <strong>un perfil m\u00e1s discreto<\/strong> centrado en su vida personal. Fue en <strong>2022<\/strong> cuando<strong> volvi\u00f3 a la conversaci\u00f3n p\u00fablica<\/strong> gracias a su participaci\u00f3n en el mencionado p\u00f3dcast,<strong> <\/strong><a href=\"https:\/\/www.clubcientotrece.com\/\" title=\"Club 113\" rel=\"nofollow noopener\" class=\"link copy\" target=\"_blank\"><strong>Club 113<\/strong><\/a>. En este formato m\u00e1s \u00edntimo y cercano, habl\u00f3 de su trayectoria, de su relaci\u00f3n con la fama en su infancia y de c\u00f3mo hab\u00eda evolucionado desde aquellos a\u00f1os en los que se le conoc\u00eda como Josemi.\n<\/p>\n<p class=\"article-photo__footer\">\n            Escena de la serie &#8216;Aqu\u00ed no hay qui\u00e9n viva&#8217;.            Antena 3        <\/p>\n<p>  Un regreso inesperado<\/p>\n<p class=\"article-body__text \">\n        La<strong> \u00faltima sorpresa<\/strong> en la vida p\u00fablica de Eduardo Garc\u00eda lleg\u00f3 en <strong>junio de este a\u00f1o<\/strong>. Y es que durante una emisi\u00f3n del programa <strong>TardeAr <\/strong>en Telecinco, revel\u00f3 en una <strong>llamada telef\u00f3nica <\/strong>algunas de las cuestiones<strong> m\u00e1s privadas<\/strong> de su vida actual. Por lo visto, <strong>vive en un pueblo de Toledo<\/strong> en compa\u00f1\u00eda de sus padres y trabaja como <strong>camarero<\/strong>. Esto nos hace pensar que, pese a haber pasado por<strong> a\u00f1os complicados<\/strong> a lo largo de su trayectoria, Eduardo ha encontrado en el anonimato y en una rutina sencilla la estabilidad que no siempre acompa\u00f1a a quienes crecen delante de las c\u00e1maras. \u201cLlevo bastante tiempo fuera de todo esto. <strong>Tuve un tiempo que me torc\u00ed bastante, para qu\u00e9 nos vamos a enga\u00f1ar. Tampoco he sido malo&#8230;<\/strong> Las cosas no se arreglan as\u00ed, <strong>no se arreglan haciendo el gamba por ah\u00ed<\/strong>\u201d, declar\u00f3 el exactor de 33 a\u00f1os.\n<\/p>\n<p class=\"article-photo__footer\">\n            Actores de la serie &#8216;La que se avecina&#8217;.            Archivo        <\/p>\n<p class=\"article-body__text \">\n        El periodista que le entrevist\u00f3, <strong>\u00c1lex \u00c1lvarez<\/strong>, explic\u00f3 en el plat\u00f3 del programa que Eduardo Garc\u00eda le hab\u00eda contado que <strong>hab\u00eda intentado ponerse en contacto con algunos antiguos compa\u00f1eros de <\/strong><strong>La que se avecina<\/strong><strong>, pero estos no le hab\u00edan contestado<\/strong>. Es probable que su salida de la televisi\u00f3n fuese un c\u00famulo de acontecimientos, una decisi\u00f3n que a d\u00eda de hoy le ha llevado a sobrellevar una situaci\u00f3n financiera complicada. No obstante, por lo visto, <strong>\u201cest\u00e1 intentando volver a la interpretaci\u00f3n\u201d<\/strong>.\n<\/p>\n<p class=\"article-body__text \">\n        La historia de Eduardo Garc\u00eda es, en cierta forma, la de<strong> una generaci\u00f3n de int\u00e9rpretes que conocieron la popularidad demasiado pronto<\/strong>. De haber sido el m\u00e1s joven hasta la fecha en dar las Campanadas en 2005 a trabajar veinte a\u00f1os despu\u00e9s en el mundo de la hosteler\u00eda, su cambio refleja<strong> las idas y venidas a las que ha tenido que enfrentarse<\/strong>. No obstante y, sin renegar de su pasado, el polifac\u00e9tico Eduardo Garc\u00eda contin\u00faa con <strong>una vida menos medi\u00e1tica, pero no por ello menos valiosa<\/strong>.<\/p>\n","protected":false},"excerpt":{"rendered":"En la televisi\u00f3n estatal de principios de los 2000 pocos personajes resultaron tan entra\u00f1ables para el p\u00fablico como&hellip;\n","protected":false},"author":2,"featured_media":144588,"comment_status":"","ping_status":"","sticky":false,"template":"","format":"standard","meta":{"footnotes":""},"categories":[171],"tags":[44615,44614,146,147,25,24,20582,28008,23,807,214],"class_list":{"0":"post-144587","1":"post","2":"type-post","3":"status-publish","4":"format-standard","5":"has-post-thumbnail","7":"category-tv","8":"tag-josemi","9":"tag-eduardo-garcia","10":"tag-entertainment","11":"tag-entretenimiento","12":"tag-es","13":"tag-espana","14":"tag-focos","15":"tag-nueva-vida","16":"tag-spain","17":"tag-television","18":"tag-tv"},"share_on_mastodon":{"url":"","error":""},"_links":{"self":[{"href":"https:\/\/www.europesays.com\/es\/wp-json\/wp\/v2\/posts\/144587","targetHints":{"allow":["GET"]}}],"collection":[{"href":"https:\/\/www.europesays.com\/es\/wp-json\/wp\/v2\/posts"}],"about":[{"href":"https:\/\/www.europesays.com\/es\/wp-json\/wp\/v2\/types\/post"}],"author":[{"embeddable":true,"href":"https:\/\/www.europesays.com\/es\/wp-json\/wp\/v2\/users\/2"}],"replies":[{"embeddable":true,"href":"https:\/\/www.europesays.com\/es\/wp-json\/wp\/v2\/comments?post=144587"}],"version-history":[{"count":0,"href":"https:\/\/www.europesays.com\/es\/wp-json\/wp\/v2\/posts\/144587\/revisions"}],"wp:featuredmedia":[{"embeddable":true,"href":"https:\/\/www.europesays.com\/es\/wp-json\/wp\/v2\/media\/144588"}],"wp:attachment":[{"href":"https:\/\/www.europesays.com\/es\/wp-json\/wp\/v2\/media?parent=144587"}],"wp:term":[{"taxonomy":"category","embeddable":true,"href":"https:\/\/www.europesays.com\/es\/wp-json\/wp\/v2\/categories?post=144587"},{"taxonomy":"post_tag","embeddable":true,"href":"https:\/\/www.europesays.com\/es\/wp-json\/wp\/v2\/tags?post=144587"}],"curies":[{"name":"wp","href":"https:\/\/api.w.org\/{rel}","templated":true}]}}