{"id":144603,"date":"2025-09-28T16:33:09","date_gmt":"2025-09-28T16:33:09","guid":{"rendered":"https:\/\/www.europesays.com\/es\/144603\/"},"modified":"2025-09-28T16:33:09","modified_gmt":"2025-09-28T16:33:09","slug":"un-toro-embolado-mantiene-en-vilo-a-jerica-tras-huir-y-refugiarse-en-el-monte","status":"publish","type":"post","link":"https:\/\/www.europesays.com\/es\/144603\/","title":{"rendered":"Un toro embolado mantiene en vilo a J\u00e9rica tras huir y refugiarse en el monte"},"content":{"rendered":"<p><img loading=\"lazy\" decoding=\"async\" width=\"337\" height=\"329\" src=\"https:\/\/www.europesays.com\/es\/wp-content\/uploads\/2025\/09\/captura-de-pantalla-2025-09-28-a-las-11.08.59.png\" alt=\"\" title=\"Captura de pantalla 2025-09-28 a las 11.08.59\"   class=\"wp-image-97603\"\/><a class=\"wppaslink\" href=\"https:\/\/www.infopalancia.com?pasID=ODkxNDY=&amp;pasZONE=ODkxNDg=\" target=\"_blank\" rel=\"nofollow noopener\"><img decoding=\"async\" src=\"https:\/\/www.infopalancia.com\/wp-content\/uploads\/2023\/12\/tanatorio.jpg?pas=7153913222509281633\" alt=\"TANATORIO SEGORVALL\" border=\"0\"\/><\/a><\/p>\n<p>\u00a0<\/p>\n<p class=\"ds-markdown-paragraph\">La tradici\u00f3n y el imprevisto se dieron cita este s\u00e1bado en J\u00e9rica. Lo que comenz\u00f3 como una celebraci\u00f3n en honor a la Divina Pastora con un toro embolado como protagonista, deriv\u00f3 en una noche de tensi\u00f3n que se prolonga hasta hoy. El animal, con las tradicionales bolas de fuego en los cuernos, logr\u00f3 escapar del recinto taurino improvisado sobre las 23:00 horas, atraves\u00f3 varias calles del municipio y encontr\u00f3 refugio en la espesura del monte, donde un operativo de b\u00fasqueda trata de localizarlo desde entonces.<\/p>\n<p class=\"ds-markdown-paragraph\">La fuga qued\u00f3 registrada en varios v\u00eddeos que no tardaron en circular por redes sociales. Las im\u00e1genes son elocuentes: el toro, en un envite, empuja y derriba una parte del vallado del coso. El p\u00fablico, que moments antes observaba la escena, se dispersa con rapidez entre gritos de sorpresa y alarma. Sin que nada ni nadie se interpusiera en su camino, el astado cruz\u00f3 parte del casco urbano hasta alcanzar terreno abierto y perderse finalmente en una zona de densa vegetaci\u00f3n cercana al municipio.<\/p>\n<p>\u00a0<\/p>\n<p class=\"ds-markdown-paragraph\">De inmediato, la Guardia Civil y el Ayuntamiento de J\u00e9rica activaron un dispositivo de b\u00fasqueda en el que participan agentes municipales, voluntarios y personal con experiencia espec\u00edfica en el manejo de reses bravas. Sin embargo, la orograf\u00eda del terreno y la espesura de la maleza est\u00e1n complicando sobremanera las labores, seg\u00fan han podido confirmar fuentes del operativo. El animal ha sido localizado en diferentes puntos de la zona boscosa, pero hasta el momento ha logrado eludir su captura.<\/p>\n<p class=\"ds-markdown-paragraph\">Las mismas fuentes oficiales han querido lanzar un mensaje de tranquilidad. Hasta el momento, no se han registrado heridos ni da\u00f1os materiales de relevancia. No obstante, las autoridades han hecho un llamamiento a la poblaci\u00f3n para que evite acercarse a las \u00e1reas donde se est\u00e1 realizando la b\u00fasqueda y mantenga la calma.<\/p>\n<p class=\"ds-markdown-paragraph\">Este incidente en J\u00e9rica no es un caso aislado. En los \u00faltimos meses, la provincia de Castell\u00f3n ha vivido al menos otros dos episodios muy similares, donde reses han logrado escapar durante su transporte o en el transcurso de eventos taurinos. Una recurrencia que pone el foco en los protocolos de seguridad y que convierte la persecuci\u00f3n de este toro de fuego en un asunto de especial preocupaci\u00f3n para las autoridades, empe\u00f1adas en que la an\u00e9cdota no derive en una desgracia.<\/p>\n","protected":false},"excerpt":{"rendered":"\u00a0 La tradici\u00f3n y el imprevisto se dieron cita este s\u00e1bado en J\u00e9rica. Lo que comenz\u00f3 como una&hellip;\n","protected":false},"author":2,"featured_media":144604,"comment_status":"","ping_status":"","sticky":false,"template":"","format":"standard","meta":{"footnotes":""},"categories":[8],"tags":[17,18,25,24,13,14,11,19,20,9,10,15,16,23,12,21,22],"class_list":{"0":"post-144603","1":"post","2":"type-post","3":"status-publish","4":"format-standard","5":"has-post-thumbnail","7":"category-espana","8":"tag-breaking-news","9":"tag-breakingnews","10":"tag-es","11":"tag-espana","12":"tag-featured-news","13":"tag-featurednews","14":"tag-headlines","15":"tag-latest-news","16":"tag-latestnews","17":"tag-news","18":"tag-noticias","19":"tag-noticias-destacadas","20":"tag-noticiasdestacadas","21":"tag-spain","22":"tag-titulares","23":"tag-ultimas-noticias","24":"tag-ultimasnoticias"},"share_on_mastodon":{"url":"","error":""},"_links":{"self":[{"href":"https:\/\/www.europesays.com\/es\/wp-json\/wp\/v2\/posts\/144603","targetHints":{"allow":["GET"]}}],"collection":[{"href":"https:\/\/www.europesays.com\/es\/wp-json\/wp\/v2\/posts"}],"about":[{"href":"https:\/\/www.europesays.com\/es\/wp-json\/wp\/v2\/types\/post"}],"author":[{"embeddable":true,"href":"https:\/\/www.europesays.com\/es\/wp-json\/wp\/v2\/users\/2"}],"replies":[{"embeddable":true,"href":"https:\/\/www.europesays.com\/es\/wp-json\/wp\/v2\/comments?post=144603"}],"version-history":[{"count":0,"href":"https:\/\/www.europesays.com\/es\/wp-json\/wp\/v2\/posts\/144603\/revisions"}],"wp:featuredmedia":[{"embeddable":true,"href":"https:\/\/www.europesays.com\/es\/wp-json\/wp\/v2\/media\/144604"}],"wp:attachment":[{"href":"https:\/\/www.europesays.com\/es\/wp-json\/wp\/v2\/media?parent=144603"}],"wp:term":[{"taxonomy":"category","embeddable":true,"href":"https:\/\/www.europesays.com\/es\/wp-json\/wp\/v2\/categories?post=144603"},{"taxonomy":"post_tag","embeddable":true,"href":"https:\/\/www.europesays.com\/es\/wp-json\/wp\/v2\/tags?post=144603"}],"curies":[{"name":"wp","href":"https:\/\/api.w.org\/{rel}","templated":true}]}}