{"id":144605,"date":"2025-09-28T16:34:07","date_gmt":"2025-09-28T16:34:07","guid":{"rendered":"https:\/\/www.europesays.com\/es\/144605\/"},"modified":"2025-09-28T16:34:07","modified_gmt":"2025-09-28T16:34:07","slug":"proteccion-civil-ciudad-real-reconocida-por-el-ayuntamiento-de-torrent-por-su-labor-durante-la-dana","status":"publish","type":"post","link":"https:\/\/www.europesays.com\/es\/144605\/","title":{"rendered":"Protecci\u00f3n Civil Ciudad Real reconocida por el Ayuntamiento de Torrent por su labor durante la DANA"},"content":{"rendered":"<dl class=\"article-info\">\n<dt class=\"article-info-term\"\/>\n<dd class=\"published\">\n\t\t\t\t\t Publicado: 28 Septiembre 2025\t\t\t\t<\/dd>\n<\/dl>\n<p>\t\t\t<a class=\"modal thumbnail\" href=\"https:\/\/www.europesays.com\/es\/wp-content\/uploads\/2025\/09\/Miembros_de_la_Agrupaci\u00f3n_de_PC_CR_con_la_alcaldesa_Amparo_Folgado.jpg\"><img decoding=\"async\" src=\"https:\/\/www.europesays.com\/es\/wp-content\/uploads\/2025\/09\/Miembros_de_la_Agrupaci\u00f3n_de_PC_CR_con_la_alcaldesa_Amparo_Folgado.jpg\" alt=\"\"\/><\/a><\/p>\n<p>El jefe de Protecci\u00f3n Civil Ciudad Real, Alfonso Blanco, junto con otros integrantes de la agrupaci\u00f3n, se desplaz\u00f3 hasta Torrent para recoger el reconocimiento en nombre de todo el equipo.<\/p>\n<p>La Agrupaci\u00f3n de Voluntarios de Protecci\u00f3n Civil de Ciudad Real, ha recibido el reconocimiento del Ayuntamiento de Torrent por la ayuda prestada durante los episodios de la DANA que afect\u00f3 a la Comunidad Valenciana en noviembre de 2024.<\/p>\n<p>Con motivo de la celebraci\u00f3n del D\u00eda de la Polic\u00eda Local de Torrent, miembros de Protecci\u00f3n Civil Ciudad Real asistieron al acto oficial de imposici\u00f3n de condecoraciones, en el que recibieron un reconocimiento especial por su colaboraci\u00f3n en las labores de emergencia y apoyo a la ciudadan\u00eda durante aquellas jornadas.<\/p>\n<p>El jefe de Protecci\u00f3n Civil Ciudad Real, Alfonso Blanco, junto con otros integrantes de la agrupaci\u00f3n, se desplaz\u00f3 hasta Torrent para recoger el reconocimiento en nombre de todo el equipo.<\/p>\n<p>El Ayuntamiento de Ciudad Real ha querido destacar la importancia de este homenaje, que supone un orgullo no s\u00f3lo por el trabajo que la agrupaci\u00f3n realiza en la capital, sino tambi\u00e9n por la labor desarrollada fuera de nuestras fronteras locales cuando la solidaridad y la ayuda son necesarias.<\/p>\n<p>El concejal de Seguridad Ciudadana, Miguel Herv\u00e1s, ha se\u00f1alado, \u201cdesde el Consistorio se ha puesto en valor el esfuerzo, la entrega y la profesionalidad de los voluntarios de Protecci\u00f3n Civil, que representan un ejemplo de compromiso con la sociedad y con el servicio p\u00fablico\u201d.<\/p>\n","protected":false},"excerpt":{"rendered":"Publicado: 28 Septiembre 2025 El jefe de Protecci\u00f3n Civil Ciudad Real, Alfonso Blanco, junto con otros integrantes de&hellip;\n","protected":false},"author":2,"featured_media":144606,"comment_status":"","ping_status":"","sticky":false,"template":"","format":"standard","meta":{"footnotes":""},"categories":[5],"tags":[4071,1250,17,18,777,1940,5509,25,24,13,14,11,19,20,9,10,15,16,5510,23,12,5067,4664,21,22],"class_list":{"0":"post-144605","1":"post","2":"type-post","3":"status-publish","4":"format-standard","5":"has-post-thumbnail","7":"category-titulares","8":"tag-agenda","9":"tag-ayuntamiento","10":"tag-breaking-news","11":"tag-breakingnews","12":"tag-ciudad","13":"tag-ciudad-real","14":"tag-empleo","15":"tag-es","16":"tag-espana","17":"tag-featured-news","18":"tag-featurednews","19":"tag-headlines","20":"tag-latest-news","21":"tag-latestnews","22":"tag-news","23":"tag-noticias","24":"tag-noticias-destacadas","25":"tag-noticiasdestacadas","26":"tag-promocion-economica","27":"tag-spain","28":"tag-titulares","29":"tag-tramites","30":"tag-turismo","31":"tag-ultimas-noticias","32":"tag-ultimasnoticias"},"share_on_mastodon":{"url":"","error":""},"_links":{"self":[{"href":"https:\/\/www.europesays.com\/es\/wp-json\/wp\/v2\/posts\/144605","targetHints":{"allow":["GET"]}}],"collection":[{"href":"https:\/\/www.europesays.com\/es\/wp-json\/wp\/v2\/posts"}],"about":[{"href":"https:\/\/www.europesays.com\/es\/wp-json\/wp\/v2\/types\/post"}],"author":[{"embeddable":true,"href":"https:\/\/www.europesays.com\/es\/wp-json\/wp\/v2\/users\/2"}],"replies":[{"embeddable":true,"href":"https:\/\/www.europesays.com\/es\/wp-json\/wp\/v2\/comments?post=144605"}],"version-history":[{"count":0,"href":"https:\/\/www.europesays.com\/es\/wp-json\/wp\/v2\/posts\/144605\/revisions"}],"wp:featuredmedia":[{"embeddable":true,"href":"https:\/\/www.europesays.com\/es\/wp-json\/wp\/v2\/media\/144606"}],"wp:attachment":[{"href":"https:\/\/www.europesays.com\/es\/wp-json\/wp\/v2\/media?parent=144605"}],"wp:term":[{"taxonomy":"category","embeddable":true,"href":"https:\/\/www.europesays.com\/es\/wp-json\/wp\/v2\/categories?post=144605"},{"taxonomy":"post_tag","embeddable":true,"href":"https:\/\/www.europesays.com\/es\/wp-json\/wp\/v2\/tags?post=144605"}],"curies":[{"name":"wp","href":"https:\/\/api.w.org\/{rel}","templated":true}]}}