{"id":144619,"date":"2025-09-28T16:44:09","date_gmt":"2025-09-28T16:44:09","guid":{"rendered":"https:\/\/www.europesays.com\/es\/144619\/"},"modified":"2025-09-28T16:44:09","modified_gmt":"2025-09-28T16:44:09","slug":"la-peticion-expresa-de-su-familia-y-la-ultima-voluntad-de-la-actriz","status":"publish","type":"post","link":"https:\/\/www.europesays.com\/es\/144619\/","title":{"rendered":"la petici\u00f3n expresa de su familia y la \u00faltima voluntad de la actriz"},"content":{"rendered":"<p class=\"paragraph\" id=\"paragraph_1\">Este martes, 30 de septiembre, la <strong>iglesia de Saint<\/strong>&#8211;<strong>Roch<\/strong>, ubicada en el coraz\u00f3n de Par\u00eds y a escasos metros del <strong>Louvre<\/strong>, acoger\u00e1 el funeral de <strong>Claudia Cardinale<\/strong>, una de las grandes divas del cine europeo, fallecida el pasado 23 de septiembre,<strong> a los 87 a\u00f1os<\/strong>.<\/p>\n<p class=\"paragraph\" id=\"paragraph_2\">La ceremonia, prevista para las 14:30 horas -12:30 GMT-, ser\u00e1 el primer acto de despedida oficial a una figura que marc\u00f3 una \u00e9poca dorada. Posteriormente, <strong>la actriz ser\u00e1 incinerada en la m\u00e1s estricta intimidad familiar<\/strong>, seg\u00fan ha confirmado su agencia de representaci\u00f3n.<\/p>\n<p class=\"paragraph\" id=\"paragraph_3\">\u00c9sa era su \u00faltima voluntad y su familia la va a cumplir. La iglesia de Saint-Roch, conocida por acoger funerales de personalidades del mundo cultural franc\u00e9s, <strong>ser\u00e1 el escenario de este \u00faltimo homenaje p\u00fablico<\/strong>.<\/p>\n<p><img loading=\"lazy\" decoding=\"async\" alt=\"La gran tragedia de Claudia Cardinale: su hijo naci\u00f3 de una violaci\u00f3n e hizo creer a todos que era su hermano peque\u00f1o\" height=\"180\" src=\"https:\/\/www.europesays.com\/es\/wp-content\/uploads\/2025\/09\/1003743938574_258954262_320x180.jpg\" width=\"320\" data-lazy-status=\"processed\" data-lazy-info=\"remove loading item 1\"\/><\/p>\n<p><img decoding=\"async\" alt=\"Claudia Cardinale, en un acto p\u00fablico en 2022.\" data-imgm=\"true\" height=\"180\" loading=\"lazy\"  src=\"https:\/\/www.europesays.com\/es\/wp-content\/uploads\/2025\/09\/1003743944867_259042692_1024x576.jpg\"  width=\"320\"\/><\/p>\n<p>                                                            Claudia Cardinale, en un acto p\u00fablico en 2022.<\/p>\n<p>                    Gtres<\/p>\n<p class=\"paragraph\" id=\"paragraph_4\">Aunque no se ha confirmado si la ceremonia ser\u00e1 abierta al p\u00fablico, <strong>se espera la presencia de familiares<\/strong>, <strong>amigos cercanos y figuras del cine que compartieron trayectoria<\/strong> con Cardinale.<\/p>\n<p class=\"paragraph\" id=\"paragraph_5\">La familia ha solicitado expresamente que <strong>no se env\u00eden flores ni recuerdos<\/strong>, invitando en su lugar a realizar <strong>donaciones<\/strong> a la Fondazione Claudia Cardinale, creada por la actriz junto a su hija para apoyar a j\u00f3venes artistas en Nemours, localidad al sur de Par\u00eds donde resid\u00eda.<\/p>\n<p class=\"paragraph\" id=\"paragraph_6\">Nacida en <strong>T\u00fanez<\/strong> en 1938, Claudia Cardinale<strong> se convirti\u00f3 en icono del cine italiano en los a\u00f1os 60<\/strong>, gracias a su belleza mediterr\u00e1nea, su voz inconfundible y una presencia magn\u00e9tica que conquist\u00f3 a los m\u00e1s grandes directores de la \u00e9poca.<\/p>\n<p class=\"paragraph\" id=\"paragraph_7\">Fue musa de<strong> Luchino Visconti<\/strong>, con quien rod\u00f3 Il Gattopardo (1963), compartiendo pantalla con <strong>Burt Lancaster<\/strong> y<strong> Alain Delon<\/strong> en una de las obras maestras del cine europeo.<\/p>\n<p class=\"paragraph\" id=\"paragraph_8\">Tambi\u00e9n trabaj\u00f3 con <strong>Federico Fellini<\/strong> en 8\u00bd, donde encarn\u00f3 el ideal femenino del director, y con <strong>Sergio Leone<\/strong> en el western C\u2019era una volta il West (1968), junto a <strong>Henry Fonda<\/strong> y <strong>Charles Bronson<\/strong>.<\/p>\n<p><img decoding=\"async\" alt=\"La legendaria actriz, en una instant\u00e1nea tomada en 2016, en M\u00f3naco.\" data-imgm=\"true\" height=\"1152\" loading=\"lazy\"  src=\"https:\/\/www.europesays.com\/es\/wp-content\/uploads\/2025\/09\/1003743944868_259042715_960x1706.jpg\"  width=\"648\"\/><\/p>\n<p>                                                            La legendaria actriz, en una instant\u00e1nea tomada en 2016, en M\u00f3naco.<\/p>\n<p>                    Gtres<\/p>\n<p class=\"paragraph\" id=\"paragraph_9\">Su talento traspas\u00f3 fronteras y lleg\u00f3 a Hollywood, donde particip\u00f3 en pel\u00edculas como The Pink Panther (1963), dirigida por<strong> Blake Edwards<\/strong>, compartiendo escena con <strong>Peter Sellers<\/strong> y <strong>David Niven<\/strong>.<\/p>\n<p class=\"paragraph\" id=\"paragraph_10\">A lo largo de su carrera, Cardinale rod\u00f3 m\u00e1s de <strong>150 pel\u00edculas<\/strong>, consolidando una filmograf\u00eda que abarca desde el cine de autor hasta grandes producciones internacionales. El mi\u00e9rcoles 1 de octubre, <strong>Cardinale recibir\u00e1 una segunda ceremonia religiosa en Nemours<\/strong>, localidad donde hab\u00eda fijado su residencia en los \u00faltimos a\u00f1os.<\/p>\n<p class=\"paragraph\" id=\"paragraph_11\">All\u00ed, en la iglesia de <strong>Saint<\/strong>&#8211;<strong>Jean<\/strong>&#8211;<strong>Baptiste<\/strong>, se celebrar\u00e1 un acto \u00edntimo, reservado a sus seres m\u00e1s cercanos. Nemours fue el refugio de la actriz en su etapa final, un lugar donde vivi\u00f3 \u00abde forma sencilla y humilde, tal y como era ella\u00bb, seg\u00fan ha declarado su hija, <strong>Claudia Squitieri<\/strong>.<\/p>\n<p class=\"paragraph\" id=\"paragraph_12\">La actriz comparti\u00f3 sus \u00faltimos a\u00f1os con su hija, disfrutando de la vida cotidiana, de las fiestas locales y de la actividad cultural que promov\u00eda desde su fundaci\u00f3n.<\/p>\n<p class=\"paragraph\" id=\"paragraph_13\">\u00ab<strong>Estoy muy feliz de haber podido compartir estos \u00faltimos a\u00f1os con ella<\/strong>\u00ab, ha expresado Squitieri, quien tambi\u00e9n destaca que su madre \u00abfue feliz aqu\u00ed\u00bb.<\/p>\n<p class=\"paragraph\" id=\"paragraph_14\">A diferencia de otras estrellas de su generaci\u00f3n, Claudia Cardinale<strong> nunca se retir\u00f3 completamente del cine<\/strong>. Mantuvo una actividad constante, participando en festivales, colaborando con j\u00f3venes cineastas y defendiendo causas sociales.<\/p>\n<p class=\"paragraph\" id=\"paragraph_15\">Su compromiso con el arte como herramienta de transformaci\u00f3n la llev\u00f3 a fundar una instituci\u00f3n dedicada a apoyar a nuevos talentos, reflejo de su vocaci\u00f3n por dejar huella m\u00e1s all\u00e1 de la pantalla.<\/p>\n<p class=\"paragraph\" id=\"paragraph_16\">Su vida personal, marcada por episodios complejos y decisiones valientes, tambi\u00e9n forma parte de su legado. A los 17 a\u00f1os, <strong>fue v\u00edctima de una violaci\u00f3n en T\u00fanez<\/strong>, de la que naci\u00f3 su hijo <strong>Patrick Cristaldi<\/strong>, a quien decidi\u00f3 criar pese a las convenciones sociales de la \u00e9poca.<\/p>\n<p class=\"paragraph\" id=\"paragraph_17\">M\u00e1s tarde, se cas\u00f3 con el productor <strong>Franco Cristaldi<\/strong>, quien adopt\u00f3 a <strong>Patrick<\/strong>, y posteriormente mantuvo una larga relaci\u00f3n con el director <strong>Pasquale Squitieri<\/strong>, padre de su hija Claudia.<\/p>\n","protected":false},"excerpt":{"rendered":"Este martes, 30 de septiembre, la iglesia de Saint&#8211;Roch, ubicada en el coraz\u00f3n de Par\u00eds y a escasos&hellip;\n","protected":false},"author":2,"featured_media":144620,"comment_status":"","ping_status":"","sticky":false,"template":"","format":"standard","meta":{"footnotes":""},"categories":[174],"tags":[255,146,147,25,24,367,256,9235,563,4759,23],"class_list":{"0":"post-144619","1":"post","2":"type-post","3":"status-publish","4":"format-standard","5":"has-post-thumbnail","7":"category-famosos","8":"tag-celebrities","9":"tag-entertainment","10":"tag-entretenimiento","11":"tag-es","12":"tag-espana","13":"tag-familia","14":"tag-famosos","15":"tag-funerales","16":"tag-hijos","17":"tag-paris","18":"tag-spain"},"share_on_mastodon":{"url":"","error":""},"_links":{"self":[{"href":"https:\/\/www.europesays.com\/es\/wp-json\/wp\/v2\/posts\/144619","targetHints":{"allow":["GET"]}}],"collection":[{"href":"https:\/\/www.europesays.com\/es\/wp-json\/wp\/v2\/posts"}],"about":[{"href":"https:\/\/www.europesays.com\/es\/wp-json\/wp\/v2\/types\/post"}],"author":[{"embeddable":true,"href":"https:\/\/www.europesays.com\/es\/wp-json\/wp\/v2\/users\/2"}],"replies":[{"embeddable":true,"href":"https:\/\/www.europesays.com\/es\/wp-json\/wp\/v2\/comments?post=144619"}],"version-history":[{"count":0,"href":"https:\/\/www.europesays.com\/es\/wp-json\/wp\/v2\/posts\/144619\/revisions"}],"wp:featuredmedia":[{"embeddable":true,"href":"https:\/\/www.europesays.com\/es\/wp-json\/wp\/v2\/media\/144620"}],"wp:attachment":[{"href":"https:\/\/www.europesays.com\/es\/wp-json\/wp\/v2\/media?parent=144619"}],"wp:term":[{"taxonomy":"category","embeddable":true,"href":"https:\/\/www.europesays.com\/es\/wp-json\/wp\/v2\/categories?post=144619"},{"taxonomy":"post_tag","embeddable":true,"href":"https:\/\/www.europesays.com\/es\/wp-json\/wp\/v2\/tags?post=144619"}],"curies":[{"name":"wp","href":"https:\/\/api.w.org\/{rel}","templated":true}]}}