{"id":144630,"date":"2025-09-28T16:52:11","date_gmt":"2025-09-28T16:52:11","guid":{"rendered":"https:\/\/www.europesays.com\/es\/144630\/"},"modified":"2025-09-28T16:52:11","modified_gmt":"2025-09-28T16:52:11","slug":"del-apoyo-de-letizia-a-su-mudanza-y-su-debut-laboral","status":"publish","type":"post","link":"https:\/\/www.europesays.com\/es\/144630\/","title":{"rendered":"del apoyo de Letizia a su mudanza y su debut laboral"},"content":{"rendered":"<p>Aunque no le gusta dar titulares, la <a href=\"https:\/\/www.lecturas.com\/actualidad\/casas-reales\/enganos-celos-misterio-y-hija-historia-desamor-telma-ortiz-y-robert-gavin-bonnar_181830\" target=\"_self\" rel=\"nofollow noopener\">inesperada separaci\u00f3n<\/a> de <strong>Telma Ortiz<\/strong> (51 a\u00f1os) y Robert Gavin Bonnar (59 a\u00f1os) tras seis a\u00f1os de relaci\u00f3n y una hija en com\u00fan ha empujado a la hermana de la reina Letizia a la primera l\u00ednea de actualidad.\u00a0<\/p>\n<p>La informaci\u00f3n sobre los <a href=\"https:\/\/www.lecturas.com\/actualidad\/gran-discusion-que-provoco-separacion-telma-ortiz-su-marido-robert-gavin-bonnar-hace-ano_181864\" target=\"_self\" rel=\"nofollow noopener\">motivos de la ruptura<\/a> caen a cuentagotas pero ahora hemos conocido que la pareja se separ\u00f3 hace aproximadamente un a\u00f1o. <strong>\u00abHa sido un proceso muy duro\u00bb<\/strong>, confirman desde el entorno de ambos a &#8216;Vanitatis&#8217;. Y es que pese a la discreci\u00f3n con la que han intentado llevar el tema, lo cierto es que no ha sido nada f\u00e1cil para ninguno.\u00a0<\/p>\n<p><img loading=\"lazy\" decoding=\"async\"   src=\"https:\/\/www.europesays.com\/es\/wp-content\/uploads\/2025\/09\/telma-ortiz-y-robert-gavin-bonnar_e5e682ac_250928122259_1200x800.webp.webp\" alt=\"Telma Ortiz y Robert Gavin Bonnar \" class=\"lazyload\" width=\"1200\" height=\"800\" data-aspectratio=\"1200\/800\"\/>&#13;Gtres<br \/>\nTelma Ortiz estrena casa y trabajo<\/p>\n<p>Todo final trae consigo un nuevo comienzo y Telma Ortiz no piensa quedarse anclada en el pasado.\u00a0Tal y como pudo confirmar\u00a0\u00a1Hola!, la hermana de la do\u00f1a Letizia se ha mudado, un cambio de casa obligado a consecuencia de su separaci\u00f3n y que coincide, adem\u00e1s, con su debut como<strong> asesora de la Gerencia de Movilizaci\u00f3n de Recursos y Alianzas Globales de CAF<\/strong> (Banco de Desarrollo de Am\u00e9rica Latina y El Caribe).\u00a0<\/p>\n<p>Hace solo unos d\u00edas, Telma reaparec\u00eda en la\u00a0inauguraci\u00f3n del festival Centroam\u00e9rica Cuenta en Madrid, gala en la que estren\u00f3 su nueva posici\u00f3n. Pero entonces todav\u00eda no hab\u00eda trascendido su separaci\u00f3n del abogado irland\u00e9s.<\/p>\n<p><img loading=\"lazy\" decoding=\"async\"   src=\"https:\/\/www.europesays.com\/es\/wp-content\/uploads\/2025\/09\/telma-ortiz_c03fe8b7_250928125629_1200x800.webp.webp\" alt=\"Telma Ortiz\" class=\"lazyload\" width=\"1200\" height=\"800\" data-aspectratio=\"1200\/800\"\/>&#13;GTRES<\/p>\n<p>Respecto a su nueva casa, Telma se mud\u00f3 de Barcelona a Madrid en 2021 junto a Robert Gavin Bonnar. Se instalaron en un lujoso chalet en la urbanizaci\u00f3n de La Moraleja, una casa que cambiaron por un piso \u00abporque no pod\u00edan pagarla\u00bb, afirmaba la periodista Silvia Taul\u00e9s en el programa &#8216;DCoraz\u00f3n&#8217; de TVE. Seg\u00fan publica &#8216;Vanitatis&#8217;, tras la separaci\u00f3n definitiva <strong>Telma divide su tiempo entre el apartamento familiar<\/strong> que comparte con su ex para estar al cuidado de la hija que tienen en com\u00fan y la casa de su padre, Jes\u00fas Ortiz.\u00a0<\/p>\n<p>El deseo de Telma es que le afecte a su hija lo menos posible, de ah\u00ed que la mudanza haya sido dentro de la misma urbanizaci\u00f3n. As\u00ed, Er\u00edn, de 4 a\u00f1os puede seguir yendo al mismo colegio.\u00a0<\/p>\n<p>Jes\u00fas Ortiz y la reina Letizia, los apoyos incondicionales de Telma Ortiz<\/p>\n<p>El periodista, de la misma forma que la reina Letizia y su madre, Paloma Rocasolano, se han convertido en un apoyo incondicional para Telma en estos momentos tan delicados. <strong>La familia de la Reina siempre ha presumido de una enorme discreci\u00f3n<\/strong> y as\u00ed sigue siendo. Prueba de ello es que la noticia de su separaci\u00f3n ha trascendido a los medios un a\u00f1o despu\u00e9s de hacerse efectiva.<\/p>\n<p><img loading=\"lazy\" decoding=\"async\"   src=\"https:\/\/www.europesays.com\/es\/wp-content\/uploads\/2025\/09\/telma-ortiz_10121d0c_250928132111_1200x727.webp.webp\" alt=\"Telma Ortiz\" class=\"lazyload\" width=\"1200\" height=\"727\" data-aspectratio=\"1200\/727\"\/>&#13;GTRES<\/p>\n<p><strong>La relaci\u00f3n entre Letizia y Telma ha estado marcado por las idas y venidas<\/strong>, pero lo cierto es que en la actualidad mantienen un v\u00ednculo muy fuerte. La exposici\u00f3n medi\u00e1tica afect\u00f3 directamente a Telma y eso gener\u00f3 tensiones y cierto distanciamiento entre ellas. El paso del tiempo puso todo en su lugar y su mudanza a Madrid y el nacimiento de Erin las uni\u00f3.\u00a0Ahora, la vida de Telma ha sufrido una enorme revoluci\u00f3n. Un cambio radical que ha vivido en silencio, volc\u00e1ndose en el cari\u00f1o de su familia y sus amigos m\u00e1s \u00edntimos.<\/p>\n<p><b id=\"docs-internal-guid-859491af-7fff-b9d2-4d6a-9d4417d23a60\">Si no quieres perderte ninguna noticia de Lecturas, sigue a nuestro nuevo perfil en <a href=\"https:\/\/profile.google.com\/cp\/CgsvZy8xMjF0aHIxMA?pf=5\" rel=\"nofollow noopener\" target=\"_blank\">Google Discover <\/a><\/b><\/p>\n<p>La pelea que dinamit\u00f3 su relaci\u00f3n<\/p>\n<p><strong>\u00abHan ocurrido situaciones escabrosas. Es imposible que le perdone\u00bb<\/strong>, as\u00ed de contundente era la periodista Silvia Taul\u00e9s despu\u00e9s de tener acceso a informaci\u00f3n directa. Todo apunta a que habr\u00eda sido la propia Telma quien tom\u00f3 la decisi\u00f3n de separarse, sin opci\u00f3n alguna a una reconciliaci\u00f3n.\u00a0<\/p>\n<p>Fue durante la presentaci\u00f3n de\u00a0la obra, \u2018El cuarto poder\u2019 en Madrid donde la pareja protagoniz\u00f3 una discusi\u00f3n que dinamit\u00f3 para siempre su relaci\u00f3n.\u00a0<strong>\u00abElla abandon\u00f3 la casa familiar hace un a\u00f1o\u00bb<\/strong>, ha revelado la colaboradora. \u00abDejaron la casa de La Moraleja porque no pod\u00edan pagarla. Ella trabajaba mucho pero \u00e9l no tanto y tuvieron que dejarla por no poder mantener ese alto nivel de vida\u00bb, ha contado. Una realidad completamente desconocida que termin\u00f3 por explosionarlo todo.\u00a0<\/p>\n<p>\u00a0<\/p>\n","protected":false},"excerpt":{"rendered":"Aunque no le gusta dar titulares, la inesperada separaci\u00f3n de Telma Ortiz (51 a\u00f1os) y Robert Gavin Bonnar&hellip;\n","protected":false},"author":2,"featured_media":144631,"comment_status":"","ping_status":"","sticky":false,"template":"","format":"standard","meta":{"footnotes":""},"categories":[91],"tags":[146,147,25,24,23],"class_list":{"0":"post-144630","1":"post","2":"type-post","3":"status-publish","4":"format-standard","5":"has-post-thumbnail","7":"category-entretenimiento","8":"tag-entertainment","9":"tag-entretenimiento","10":"tag-es","11":"tag-espana","12":"tag-spain"},"share_on_mastodon":{"url":"","error":""},"_links":{"self":[{"href":"https:\/\/www.europesays.com\/es\/wp-json\/wp\/v2\/posts\/144630","targetHints":{"allow":["GET"]}}],"collection":[{"href":"https:\/\/www.europesays.com\/es\/wp-json\/wp\/v2\/posts"}],"about":[{"href":"https:\/\/www.europesays.com\/es\/wp-json\/wp\/v2\/types\/post"}],"author":[{"embeddable":true,"href":"https:\/\/www.europesays.com\/es\/wp-json\/wp\/v2\/users\/2"}],"replies":[{"embeddable":true,"href":"https:\/\/www.europesays.com\/es\/wp-json\/wp\/v2\/comments?post=144630"}],"version-history":[{"count":0,"href":"https:\/\/www.europesays.com\/es\/wp-json\/wp\/v2\/posts\/144630\/revisions"}],"wp:featuredmedia":[{"embeddable":true,"href":"https:\/\/www.europesays.com\/es\/wp-json\/wp\/v2\/media\/144631"}],"wp:attachment":[{"href":"https:\/\/www.europesays.com\/es\/wp-json\/wp\/v2\/media?parent=144630"}],"wp:term":[{"taxonomy":"category","embeddable":true,"href":"https:\/\/www.europesays.com\/es\/wp-json\/wp\/v2\/categories?post=144630"},{"taxonomy":"post_tag","embeddable":true,"href":"https:\/\/www.europesays.com\/es\/wp-json\/wp\/v2\/tags?post=144630"}],"curies":[{"name":"wp","href":"https:\/\/api.w.org\/{rel}","templated":true}]}}