{"id":144638,"date":"2025-09-28T16:56:08","date_gmt":"2025-09-28T16:56:08","guid":{"rendered":"https:\/\/www.europesays.com\/es\/144638\/"},"modified":"2025-09-28T16:56:08","modified_gmt":"2025-09-28T16:56:08","slug":"suspendidas-las-clases-en-varios-municipios-de-castellon-ante-la-prevision-de-lluvias-sociedad","status":"publish","type":"post","link":"https:\/\/www.europesays.com\/es\/144638\/","title":{"rendered":"Suspendidas las clases en varios municipios de Castell\u00f3n ante la previsi\u00f3n de lluvias | Sociedad"},"content":{"rendered":"<p class=\"loc\">Castell\u00f3n<\/p>\n<p>Varios municipios de la provincia de Castell\u00f3n han anunciado la suspensi\u00f3n de las clases de cara a este lunes 29 de septiembre ante la previsi\u00f3n de fuertes lluvias. Se trata de Castell\u00f3n, Vila-real, Oropesa, Alcal\u00e1-Alcossebre, Pe\u00f1\u00edscola, Benicarl\u00f3, Vinar\u00f2s, C\u00e0lig, Sant Mateu y Sant Jordi. <\/p>\n<p>Los anuncios de suspensi\u00f3n se han producido despu\u00e9s de que AEMET haya activado el aviso rojo, es decir, de riesgo extremo, por lluvias que pueden llegar a dejar 180 litros por metro cuadrado en s\u00f3lo 3 o 4 horas en el litoral norte de Castell\u00f3n. El aviso est\u00e1 marcado tanto durante la noche de este domingo como durante este lunes.<\/p>\n<p>Tambi\u00e9n hay aviso, aunque en este caso amarillo, en todo el interior de la provincia. La recomendaci\u00f3n de la Generalitat es que todos los municipios en aviso rojo suspendan clases ma\u00f1ana. <\/p>\n<p>La Diputaci\u00f3n de Castell\u00f3n ha activado un dispositivo especial de refuerzo de parques de bomberos del Consorcio Provincial de Bomberos de Castell\u00f3n. <\/p>\n<p>Adem\u00e1s, la Unidad de Maquinaria y Log\u00edstica (UML) del Consorcio Provincial de Bomberos est\u00e1 preparada con bombas de achique de gran caudal para actuar de forma inmediata ante cualquier emergencia. <\/p>\n<p>Se ha suspendido tambi\u00e9n el partido de baloncesto entre el Maderas Sorl\u00ed Benicarl\u00f3 y el Amics Castell\u00f3 de la fase de grupos de Copa Espa\u00f1a que se iba a disputar este domingo a las 18:00 en Benicarl\u00f3. La nueva fecha del partido ser\u00e1 el pr\u00f3ximo martes, d\u00eda 30 de septiembre, a las 20:00h. <\/p>\n","protected":false},"excerpt":{"rendered":"Castell\u00f3n Varios municipios de la provincia de Castell\u00f3n han anunciado la suspensi\u00f3n de las clases de cara a&hellip;\n","protected":false},"author":2,"featured_media":144639,"comment_status":"","ping_status":"","sticky":false,"template":"","format":"standard","meta":{"footnotes":""},"categories":[8],"tags":[2980,14972,17,18,3965,2027,25,24,13,14,11,19,20,28088,9,10,15,16,40245,44619,44620,23,12,21,22,13131,18953],"class_list":{"0":"post-144638","1":"post","2":"type-post","3":"status-publish","4":"format-standard","5":"has-post-thumbnail","7":"category-espana","8":"tag-aemet","9":"tag-benicarlo","10":"tag-breaking-news","11":"tag-breakingnews","12":"tag-castellon","13":"tag-colegios","14":"tag-es","15":"tag-espana","16":"tag-featured-news","17":"tag-featurednews","18":"tag-headlines","19":"tag-latest-news","20":"tag-latestnews","21":"tag-lluvias-torrenciales","22":"tag-news","23":"tag-noticias","24":"tag-noticias-destacadas","25":"tag-noticiasdestacadas","26":"tag-oropesa","27":"tag-peniscola","28":"tag-sant-jordi","29":"tag-spain","30":"tag-titulares","31":"tag-ultimas-noticias","32":"tag-ultimasnoticias","33":"tag-vila-real","34":"tag-vinaros"},"share_on_mastodon":{"url":"","error":""},"_links":{"self":[{"href":"https:\/\/www.europesays.com\/es\/wp-json\/wp\/v2\/posts\/144638","targetHints":{"allow":["GET"]}}],"collection":[{"href":"https:\/\/www.europesays.com\/es\/wp-json\/wp\/v2\/posts"}],"about":[{"href":"https:\/\/www.europesays.com\/es\/wp-json\/wp\/v2\/types\/post"}],"author":[{"embeddable":true,"href":"https:\/\/www.europesays.com\/es\/wp-json\/wp\/v2\/users\/2"}],"replies":[{"embeddable":true,"href":"https:\/\/www.europesays.com\/es\/wp-json\/wp\/v2\/comments?post=144638"}],"version-history":[{"count":0,"href":"https:\/\/www.europesays.com\/es\/wp-json\/wp\/v2\/posts\/144638\/revisions"}],"wp:featuredmedia":[{"embeddable":true,"href":"https:\/\/www.europesays.com\/es\/wp-json\/wp\/v2\/media\/144639"}],"wp:attachment":[{"href":"https:\/\/www.europesays.com\/es\/wp-json\/wp\/v2\/media?parent=144638"}],"wp:term":[{"taxonomy":"category","embeddable":true,"href":"https:\/\/www.europesays.com\/es\/wp-json\/wp\/v2\/categories?post=144638"},{"taxonomy":"post_tag","embeddable":true,"href":"https:\/\/www.europesays.com\/es\/wp-json\/wp\/v2\/tags?post=144638"}],"curies":[{"name":"wp","href":"https:\/\/api.w.org\/{rel}","templated":true}]}}