{"id":144650,"date":"2025-09-28T17:03:08","date_gmt":"2025-09-28T17:03:08","guid":{"rendered":"https:\/\/www.europesays.com\/es\/144650\/"},"modified":"2025-09-28T17:03:08","modified_gmt":"2025-09-28T17:03:08","slug":"el-giro-de-emilia-excluye-al-equipo-ciclista","status":"publish","type":"post","link":"https:\/\/www.europesays.com\/es\/144650\/","title":{"rendered":"el Giro de Emilia excluye al equipo ciclista"},"content":{"rendered":"<p class=\"voc-pretitle\">\nciclismo\n<\/p>\n<p>La organizaci\u00f3n de la cl\u00e1sica italiana aduce \u00abrazones de seguridad\u00bb<\/p>\n<p><img fetchpriority=\"high\" class=\"voc-img\" src=\"https:\/\/www.europesays.com\/es\/wp-content\/uploads\/2025\/09\/1500777684-RUiWIaMrB5PhX4daKpwWvWP-1200x840@diario_abc.JPG\" loading=\"eager\" decoding=\"async\" alt=\"Protestas contra Israel durante la \u00faltima etapa de la Vuelta en Madrid\" width=\"1200\" height=\"840\"\/><\/p>\n<p>Protestas contra Israel durante la \u00faltima etapa de la Vuelta en Madrid    efe  <\/p>\n<p>28\/09\/2025<br \/>\n<br \/><strong><br \/>\nActualizado a las 18:05h.<br \/>\n<\/strong><\/p>\n<p class=\"voc-p\" style=\"\">El <strong>Giro de Emilia<\/strong>, prueba ciclista que se disputar\u00e1 el pr\u00f3ximo s\u00e1bado 4 de octubre en Bolonia (Italia), ha comunicado al equipo Israel Premier Tech, una de las 23 formaciones confirmadas, que no podr\u00e1 participar \u00abpor motivos de seguridad p\u00fablica\u00bb.<\/p>\n<p class=\"voc-p\" style=\"\">Tras las protestas habidas durante la <strong>Vuelta e Espa\u00f1a<\/strong> \u2014que impidieron la <a href=\"https:\/\/www.abc.es\/deportes\/ciclismo\/vuelta-espana-acaba-violencia-total-llegar-meta-20250914183611-nt.html\" target=\"_self\" data-voc-vtm-id=\"in-text-traffic\" title=\"finalizaci\u00f3n de la \u00faltima etapa en Madrid\" data-mrf-link=\"www.abc.es\" rel=\"nofollow noopener\">finalizaci\u00f3n de la \u00faltima etapa en Madrid<\/a>\u2014 por la presencia en el pelot\u00f3n del Israel y contra el genocidio perpetrado en Gaza, la cl\u00e1sica que discurre por la regi\u00f3n italiana de Emilia Roma\u00f1a es la primera que veta a la <a href=\"https:\/\/www.abc.es\/deportes\/ciclismo\/israel-quita-nombre-pais-maillot-plena-ola-20250906141905-nt.html\" target=\"_self\" data-voc-vtm-id=\"in-text-traffic\" title=\"formaci\u00f3n que luce el nombre del pa\u00eds hebreo\" data-mrf-link=\"www.abc.es\" rel=\"nofollow noopener\">formaci\u00f3n que luce el nombre del pa\u00eds hebreo<\/a>. <strong>Adriano Amici<\/strong>, presidente de GS Emilia, entidad organizadora de la prueba, asegura que la decisi\u00f3n se ha tomado tras consultar con la Polic\u00eda y que ya han comunicado la decisi\u00f3n al equipo israel\u00ed.<\/p>\n<p class=\"voc-p\" style=\"\">Por su parte, la concejala de Deportes del Ayuntamiento de Bolonia, <strong>Roberta Li Calzi<\/strong>, se\u00f1al\u00f3: \u00abEn los \u00faltimos d\u00edas hemos planteado una cuesti\u00f3n importante sobre la participaci\u00f3n del equipo israel\u00ed en el Giro de Emilia porque ante lo que est\u00e1 ocurriendo en Gaza hubiera sido hip\u00f3crita considerar irrelevante la presencia de un equipo vinculado a ese gobierno.<\/p>\n<p class=\"voc-p\" style=\"\">\u00abEl deporte es algo totalmente diferente: un veh\u00edculo de valores universales, de compartir, de competici\u00f3n justa y solidaridad entre los pueblos. Nos complace saber que los organizadores comparten este punto de vista y que hayan confirmado que el equipo israel\u00ed no participar\u00e1 en el Giro. <strong>Quiero darles las gracias por su sensibilidad<\/strong>, que creo comparte una gran parte de nuestra comunidad\u00bb, a\u00f1adi\u00f3 Li Calzi.<\/p>\n<p class=\"voc-p\" style=\"\">Las protestas anunciadas por organizaciones sociales de Bolonia, ciudad en la que termina la carrera, y la petici\u00f3n de exclusi\u00f3n del equipo desde el propio Ayuntamiento han desembocado en el <strong>primer veto deportivo que se aplica a Israel<\/strong>.<\/p>\n<p>Reportar un error<\/p>\n","protected":false},"excerpt":{"rendered":"ciclismo La organizaci\u00f3n de la cl\u00e1sica italiana aduce \u00abrazones de seguridad\u00bb Protestas contra Israel durante la \u00faltima etapa&hellip;\n","protected":false},"author":2,"featured_media":144651,"comment_status":"","ping_status":"","sticky":false,"template":"","format":"standard","meta":{"footnotes":""},"categories":[273],"tags":[313,312,168,7963,9135,25,24,7957,74,1078,2761,23,167,26307],"class_list":{"0":"post-144650","1":"post","2":"type-post","3":"status-publish","4":"format-standard","5":"has-post-thumbnail","7":"category-ciclismo","8":"tag-ciclismo","9":"tag-cycling","10":"tag-deportes","11":"tag-deportiva","12":"tag-emilia","13":"tag-es","14":"tag-espana","15":"tag-giro","16":"tag-israel","17":"tag-primera","18":"tag-prueba","19":"tag-spain","20":"tag-sports","21":"tag-veta"},"share_on_mastodon":{"url":"","error":""},"_links":{"self":[{"href":"https:\/\/www.europesays.com\/es\/wp-json\/wp\/v2\/posts\/144650","targetHints":{"allow":["GET"]}}],"collection":[{"href":"https:\/\/www.europesays.com\/es\/wp-json\/wp\/v2\/posts"}],"about":[{"href":"https:\/\/www.europesays.com\/es\/wp-json\/wp\/v2\/types\/post"}],"author":[{"embeddable":true,"href":"https:\/\/www.europesays.com\/es\/wp-json\/wp\/v2\/users\/2"}],"replies":[{"embeddable":true,"href":"https:\/\/www.europesays.com\/es\/wp-json\/wp\/v2\/comments?post=144650"}],"version-history":[{"count":0,"href":"https:\/\/www.europesays.com\/es\/wp-json\/wp\/v2\/posts\/144650\/revisions"}],"wp:featuredmedia":[{"embeddable":true,"href":"https:\/\/www.europesays.com\/es\/wp-json\/wp\/v2\/media\/144651"}],"wp:attachment":[{"href":"https:\/\/www.europesays.com\/es\/wp-json\/wp\/v2\/media?parent=144650"}],"wp:term":[{"taxonomy":"category","embeddable":true,"href":"https:\/\/www.europesays.com\/es\/wp-json\/wp\/v2\/categories?post=144650"},{"taxonomy":"post_tag","embeddable":true,"href":"https:\/\/www.europesays.com\/es\/wp-json\/wp\/v2\/tags?post=144650"}],"curies":[{"name":"wp","href":"https:\/\/api.w.org\/{rel}","templated":true}]}}