{"id":144667,"date":"2025-09-28T17:16:16","date_gmt":"2025-09-28T17:16:16","guid":{"rendered":"https:\/\/www.europesays.com\/es\/144667\/"},"modified":"2025-09-28T17:16:16","modified_gmt":"2025-09-28T17:16:16","slug":"federico-y-mary-reciben-el-regalo-mas-especial-de-la-reina-margarita-disenado-por-ella-misma","status":"publish","type":"post","link":"https:\/\/www.europesays.com\/es\/144667\/","title":{"rendered":"Federico y Mary reciben el regalo m\u00e1s especial de la reina Margarita dise\u00f1ado por ella misma"},"content":{"rendered":"<p class=\"\" id=\"e2DyTKE3qCX\" data-wc=\"92\">Que la reina Margarita es una gran aficionada a eso de coger la aguja y el hilo para tejer su propias creaciones, no es ning\u00fan secreto. Es m\u00e1s, su talento para tricotar le ha llevado incluso a <a class=\"hm-link ho-link\" href=\"https:\/\/www.hola.com\/realeza\/casa_danesa\/20210421188225\/margarita-dinamarca-exposicion-bordado\/\" data-mrf-recirculation=\"article-body-link\" rel=\"nofollow noopener\" target=\"_blank\">exponer sus creativos dise\u00f1os en un museo<\/a>, demostrando as\u00ed que es toda una experta en el noble arte del bordado a mano. Ahora, la madre de Federico X le ha regalado a su hijo mayor y a su nuera una de sus \u00faltimas obras, que la Casa Real escandinava nos ha querido mostrar en im\u00e1genes.<\/p>\n<p> <img src=\"https:\/\/www.europesays.com\/es\/wp-content\/uploads\/2025\/09\/9a4fb881b8ec-ved-en-lille-sammenkomst-p-frederiksborg-slot-afslrede-hendes-majestt-dronnin.jpg\"   width=\"768\" height=\"1024\" loading=\"lazy\" decoding=\"async\" alt=\"Media Image\" fetchpriority=\"auto\" class=\"image ho-image\"\/>\u00a9 Kongehuset<\/p>\n<p> <img src=\"https:\/\/www.europesays.com\/es\/wp-content\/uploads\/2025\/09\/1c2d894f367b-ved-en-lille-sammenkomst-p-frederiksborg-slot-afslrede-hendes-majestt-dronnin.jpg\"   width=\"768\" height=\"1024\" loading=\"lazy\" decoding=\"async\" alt=\"Media Image\" fetchpriority=\"auto\" class=\"image ho-image\"\/>\u00a9 Kongehuset<\/p>\n<p id=\"eAQTQv3YXE\" data-wc=\"82\">\u00ab\u00a1Tach\u00e1n!\u00bb, parec\u00eda decirles la que fuera monarca danesa a los actuales reyes nada m\u00e1s descubrir su bonito obsequio, que estaba tapado con dos finas mantas antes de ense\u00f1\u00e1rselo. Se trata de<strong data-gid=\"eAEXEmYwF3\">\u00a0dos sillas personalizadas<\/strong> para el soberano y su esposa, cuyo fin es que sean sus asientos cada vez que visiten el <strong data-gid=\"eUqCaG2EJc\">Castillo<\/strong> <strong data-gid=\"ezbTOIIqJ-X\">de Frederiksborg<\/strong>. Es la residencia real del siglo XVI que se ubica en Hiller\u00f8d, construida sobre tres islotes y un lago junto a un gran jard\u00edn de estilo barroco.<\/p>\n<p> <img src=\"https:\/\/www.europesays.com\/es\/wp-content\/uploads\/2025\/09\/c7e731153ec1-ved-en-lille-sammenkomst-p-frederiksborg-slot-afslrede-hendes-majestt-dronnin.jpg\"   width=\"768\" height=\"1024\" loading=\"lazy\" decoding=\"async\" alt=\"Media Image\" fetchpriority=\"auto\" class=\"image ho-image\"\/>\u00a9 Kongehuset<\/p>\n<p> <img src=\"https:\/\/www.europesays.com\/es\/wp-content\/uploads\/2025\/09\/8760d3413da4-ved-en-lille-sammenkomst-p-frederiksborg-slot-afslrede-hendes-majestt-dronnin.jpg\"   width=\"768\" height=\"1024\" loading=\"lazy\" decoding=\"async\" alt=\"Media Image\" fetchpriority=\"auto\" class=\"image ho-image\"\/>\u00a9 Kongehuset<\/p>\n<p id=\"eYusDBabm-\" data-wc=\"85\">Es all\u00ed, a unos 40 kil\u00f3metros de Copenhague, donde ten\u00eda lugar el encuentro de los tres &#8216;royals&#8217; en uno de los salones de esta hermosa y gigantesca fortaleza renacentista, <a class=\"hm-link ho-link\" href=\"https:\/\/www.hola.com\/viajes\/20240112246487\/copenhague-palacios-reales-familia-real-dinamarca\/\" data-mrf-recirculation=\"article-body-link\" rel=\"nofollow noopener\" target=\"_blank\">la m\u00e1s grande de los pa\u00edses n\u00f3rdicos<\/a>. El jefe de Estado y su mujer, como es l\u00f3gico, estaban encantados con estas piezas \u00fanicas de mobiliario que les llegan por iniciativa propia de Margarita II. Adem\u00e1s, tal y como explican desde la instituci\u00f3n mon\u00e1rquica, los detalles que vemos en los aposentos simbolizan los monogramas de la corona.<\/p>\n<p> <img src=\"https:\/\/www.europesays.com\/es\/wp-content\/uploads\/2025\/09\/bd6949607dc5-ved-en-lille-sammenkomst-p-frederiksborg-slot-afslrede-hendes-majestt-dronnin.jpg\"   width=\"768\" height=\"1024\" loading=\"lazy\" decoding=\"async\" alt=\"Media Image\" fetchpriority=\"auto\" class=\"image ho-image\"\/>\u00a9 Kongehuset<\/p>\n<p> <img src=\"https:\/\/www.europesays.com\/es\/wp-content\/uploads\/2025\/09\/2a75e609efcd-ved-en-lille-sammenkomst-p-frederiksborg-slot-afslrede-hendes-majestt-dronnin.jpg\"   width=\"768\" height=\"1024\" loading=\"lazy\" decoding=\"async\" alt=\"Media Image\" fetchpriority=\"auto\" class=\"image ho-image\"\/>\u00a9 Kongehuset<\/p>\n<p id=\"eEZfb_P08G\" data-wc=\"84\">Incluso, se han inscrito las iniciales de los nombres de los dos agasajados, una F en azul para Federico y una M rojo para Mary. Alrededor de las mismas, sobre un fondo decorado con puntos de color turquesa, observamos un conjunto de flores que son tulipanes, rosas, lirios, iris, clematis, bellis y la de terciopelo. Por \u00faltimo, la mujer que <a class=\"hm-link ho-link\" href=\"https:\/\/www.hola.com\/realeza\/casa_danesa\/20240113246304\/reina-margarita-de-dinamarca-fin-reinado-52-imagenes\/\" data-mrf-recirculation=\"article-body-link\" rel=\"nofollow noopener\" target=\"_blank\">rein\u00f3 en Dinamarca durante m\u00e1s de cinco d\u00e9cadas<\/a> (de 1972 a 2024) ha puesto su firma en la parte delantera a modo de r\u00fabrica.<\/p>\n<p> <img src=\"https:\/\/www.europesays.com\/es\/wp-content\/uploads\/2025\/09\/dee45e23cc09-ved-en-lille-sammenkomst-p-frederiksborg-slot-afslrede-hendes-majestt-dronnin.jpg\"   width=\"768\" height=\"1024\" loading=\"lazy\" decoding=\"async\" alt=\"Media Image\" fetchpriority=\"auto\" class=\"image ho-image\"\/>\u00a9 Kongehuset<\/p>\n<p> <img src=\"https:\/\/www.europesays.com\/es\/wp-content\/uploads\/2025\/09\/3142b56ebbac-ved-en-lille-sammenkomst-p-frederiksborg-slot-afslrede-hendes-majestt-dronnin.jpg\"   width=\"768\" height=\"1024\" loading=\"lazy\" decoding=\"async\" alt=\"Media Image\" fetchpriority=\"auto\" class=\"image ho-image\"\/>\u00a9 Kongehuset<\/p>\n<p id=\"eIbmzlznZ7\" data-wc=\"90\">Las sillas, que pasan a formar parte de la colecci\u00f3n permanente de este monumental palacio, suponen un ejemplo m\u00e1s de lo que tanto apasiona a su autora. <strong data-gid=\"eAXKjXqy-g2\">\u00abEs maravilloso estar concentrada en algo que creo con mis propias manos\u00bb,<\/strong> lleg\u00f3 a decir sobre los patrones que dibuja. Bordados que son un lujo de ornamentaci\u00f3n para otros lugares donde habitan los miembros de la Familia Real de Dinamarca, caso de Marselisbourg, y que tambi\u00e9n vimos en m\u00e1s regalos como aquella funda de bolso que le hizo en su d\u00eda a Mary.<\/p>\n<p> <img src=\"https:\/\/www.europesays.com\/es\/wp-content\/uploads\/2025\/09\/9e83f15aa671-ved-en-lille-sammenkomst-p-frederiksborg-slot-afslrede-hendes-majestt-dronnin.jpg\"   width=\"768\" height=\"1024\" loading=\"lazy\" decoding=\"async\" alt=\"Media Image\" fetchpriority=\"auto\" class=\"image ho-image\"\/>\u00a9 Kongehuset<\/p>\n<p> <img src=\"https:\/\/www.europesays.com\/es\/wp-content\/uploads\/2025\/09\/6ce64ac9a630-ved-en-lille-sammenkomst-p-frederiksborg-slot-afslrede-hendes-majestt-dronnin.jpg\"   width=\"768\" height=\"1024\" loading=\"lazy\" decoding=\"async\" alt=\"Media Image\" fetchpriority=\"auto\" class=\"image ho-image\"\/>\u00a9 Kongehuset<\/p>\n","protected":false},"excerpt":{"rendered":"Que la reina Margarita es una gran aficionada a eso de coger la aguja y el hilo para&hellip;\n","protected":false},"author":2,"featured_media":144668,"comment_status":"","ping_status":"","sticky":false,"template":"","format":"standard","meta":{"footnotes":""},"categories":[81],"tags":[119,123,124,25,24,7923,44569,7922,1027,7921,117,121,122,23,118,120],"class_list":{"0":"post-144667","1":"post","2":"type-post","3":"status-publish","4":"format-standard","5":"has-post-thumbnail","7":"category-ciencia-y-tecnologia","8":"tag-ciencia","9":"tag-ciencia-y-tecnologia","10":"tag-cienciaytecnologia","11":"tag-es","12":"tag-espana","13":"tag-federico-de-dinamarca","14":"tag-margarita-de-dinamarca","15":"tag-mary-de-dinamarca","16":"tag-realeza","17":"tag-realeza-danesa","18":"tag-science","19":"tag-science-and-technology","20":"tag-scienceandtechnology","21":"tag-spain","22":"tag-technology","23":"tag-tecnologia"},"share_on_mastodon":{"url":"","error":""},"_links":{"self":[{"href":"https:\/\/www.europesays.com\/es\/wp-json\/wp\/v2\/posts\/144667","targetHints":{"allow":["GET"]}}],"collection":[{"href":"https:\/\/www.europesays.com\/es\/wp-json\/wp\/v2\/posts"}],"about":[{"href":"https:\/\/www.europesays.com\/es\/wp-json\/wp\/v2\/types\/post"}],"author":[{"embeddable":true,"href":"https:\/\/www.europesays.com\/es\/wp-json\/wp\/v2\/users\/2"}],"replies":[{"embeddable":true,"href":"https:\/\/www.europesays.com\/es\/wp-json\/wp\/v2\/comments?post=144667"}],"version-history":[{"count":0,"href":"https:\/\/www.europesays.com\/es\/wp-json\/wp\/v2\/posts\/144667\/revisions"}],"wp:featuredmedia":[{"embeddable":true,"href":"https:\/\/www.europesays.com\/es\/wp-json\/wp\/v2\/media\/144668"}],"wp:attachment":[{"href":"https:\/\/www.europesays.com\/es\/wp-json\/wp\/v2\/media?parent=144667"}],"wp:term":[{"taxonomy":"category","embeddable":true,"href":"https:\/\/www.europesays.com\/es\/wp-json\/wp\/v2\/categories?post=144667"},{"taxonomy":"post_tag","embeddable":true,"href":"https:\/\/www.europesays.com\/es\/wp-json\/wp\/v2\/tags?post=144667"}],"curies":[{"name":"wp","href":"https:\/\/api.w.org\/{rel}","templated":true}]}}