{"id":144695,"date":"2025-09-28T17:33:09","date_gmt":"2025-09-28T17:33:09","guid":{"rendered":"https:\/\/www.europesays.com\/es\/144695\/"},"modified":"2025-09-28T17:33:09","modified_gmt":"2025-09-28T17:33:09","slug":"kunal-nayyar-revela-como-las-risas-con-simon-helberg-marcaron-el-rodaje-de-the-big-bang-theory","status":"publish","type":"post","link":"https:\/\/www.europesays.com\/es\/144695\/","title":{"rendered":"Kunal Nayyar revela c\u00f3mo las risas con Simon Helberg marcaron el rodaje de \u201cThe Big Bang Theory\u201d"},"content":{"rendered":"<p><img alt=\"El ambiente relajado y las\" class=\"global-image\" decoding=\"async\" fetchpriority=\"high\" height=\"3493\" loading=\"eager\" src=\"https:\/\/www.europesays.com\/es\/wp-content\/uploads\/2025\/09\/TZYTMAWQKJNS5GDXWWGJODEXMU.jpg\" width=\"5500\"\/>El ambiente relajado y las risas genuinas marcaron la experiencia del elenco fuera de c\u00e1maras (REUTERS\/Mario Anzuoni)<\/p>\n<p class=\"paragraph\">Durante doce temporadas, <a rel=\"noopener noreferrer nofollow\" href=\"https:\/\/www.infobae.com\/entretenimiento\/2025\/08\/31\/kunal-nayyar-revelo-lo-que-mas-odiaba-de-interpretar-a-raj-en-the-big-bang-theory\/\" target=\"_blank\" title=\"https:\/\/www.infobae.com\/entretenimiento\/2025\/08\/31\/kunal-nayyar-revelo-lo-que-mas-odiaba-de-interpretar-a-raj-en-the-big-bang-theory\/\"><b>Kunal Nayyar<\/b><\/a> dio vida a <b>Raj Koothrappali<\/b> en <a rel=\"noopener noreferrer nofollow\" href=\"https:\/\/www.infobae.com\/entretenimiento\/2025\/07\/31\/las-estrictas-reglas-que-todos-los-actores-de-the-big-bang-theory-tuvieron-que-cumplir\/\" target=\"_blank\" title=\"https:\/\/www.infobae.com\/entretenimiento\/2025\/07\/31\/las-estrictas-reglas-que-todos-los-actores-de-the-big-bang-theory-tuvieron-que-cumplir\/\"><b>The Big Bang Theory<\/b><\/a>, una serie que m\u00e1s all\u00e1 de su \u00e9xito televisivo, se caracteriz\u00f3 por el ambiente especial que se viv\u00eda fuera de c\u00e1maras. En<b> <\/b>ese sentido, ha revelado que la qu\u00edmica con sus compa\u00f1eros, particularmente con <a rel=\"noopener noreferrer nofollow\" href=\"https:\/\/www.infobae.com\/entretenimiento\/2025\/04\/17\/el-actor-simon-helberg-ya-no-luce-como-howard-wolowitz-que-fue-de-la-vida-de-esta-estrella-de-the-big-bang-theory\/\" target=\"_blank\" title=\"https:\/\/www.infobae.com\/entretenimiento\/2025\/04\/17\/el-actor-simon-helberg-ya-no-luce-como-howard-wolowitz-que-fue-de-la-vida-de-esta-estrella-de-the-big-bang-theory\/\"><b>Simon Helberg<\/b><\/a> \u2014quien interpret\u00f3 a <b>Howard Wolowitz<\/b>\u2014, convirti\u00f3 cada grabaci\u00f3n en una experiencia dif\u00edcil de olvidar.<\/p>\n<p class=\"paragraph\">El rodaje de la serie, que debut\u00f3 en 2007, estaba impregnado de un esp\u00edritu distendido. Nayyar ha contado que al principio le costaba enormemente mantener la seriedad, sobre todo en escenas con Helberg.<\/p>\n<p class=\"paragraph\">En el <b>podcast oficial<\/b> de la producci\u00f3n, presentado por <b>Jessica Radloff<\/b>, el actor admiti\u00f3 que fue \u201c<b>el peor de la serie<\/b>\u201d para mantener la compostura durante las primeras temporadas. Explic\u00f3 que el simple hecho de estar frente a Helberg bastaba para perder el control y soltar carcajadas, lo que en numerosas ocasiones obligaba a repetir las tomas.<\/p>\n<p><img alt=\"La qu\u00edmica entre los actores\" class=\"global-image\" decoding=\"async\" fetchpriority=\"low\" height=\"1080\" loading=\"lazy\" src=\"https:\/\/www.europesays.com\/es\/wp-content\/uploads\/2025\/09\/AUQAOHF4OZF67LC37N234MZXCY.jpg\" width=\"1920\"\/>La qu\u00edmica entre los actores fue clave para el \u00e9xito y la autenticidad de la serie<\/p>\n<p class=\"paragraph\">La raz\u00f3n principal era la inusual capacidad de Helberg para provocar risa con su sola presencia y su peculiar manera de hablar. \u201c<b>Simon es un genio. La cadencia con la que dec\u00eda \u2018El viernes me viene bien\u2019 era tan hermosamente musical y simplemente rid\u00edcula. Es un genio<\/b>\u201d, relat\u00f3 Nayyar. <\/p>\n<p class=\"paragraph\">Aquella naturalidad desarmaba a Nayyar y, en m\u00e1s de una ocasi\u00f3n, le imped\u00eda contener las risas, afectando el ritmo de grabaci\u00f3n.<\/p>\n<p class=\"paragraph\">Pese a los contratiempos que las risas ocasionaban, el ambiente en el set estaba lejos de volverse tenso. Los actores, lejos de molestarse, comprendieron que estos momentos eran parte de una din\u00e1mica colectiva que potenci\u00f3 la autenticidad de los personajes. <\/p>\n<p class=\"paragraph\">Nayyar y Helberg coinciden en destacar esa \u201c<b>complicidad especial<\/b>\u201d, transformada en uno de los pilares del \u00e9xito de The Big Bang Theory. Los testimonios recogidos en el libro de Jessica Radloff sobre el rodaje subrayan c\u00f3mo, incluso cuando se deb\u00eda repetir una escena, predominaba el buen humor y la colaboraci\u00f3n entre todo el elenco.<\/p>\n<p><img alt=\"El final de The Big\" class=\"global-image\" decoding=\"async\" fetchpriority=\"low\" height=\"1080\" loading=\"lazy\" src=\"https:\/\/www.europesays.com\/es\/wp-content\/uploads\/2025\/09\/JMZCW2NJHZFYBK6WTZ3M6YFUS4.jpg\" width=\"1920\"\/>El final de The Big Bang Theory dej\u00f3 una profunda huella emocional en Kunal Nayyar<br \/>\n(Cr\u00e9dito: Imdb)<\/p>\n<p class=\"paragraph\">Esta relaci\u00f3n fue fundamental para lograr <b>escenas especialmente memorables<\/b>. El esp\u00edritu relajado propici\u00f3 que los actores se sintieran c\u00f3modos, incrementando la espontaneidad de sus interpretaciones. De acuerdo con la recopilaci\u00f3n de Sensacine, esas interrupciones por risa no fracturaron la convivencia, sino que terminaron convirti\u00e9ndose en <b>an\u00e9cdotas entra\u00f1ables<\/b> para todo el reparto.<\/p>\n<p class=\"paragraph\">El cierre de la serie, en mayo de 2019, dej\u00f3 una profunda huella en Nayyar. D\u00edas despu\u00e9s de finalizar la grabaci\u00f3n del \u00faltimo episodio, el actor confes\u00f3 en el programa de <b>Ellen DeGeneres<\/b> el complejo torbellino de emociones que experiment\u00f3: una mezcla de tristeza, euforia y gratitud por los a\u00f1os compartidos en el set. <\/p>\n<p class=\"paragraph\">En ese sentido, asegur\u00f3 que no exist\u00eda una palabra lo suficientemente precisa para describir el impacto emocional de despedirse de un proyecto tan importante y de sus compa\u00f1eros de trabajo.<\/p>\n<p><img alt=\"Nayyar destaca la importancia de\" class=\"global-image\" decoding=\"async\" fetchpriority=\"low\" height=\"1080\" loading=\"lazy\" src=\"https:\/\/www.europesays.com\/es\/wp-content\/uploads\/2025\/09\/GHN3VI3BX5CWVFB3GHK3I6PBKU.jpg\" width=\"1920\"\/>Nayyar destaca la importancia de la amistad y la espontaneidad en el set de la sitcom<br \/>\n(CBS)<\/p>\n<p class=\"paragraph\">La conclusi\u00f3n de The Big Bang Theory represent\u00f3 un cambio significativo en la vida de Nayyar, quien durante m\u00e1s de una d\u00e9cada se identific\u00f3 con su personaje y forj\u00f3 lazos estrechos con el resto del elenco. Esta etapa marc\u00f3 el final de una era, tanto a nivel profesional como personal para el actor.<\/p>\n<p class=\"paragraph\">Actualmente, seis a\u00f1os despu\u00e9s del desenlace, Nayyar permanece activo como actor, participando en proyectos que difieren notablemente de Raj Koothrappali. No obstante, el recuerdo de su paso por la emblem\u00e1tica producci\u00f3n se mantiene vivo. \u00c9l mismo ha reiterado en entrevistas que la experiencia en la serie sigue ocupando un lugar privilegiado en su trayectoria.<\/p>\n<p><img alt=\"La despedida de la serie\" class=\"global-image\" decoding=\"async\" fetchpriority=\"low\" height=\"3667\" loading=\"lazy\" src=\"https:\/\/www.europesays.com\/es\/wp-content\/uploads\/2025\/09\/CQEXNTJYPUZTK5FKP7VJ4KWWFM.jpg\" width=\"5500\"\/>La despedida de la serie represent\u00f3 un cambio significativo en la vida profesional y personal del actor (REUTERS\/Mario Anzuoni)<\/p>\n<p class=\"paragraph\">La marca imborrable que dej\u00f3 la sitcom no solo se refleja en el reconocimiento del p\u00fablico, sino tambi\u00e9n en la profunda emoci\u00f3n con la que Nayyar y sus compa\u00f1eros evocan aquella etapa de sus vidas. La relaci\u00f3n construida entre bastidores result\u00f3 ser tan significativa como los episodios que vieron los espectadores: <b>una hermandad forjada a fuerza de risas reales y complicidad irrepetible<\/b>.<\/p>\n<p class=\"paragraph\">The Big Bang Theory sigue resonando entre los fan\u00e1ticos y deja constancia de c\u00f3mo la conexi\u00f3n genuina entre sus protagonistas fue clave en su permanencia e impacto. Nayyar, al recordar aquellos d\u00edas, transmite que el verdadero \u00e9xito del programa radic\u00f3 en lo vivido fuera del libreto: amistad, espontaneidad y un sentido del humor que traspas\u00f3 la pantalla.<\/p>\n<p><img alt=\"El legado de The Big\" class=\"global-image\" decoding=\"async\" fetchpriority=\"low\" height=\"1080\" loading=\"lazy\" src=\"https:\/\/www.europesays.com\/es\/wp-content\/uploads\/2025\/09\/SXOZH3Y67BFODLLESC6N74Z4QQ.jpg\" width=\"1920\"\/>El legado de The Big Bang Theory perdura gracias a la conexi\u00f3n genuina entre sus protagonistas<\/p>\n<p class=\"paragraph\">Esa qu\u00edmica, nacida en los ensayos y afianzada en cada toma, es la que queda en la memoria de quienes formaron parte del elenco y que, a\u00fan hoy, contin\u00faa siendo motivo de an\u00e9cdotas y nostalgia.<\/p>\n","protected":false},"excerpt":{"rendered":"El ambiente relajado y las risas genuinas marcaron la experiencia del elenco fuera de c\u00e1maras (REUTERS\/Mario Anzuoni) Durante&hellip;\n","protected":false},"author":2,"featured_media":144696,"comment_status":"","ping_status":"","sticky":false,"template":"","format":"standard","meta":{"footnotes":""},"categories":[171],"tags":[146,147,25,24,23,214],"class_list":{"0":"post-144695","1":"post","2":"type-post","3":"status-publish","4":"format-standard","5":"has-post-thumbnail","7":"category-tv","8":"tag-entertainment","9":"tag-entretenimiento","10":"tag-es","11":"tag-espana","12":"tag-spain","13":"tag-tv"},"share_on_mastodon":{"url":"","error":""},"_links":{"self":[{"href":"https:\/\/www.europesays.com\/es\/wp-json\/wp\/v2\/posts\/144695","targetHints":{"allow":["GET"]}}],"collection":[{"href":"https:\/\/www.europesays.com\/es\/wp-json\/wp\/v2\/posts"}],"about":[{"href":"https:\/\/www.europesays.com\/es\/wp-json\/wp\/v2\/types\/post"}],"author":[{"embeddable":true,"href":"https:\/\/www.europesays.com\/es\/wp-json\/wp\/v2\/users\/2"}],"replies":[{"embeddable":true,"href":"https:\/\/www.europesays.com\/es\/wp-json\/wp\/v2\/comments?post=144695"}],"version-history":[{"count":0,"href":"https:\/\/www.europesays.com\/es\/wp-json\/wp\/v2\/posts\/144695\/revisions"}],"wp:featuredmedia":[{"embeddable":true,"href":"https:\/\/www.europesays.com\/es\/wp-json\/wp\/v2\/media\/144696"}],"wp:attachment":[{"href":"https:\/\/www.europesays.com\/es\/wp-json\/wp\/v2\/media?parent=144695"}],"wp:term":[{"taxonomy":"category","embeddable":true,"href":"https:\/\/www.europesays.com\/es\/wp-json\/wp\/v2\/categories?post=144695"},{"taxonomy":"post_tag","embeddable":true,"href":"https:\/\/www.europesays.com\/es\/wp-json\/wp\/v2\/tags?post=144695"}],"curies":[{"name":"wp","href":"https:\/\/api.w.org\/{rel}","templated":true}]}}