{"id":14471,"date":"2025-07-30T17:40:07","date_gmt":"2025-07-30T17:40:07","guid":{"rendered":"https:\/\/www.europesays.com\/es\/14471\/"},"modified":"2025-07-30T17:40:07","modified_gmt":"2025-07-30T17:40:07","slug":"el-boliviano-papi-juancho-va-por-su-lugar-en-la-ufc-red-uno-de-bolivia","status":"publish","type":"post","link":"https:\/\/www.europesays.com\/es\/14471\/","title":{"rendered":"El boliviano \u201cPapi Juancho\u201d va por su lugar en la UFC| Red Uno de Bolivia"},"content":{"rendered":"\n<p><strong>El peleador boliviano Juan Andr\u00e9s Cabrera<\/strong>, conocido como <strong>\u00abPapi Juancho\u00bb<\/strong>, tiene una oportunidad hist\u00f3rica: enfrentar\u00e1 al estadounidense <strong>Jimmie Pace Jr.<\/strong> el pr\u00f3ximo 7 de octubre en el <strong>Dana White\u2019s Contender Series<\/strong>, evento que se realizar\u00e1 en Las Vegas. Ambos luchar\u00e1n por un contrato con la UFC, la organizaci\u00f3n de artes marciales mixtas m\u00e1s importante del mundo.<\/p>\n<p>Cabrera, de apenas 21 a\u00f1os, llega con un destacado r\u00e9cord profesional de <strong>9 victorias, 7 de ellas por nocaut\u00a0\u00a0y solo 1 derrota<\/strong>. Su rival, Pace Jr., tiene un registro de <strong>7 triunfos y 2 ca\u00eddas<\/strong>, y buscar\u00e1 impresionar al presidente de la UFC, Dana White, en esta vitrina internacional de talentos emergentes.<\/p>\n<p>Para Bolivia, esta es una cita significativa. La participaci\u00f3n de Cabrera en el Dana White\u2019s Contender Series representa un paso importante para el desarrollo del MMA en el pa\u00eds, que busca consolidarse en el panorama internacional.<\/p>\n<p>Con un estilo agresivo, explosivo y eficaz, \u00abPapi Juancho\u00bb se ha ganado el respeto de la escena latinoamericana. Ahora, con la mirada puesta en la UFC, buscar\u00e1 dar el golpe sobre la mesa y demostrar que est\u00e1 listo para competir en la \u00e9lite del deporte.<\/p>\n<p>\u00a0<\/p>\n<p>Mira la programaci\u00f3n en <strong><a target=\"_blank\" href=\"http:\/\/www.reduno.com.bo\/play\" aria-label=\"El%20boliviano%20%E2%80%9CPapi%20Juancho%E2%80%9D%20va%20por%20su%20lugar%20en%20la%20UFC\" class=\"link\" rel=\"nofollow noopener\">Red Uno Play<\/a><\/strong><\/p>\n","protected":false},"excerpt":{"rendered":"El peleador boliviano Juan Andr\u00e9s Cabrera, conocido como \u00abPapi Juancho\u00bb, tiene una oportunidad hist\u00f3rica: enfrentar\u00e1 al estadounidense Jimmie&hellip;\n","protected":false},"author":2,"featured_media":14472,"comment_status":"","ping_status":"","sticky":false,"template":"","format":"standard","meta":{"footnotes":""},"categories":[276],"tags":[168,25,24,9699,9698,10,23,167,343],"class_list":{"0":"post-14471","1":"post","2":"type-post","3":"status-publish","4":"format-standard","5":"has-post-thumbnail","7":"category-ufc","8":"tag-deportes","9":"tag-es","10":"tag-espana","11":"tag-jimmie-pace-jr","12":"tag-juan-andrs-cabrera","13":"tag-noticias","14":"tag-spain","15":"tag-sports","16":"tag-ufc"},"share_on_mastodon":{"url":"","error":""},"_links":{"self":[{"href":"https:\/\/www.europesays.com\/es\/wp-json\/wp\/v2\/posts\/14471","targetHints":{"allow":["GET"]}}],"collection":[{"href":"https:\/\/www.europesays.com\/es\/wp-json\/wp\/v2\/posts"}],"about":[{"href":"https:\/\/www.europesays.com\/es\/wp-json\/wp\/v2\/types\/post"}],"author":[{"embeddable":true,"href":"https:\/\/www.europesays.com\/es\/wp-json\/wp\/v2\/users\/2"}],"replies":[{"embeddable":true,"href":"https:\/\/www.europesays.com\/es\/wp-json\/wp\/v2\/comments?post=14471"}],"version-history":[{"count":0,"href":"https:\/\/www.europesays.com\/es\/wp-json\/wp\/v2\/posts\/14471\/revisions"}],"wp:featuredmedia":[{"embeddable":true,"href":"https:\/\/www.europesays.com\/es\/wp-json\/wp\/v2\/media\/14472"}],"wp:attachment":[{"href":"https:\/\/www.europesays.com\/es\/wp-json\/wp\/v2\/media?parent=14471"}],"wp:term":[{"taxonomy":"category","embeddable":true,"href":"https:\/\/www.europesays.com\/es\/wp-json\/wp\/v2\/categories?post=14471"},{"taxonomy":"post_tag","embeddable":true,"href":"https:\/\/www.europesays.com\/es\/wp-json\/wp\/v2\/tags?post=14471"}],"curies":[{"name":"wp","href":"https:\/\/api.w.org\/{rel}","templated":true}]}}