{"id":144710,"date":"2025-09-28T17:43:18","date_gmt":"2025-09-28T17:43:18","guid":{"rendered":"https:\/\/www.europesays.com\/es\/144710\/"},"modified":"2025-09-28T17:43:18","modified_gmt":"2025-09-28T17:43:18","slug":"benidorm-700-aniversari-primer-premio-del-xxiv-concurso-de-composicion-de-musica-festera-villa-de-benidorm","status":"publish","type":"post","link":"https:\/\/www.europesays.com\/es\/144710\/","title":{"rendered":"\u00abBenidorm, 700 aniversari\u00bb primer premio del XXIV Concurso de Composici\u00f3n de M\u00fasica Festera \u2018Villa de Benidorm\u2019"},"content":{"rendered":"<p>Centenares de vecinos y visitantes se concentraron, poco antes de las 20:00 h, en el auditorio \u00d3scar Espl\u00e1 del Parque de l\u2019Aig\u00fcera para presenciar la exaltaci\u00f3n de cargos festeros, el preg\u00f3n de las fiestas de Moros i Cristians de Benidorm y el Concurso de Composici\u00f3n de M\u00fasica Festera \u2018Villa de Benidorm\u2019 que tuvo como protagonista a la Societat Musical l\u2019Illa de Benidorm, dirigida por el maestro Felipe Juan Lanuza.<\/p>\n<p>Entre los asistentes, la alcaldesa en funciones, Ana Pellicer, el regidor de Cultura y la de Fiestas, Maril\u00f3 Cebreros, junto a otros miembros de la corporaci\u00f3n municipal y el presidente de la Asociaci\u00f3n de Moros y Cristianos de Benidorm, Arturo Mira. Asimismo, estuvieron presentes los presidentes de la Comissi\u00f3 de Festes Majors Patronals 2025 y de la Associaci\u00f3 de Penyes, Verge del Sofratge, Susana Mart\u00ednez y Jonathan L\u00f3pez, las reinas Major e Infantil, Paula Pascual y Aitana P\u00e9rez; y representaciones de todas las entidades festeras de la ciudad.<\/p>\n<p>El acto comenz\u00f3 con la presentaci\u00f3n de las \u2018filaes\u2019 cristianas i moras, sus embajadores, y la Reina Mora 2025, Lourdes Corrales y, seguidamente, la SM l\u2019Illa de Benidorm interpret\u00f3 \u2018Mar\u00eda Rosa\u2019, \u2018Tino Herrera\u2019 y \u2018Any d\u2019Alferes\u2019 de Amando Blanquer; Cid de Pedro Joaqu\u00edn Franc\u00e9s y \u2018Alfalig\u2019, de Sa\u00fcl G\u00f3mez, pieza ganadora del \u2018Villa de Benidorm\u2019 2024.<\/p>\n<p>Tras la banda, el momento m\u00e1s emotivo de la noche lleg\u00f3 con la lectura del Preg\u00f3n de Moros y Cristianos de 2025, a cargo del actual concejal de Seguridad Ciudadana en el Ayuntamiento de Benidorm, Jes\u00fas Carrobles, muy vinculado al mundo de la fiesta en la ciudad donde ha sido, entre otros cargos, concejal de Fiestas, presidente de la Comissi\u00f3 de Festes Majors Patronals o directivo de la Asociaci\u00f3n de Moros y Cristianos.<\/p>\n<p>Carrobles record\u00f3 que la fiesta \u201cno se limita a los desfiles, significa amistad, entrega y compa\u00f1erismo\u201d y que no podemos entenderla \u201csin conocer la historia de nuestro pueblo\u201d, protagonizada durante siglos por el conflicto con los piratas berberiscos, como certifican \u201cel castillo de la Punta Canfali\u201d o \u201clas torres de vig\u00eda en toda la costa\u201d.<\/p>\n<p>Jes\u00fas Carrobles, sin embargo, puso el acento en aquello que destaca a nuestras fiestas, porque \u201clo que antes fue temor\u201d, en referencia a los ataques que padeci\u00f3 la villa hasta inicios del siglo XIX, \u201choy es orgullo cuando nuestras calles se llenan de vida con el desfile de nuestras escuadras\u201d. Adem\u00e1s, el concejal hizo hincapi\u00e9 en que Benidorm es \u201cla \u00fanica ciudad\u201d con moros y cristianos en la que \u201cse celebra un solemne parlamento de la paz\u201d.<\/p>\n<p>El pregonero finaliz\u00f3 su intervenci\u00f3n poniendo en valor \u201cnuestras bandas de m\u00fasica que ponen el alma a la fiesta\u201d y anim\u00f3 a vecinos y visitantes a disfrutar de este \u201cpuente que conecta nuestro pueblo con el mundo\u201d \u201carmados hasta los dientes, pero de abrazos\u201d.<\/p>\n<p>A continuaci\u00f3n, Jaime Jes\u00fas P\u00e9rez fue el encargado de revelar el misterio protagonista de la noche. La obra ganadora del Concurso de M\u00fasica Festera \u2018Villa de Benidorm\u2019 2025 bautizada finalmente como \u2018Benidorm, 700 aniversari\u2019, y el nombre de su autor: Alfoso Yepez \u2018Chipi\u2019, quien subi\u00f3 al escenario para recibir el cheque de 2.000 euros a la pieza ganadora y el trofeo para, a continuaci\u00f3n, tomar la batuta de mano de Felipe Juan Lanuza y dirigir a l\u2019Illa de Benidorm en su primera interpretaci\u00f3n con el nombre con que ser\u00e1 conocida a partir de ahora.<\/p>\n<p>El evento lleg\u00f3 a su fin con la pleites\u00eda que las asociaciones festeras de Benidorm rindieron a los representantes de la fiesta de moros y cristianos<br \/>\u00a0<\/p>\n","protected":false},"excerpt":{"rendered":"Centenares de vecinos y visitantes se concentraron, poco antes de las 20:00 h, en el auditorio \u00d3scar Espl\u00e1&hellip;\n","protected":false},"author":2,"featured_media":144711,"comment_status":"","ping_status":"","sticky":false,"template":"","format":"standard","meta":{"footnotes":""},"categories":[5],"tags":[17,18,44627,209,25,24,13,14,43,11,20073,19,20,41214,44628,9,10,15,16,23,12,21,22],"class_list":{"0":"post-144710","1":"post","2":"type-post","3":"status-publish","4":"format-standard","5":"has-post-thumbnail","7":"category-titulares","8":"tag-breaking-news","9":"tag-breakingnews","10":"tag-concurso-de-composicion-musica-festera-villa-de-benidorm","11":"tag-cultura","12":"tag-es","13":"tag-espana","14":"tag-featured-news","15":"tag-featurednews","16":"tag-fiestas","17":"tag-headlines","18":"tag-jaime-jesus-perez","19":"tag-latest-news","20":"tag-latestnews","21":"tag-marilo-cebreros","22":"tag-moros-y-cristianos","23":"tag-news","24":"tag-noticias","25":"tag-noticias-destacadas","26":"tag-noticiasdestacadas","27":"tag-spain","28":"tag-titulares","29":"tag-ultimas-noticias","30":"tag-ultimasnoticias"},"share_on_mastodon":{"url":"","error":""},"_links":{"self":[{"href":"https:\/\/www.europesays.com\/es\/wp-json\/wp\/v2\/posts\/144710","targetHints":{"allow":["GET"]}}],"collection":[{"href":"https:\/\/www.europesays.com\/es\/wp-json\/wp\/v2\/posts"}],"about":[{"href":"https:\/\/www.europesays.com\/es\/wp-json\/wp\/v2\/types\/post"}],"author":[{"embeddable":true,"href":"https:\/\/www.europesays.com\/es\/wp-json\/wp\/v2\/users\/2"}],"replies":[{"embeddable":true,"href":"https:\/\/www.europesays.com\/es\/wp-json\/wp\/v2\/comments?post=144710"}],"version-history":[{"count":0,"href":"https:\/\/www.europesays.com\/es\/wp-json\/wp\/v2\/posts\/144710\/revisions"}],"wp:featuredmedia":[{"embeddable":true,"href":"https:\/\/www.europesays.com\/es\/wp-json\/wp\/v2\/media\/144711"}],"wp:attachment":[{"href":"https:\/\/www.europesays.com\/es\/wp-json\/wp\/v2\/media?parent=144710"}],"wp:term":[{"taxonomy":"category","embeddable":true,"href":"https:\/\/www.europesays.com\/es\/wp-json\/wp\/v2\/categories?post=144710"},{"taxonomy":"post_tag","embeddable":true,"href":"https:\/\/www.europesays.com\/es\/wp-json\/wp\/v2\/tags?post=144710"}],"curies":[{"name":"wp","href":"https:\/\/api.w.org\/{rel}","templated":true}]}}