{"id":144712,"date":"2025-09-28T17:44:08","date_gmt":"2025-09-28T17:44:08","guid":{"rendered":"https:\/\/www.europesays.com\/es\/144712\/"},"modified":"2025-09-28T17:44:08","modified_gmt":"2025-09-28T17:44:08","slug":"el-fisico-vuelve-a-pasar-factura-al-alarcos","status":"publish","type":"post","link":"https:\/\/www.europesays.com\/es\/144712\/","title":{"rendered":"El f\u00edsico vuelve a pasar factura al Alarcos"},"content":{"rendered":"<p>El Balonmano Alarcos cosech\u00f3 su tercera derrota en otras tantas jornadas en el Grupo F de Primera Nacional. Un partido que el equipo entrenado por Julio Fis domin\u00f3 durante muchos minutos, pero que termin\u00f3 cediendo por su falta de efectivos. El paso del encuentro pas\u00f3 factura a un equipo que lo da todo, pero que no consigue aguantar el ritmo de los rivales en los 60 minutos, lo que le est\u00e1 impidiendo puntuar.<\/p>\n<p>Liderado por Julio Fis, Manu Barrios y Semedo, el equipo manchego se fue cinco arriba al descanso (17-12). Tras la reanudaci\u00f3n, se repiti\u00f3 la historia de otros duelos. El rival se fue acercando e incluso puso las tablas en el marcador. Entonces el Alarcos dio otro estir\u00f3n, pero los visitantes no hab\u00edan dicho su \u00faltima palabra y terminaron volviendo a ponerse por delante. En las \u00faltimas posesiones, Daniel Herrera y Manu Barrios tuvieron lanzamiento para empatar, pero no fue posible.<\/p>\n<p>En la pr\u00f3xima jornada el Alarcos visitar\u00e1 al M\u00e1laga (domingo 5, 12 horas).<br \/>\u00a0<\/p>\n<p><strong>FICHA T\u00c9CNICA:<br \/>BM ALARCOS CIUDAD REAL.<\/strong> Rodrigo D\u00edaz-Cambronero, Manuel Barrios (8), Hugo de Lara (2), Pablo C\u00e9sar D\u00edaz (1), Julio Fis (4), Alonso Pintor (2, 1 p.), Daniel Herrera (3), Enric Gonz\u00e1lez, Cristian Pineda (3), Andr\u00e9 Semedo (3), Alfonso D\u00edaz-Cambronero, Paolo Gabin, Guillermo Garc\u00eda-Uvero (1), Hugo Ram\u00edrez, Carlos Guti\u00e9rrez, Guillermo \u00c1lvarez.<\/p>\n<p><strong>SILBON CORDOPLAS LA SALLE.<\/strong> Jos\u00e9 Fernando Torres, Pablo Sanz, Jorge Lucena (1), Alberto Ribodigo, Antonio Verdejo (3), Manuel Mata, Juan de Dios Cabrera (1), Francisco Parejas (5), Juli\u00e1n Mold\u00f3n (5), Pablo Mart\u00edn (3), Antonio Pineda (9), \u00c1lvaro Villarejo (1), Francisco Ram\u00edrez, Mart\u00edn S\u00e1nchez, Luis Paz.<\/p>\n<p><strong>\u00c1RBITROS<\/strong>. Manuel Juan Dato Carrillo e Ioana Mihaela Ferent. Excluyeron a Pintor, Pineda (2), Semedo, Lucena (2).<\/p>\n<p><strong>PARCIALES.<\/strong> 3-1, 6-3, 9-6, 10-7, 13-9, 17-12 (descanso); 20-15, 21-19, 23-21, 25-24, 26-27 y 27-28.<\/p>\n","protected":false},"excerpt":{"rendered":"El Balonmano Alarcos cosech\u00f3 su tercera derrota en otras tantas jornadas en el Grupo F de Primera Nacional.&hellip;\n","protected":false},"author":2,"featured_media":144713,"comment_status":"","ping_status":"","sticky":false,"template":"","format":"standard","meta":{"footnotes":""},"categories":[278],"tags":[12572,376,168,25,24,375,1963,23,167,17748],"class_list":{"0":"post-144712","1":"post","2":"type-post","3":"status-publish","4":"format-standard","5":"has-post-thumbnail","7":"category-balonmano","8":"tag-arbitros","9":"tag-balonmano","10":"tag-deportes","11":"tag-es","12":"tag-espana","13":"tag-handball","14":"tag-malaga-cf","15":"tag-spain","16":"tag-sports","17":"tag-vestas-alarcos"},"share_on_mastodon":{"url":"","error":""},"_links":{"self":[{"href":"https:\/\/www.europesays.com\/es\/wp-json\/wp\/v2\/posts\/144712","targetHints":{"allow":["GET"]}}],"collection":[{"href":"https:\/\/www.europesays.com\/es\/wp-json\/wp\/v2\/posts"}],"about":[{"href":"https:\/\/www.europesays.com\/es\/wp-json\/wp\/v2\/types\/post"}],"author":[{"embeddable":true,"href":"https:\/\/www.europesays.com\/es\/wp-json\/wp\/v2\/users\/2"}],"replies":[{"embeddable":true,"href":"https:\/\/www.europesays.com\/es\/wp-json\/wp\/v2\/comments?post=144712"}],"version-history":[{"count":0,"href":"https:\/\/www.europesays.com\/es\/wp-json\/wp\/v2\/posts\/144712\/revisions"}],"wp:featuredmedia":[{"embeddable":true,"href":"https:\/\/www.europesays.com\/es\/wp-json\/wp\/v2\/media\/144713"}],"wp:attachment":[{"href":"https:\/\/www.europesays.com\/es\/wp-json\/wp\/v2\/media?parent=144712"}],"wp:term":[{"taxonomy":"category","embeddable":true,"href":"https:\/\/www.europesays.com\/es\/wp-json\/wp\/v2\/categories?post=144712"},{"taxonomy":"post_tag","embeddable":true,"href":"https:\/\/www.europesays.com\/es\/wp-json\/wp\/v2\/tags?post=144712"}],"curies":[{"name":"wp","href":"https:\/\/api.w.org\/{rel}","templated":true}]}}