{"id":144724,"date":"2025-09-28T17:52:08","date_gmt":"2025-09-28T17:52:08","guid":{"rendered":"https:\/\/www.europesays.com\/es\/144724\/"},"modified":"2025-09-28T17:52:08","modified_gmt":"2025-09-28T17:52:08","slug":"este-es-el-1x1-del-malaga-ante-el-burgos-en-el-plantio","status":"publish","type":"post","link":"https:\/\/www.europesays.com\/es\/144724\/","title":{"rendered":"Este es el 1&#215;1 del M\u00e1laga ante el Burgos en El Plant\u00edo"},"content":{"rendered":"<p><a href=\"https:\/\/www.merchanendirecto.es\/wp-content\/uploads\/2025\/09\/1x1-malaga-burgos-.webp\" data-caption=\"\" rel=\"nofollow noopener\" target=\"_blank\"><img loading=\"lazy\" decoding=\"async\" width=\"696\" height=\"392\" class=\"entry-thumb td-modal-image\" src=\"https:\/\/www.europesays.com\/es\/wp-content\/uploads\/2025\/09\/1x1-malaga-burgos--696x392.webp.webp\"   alt=\"\" title=\"1x1 m\u00e1laga burgos\"\/><\/a><\/p>\n<p>El M\u00e1laga no pudo sumar en su visita a <a href=\"https:\/\/www.merchanendirecto.es\/malaga-cf\/cronica-derrota-tan-injusta-como-alarmante-del-malaga-cf-en-burgos-jornada-7\/\" target=\"_blank\" rel=\"noreferrer noopener nofollow\">El Plant\u00edo y cay\u00f3 por 2-1 ante el Burgos en un partido en el que mostr\u00f3 altibajos tanto en defensa como en ataque<\/a>. M\u00e1s all\u00e1 del resultado, repasamos el <strong>rendimiento individual de los jugadores blanquiazules<\/strong> con sus puntuaciones \u2014del 0 al 10\u2014 para medir qui\u00e9n estuvo a la altura y qui\u00e9n dej\u00f3 dudas sobre el c\u00e9sped burgal\u00e9s. Este es el 1\u00d71 del M\u00e1laga en su derrota en El Plant\u00edo ante el Burgos. <\/p>\n<p><strong>ALFONSO HERRERO (3): <\/strong>Suspenso del meta en su regreso a Burgos. No fueron culpa suya los goles, pero el portero tampoco estuvo fino en ellos. Los dos tantos entraron por su palo sin que obrara milagro alguno.<\/p>\n<p><strong>MURILLO (5): <\/strong>Un tiempo de lateral derecho y otro de lateral izquierdo. El canterano cumpli\u00f3 en su papel defensivo despu\u00e9s de pelearse y discutir con los atacantes del Burgos.<\/p>\n<p><strong>MONTERO (5): <\/strong>El zaguero cumpli\u00f3 despu\u00e9s de su fallo ante el C\u00e1diz. Seguro al corte y en el juego a\u00e9reo en un partido en el que el Burgos tampoco atac\u00f3 mucho. Problemas con Fer Ni\u00f1o.<\/p>\n<p><strong>GALILEA (2):<\/strong> Mal encuentro del defensa vasco. Tuvo varios problemas en acciones que requer\u00edan velocidad y adem\u00e1s acab\u00f3 expulsado por dos acciones innecesarias.\u00a0<\/p>\n<p><strong>DANI S\u00c1NCHEZ (4): <\/strong>No desafin\u00f3 en la primera mitad aunque tuvo muchos problemas con las acciones que generaba Appin. No se prodigo mucho en ataque y fue sustituido al descanso.<\/p>\n<p><strong>DANI LORENZO (7):<\/strong> El mejor del M\u00e1laga con mucha claridad. Fue el faro del equipo en la salida de bal\u00f3n y regal\u00f3 un golazo a los malaguistas desplazados a El Plant\u00edo.<\/p>\n<p><strong>JUANPE (5): <\/strong>Justito de fondo f\u00edsico en el centro del campo. No estuvo del todo ubicado en la medular y aunque recuper\u00f3 varios balones no est\u00e1 siendo el de las primeras jornadas.\u00a0<\/p>\n<p><strong>RAFA (3): <\/strong>M\u00e1s ganas que f\u00fatbol. No termin\u00f3 de encontrar su sitio en el campo. Pellicer lo movi\u00f3 por varias zonas del campo sin que diese con la tecla de su juego.<\/p>\n<p><strong>LOBETE (4): <\/strong>De m\u00e1s a menos. Pas\u00f3 de dar la asistencia a Dani Lorenzo a coleccionar un sinf\u00edn de balones perdidos en ataque. Pellicer acab\u00f3 quit\u00e1ndole del campo despu\u00e9s de varios errores.<\/p>\n<p><strong>CHUPETE (2): <\/strong>Uno de sus peores partidos como malaguista. Se olvid\u00f3 de la marca en el empate a uno y no estuvo nada fino en ataque. Demasiado solo arriba y parece un fantasma del goleador que sabemos que tiene dentro.\u00a0<\/p>\n<p><strong>LARRUBIA (3): <\/strong>No llega al aprobado el partido del jugador del barrio de La Luz. Pellicer lo movi\u00f3 de una banda a otra sin que encontrase su momento en el campo y el partido. Hay que exigirle mucho m\u00e1s al \u201910\u2019 del equipo.\u00a0<\/p>\n<p>\u2014\u2014\u2014\u2014\u2014\u2014\u2014\u2014\u2014\u2014\u2014\u2014\u2014\u2014\u2014\u2014\u2014\u2014\u2014\u2014\u2014\u2014\u2014\u2014\u2014\u2014\u2014\u2014\u2014\u2014\u2014<\/p>\n<p><strong>DOTOR (3):<\/strong> Su cambio no aport\u00f3 absolutamente nada al juego del M\u00e1laga. Se le ve algo obsoleto en sus funciones con el equipo.<\/p>\n<p><strong>GABILONDO (2): <\/strong>Sigue dejando claro que no puede tener minutos en este M\u00e1laga. Fall\u00f3 en la marca del gol y cost\u00f3 los puntos en Burgos.<\/p>\n<p><strong>DORRIO (2): <\/strong>Mal debut del extremo. Fall\u00f3 en su marca en el gol del uno a dos. En ataque no se fue de nadie y no cambi\u00f3 nada.<\/p>\n<p><strong>JAUREGUI (3): <\/strong>Pas\u00f3 desapercibido. Como a Chupete, no le llegaron apenas balones de claridad. Sigue mal de forma para m\u00e1s minutos.<\/p>\n<p><strong>HAITAM (5):<\/strong> La nota positiva del partido. Su regreso es una buena noticia, en lo que estuvo en contacto con el bal\u00f3n fue todo positivo. Ir\u00e1 a m\u00e1s si las lesiones le dejan.<\/p>\n<p>\u2014\u2014\u2014\u2014\u2014\u2014\u2014\u2014\u2014\u2014\u2014\u2014\u2014\u2014\u2014\u2014\u2014\u2014\u2014\u2014\u2014\u2014\u2014\u2014<\/p>\n<p><strong>PELLICER (2): <\/strong>Otro partido en el que el M\u00e1laga no tiene claro a lo que juega y no mantiene una continuidad clara en el f\u00fatbol que propone. Las bajas est\u00e1n afectando, pero no hay un punto al que agarrarse para poner fin a la mala racha. Otra derrota extra\u00f1a con cambios extra\u00f1os.<\/p>\n","protected":false},"excerpt":{"rendered":"El M\u00e1laga no pudo sumar en su visita a El Plant\u00edo y cay\u00f3 por 2-1 ante el Burgos&hellip;\n","protected":false},"author":2,"featured_media":144725,"comment_status":"","ping_status":"","sticky":false,"template":"","format":"standard","meta":{"footnotes":""},"categories":[268],"tags":[10306,10221,168,25,24,280,282,4174,1963,17754,281,23,167],"class_list":{"0":"post-144724","1":"post","2":"type-post","3":"status-publish","4":"format-standard","5":"has-post-thumbnail","7":"category-futbol","8":"tag-1x1","9":"tag-burgos-cf","10":"tag-deportes","11":"tag-es","12":"tag-espana","13":"tag-football","14":"tag-futbol","15":"tag-laliga-hypermotion","16":"tag-malaga-cf","17":"tag-notas","18":"tag-soccer","19":"tag-spain","20":"tag-sports"},"share_on_mastodon":{"url":"","error":""},"_links":{"self":[{"href":"https:\/\/www.europesays.com\/es\/wp-json\/wp\/v2\/posts\/144724","targetHints":{"allow":["GET"]}}],"collection":[{"href":"https:\/\/www.europesays.com\/es\/wp-json\/wp\/v2\/posts"}],"about":[{"href":"https:\/\/www.europesays.com\/es\/wp-json\/wp\/v2\/types\/post"}],"author":[{"embeddable":true,"href":"https:\/\/www.europesays.com\/es\/wp-json\/wp\/v2\/users\/2"}],"replies":[{"embeddable":true,"href":"https:\/\/www.europesays.com\/es\/wp-json\/wp\/v2\/comments?post=144724"}],"version-history":[{"count":0,"href":"https:\/\/www.europesays.com\/es\/wp-json\/wp\/v2\/posts\/144724\/revisions"}],"wp:featuredmedia":[{"embeddable":true,"href":"https:\/\/www.europesays.com\/es\/wp-json\/wp\/v2\/media\/144725"}],"wp:attachment":[{"href":"https:\/\/www.europesays.com\/es\/wp-json\/wp\/v2\/media?parent=144724"}],"wp:term":[{"taxonomy":"category","embeddable":true,"href":"https:\/\/www.europesays.com\/es\/wp-json\/wp\/v2\/categories?post=144724"},{"taxonomy":"post_tag","embeddable":true,"href":"https:\/\/www.europesays.com\/es\/wp-json\/wp\/v2\/tags?post=144724"}],"curies":[{"name":"wp","href":"https:\/\/api.w.org\/{rel}","templated":true}]}}