{"id":144726,"date":"2025-09-28T17:53:11","date_gmt":"2025-09-28T17:53:11","guid":{"rendered":"https:\/\/www.europesays.com\/es\/144726\/"},"modified":"2025-09-28T17:53:11","modified_gmt":"2025-09-28T17:53:11","slug":"expectacion-en-san-diego-comic-con-malaga-con-la-llegada-del-heroe-arnold-schwarzenegger","status":"publish","type":"post","link":"https:\/\/www.europesays.com\/es\/144726\/","title":{"rendered":"Expectaci\u00f3n en San Diego Comic-Con M\u00e1laga con la llegada del h\u00e9roe Arnold Schwarzenegger"},"content":{"rendered":"<p>Con diferencia era el m\u00e1s esperado de esta edici\u00f3n. El \u00fanico e inimitable &#8216;Terminator&#8217; de la ficci\u00f3n, Arnold Schwarzenegger, ha llegado este domingo a <a href=\"https:\/\/www.diariosur.es\/culturas\/comic-con\/\" data-voc-vtm-id=\"in-text-traffic\" title=\"San Diego Comic-Con M\u00e1laga\" data-mrf-link=\"www.diariosur.es\" rel=\"nofollow noopener\" target=\"_blank\">San Diego Comic-Con M\u00e1laga<\/a> &#8230;  (SDCCM) como gran h\u00e9roe de este primer a\u00f1o. Todo un ba\u00f1o de mitoman\u00eda. Y de nivel Hollywood. Un atestado Hall M se ha puesto en pie nada m\u00e1s entrar el padrino de esta edici\u00f3n inaugural. El encargado de presentarlo ha sido el mism\u00edsimo Antonio Banderas, que ha llamado al escenario a su compa\u00f1ero en &#8216;Los Mercenarios&#8217;, que ha entrado con el p\u00fablico puesto en pie. El actor ha regalado abrazos y ha confesado que desde que le \u00abinvitaron a M\u00e1laga para venir al primer evento Comic-Con, dije: me apunto\u00bb.<\/p>\n<p class=\"v-p\">En la primera fila del auditorio se situaban el alcalde de M\u00e1laga, Francisco de la Torre, y el presidente de la Junta de Andaluc\u00eda, Juanma Moreno, y junto con Antonio Banderas ejerc\u00eda de maestro de ceremonias el director \u00c1lex de la Iglesia.<\/p>\n<p class=\"v-p\">Las puertas se han abierto puntualmente a las 10 de la ma\u00f1ana, aunque desde el alba ya hab\u00eda p\u00fablico esperando para coger buen sitio en esta jornada se\u00f1alada de la Comic-Con. R\u00e1pidamente, los primeros visitantes que han accedido al exterior del recinto ferial se han decantando por dos v\u00edas. Unos corr\u00edan para acceder al pabell\u00f3n de exposiciones, donde se encuentra la mayor parte de atracciones, coleccionistas y venta de todo tipo de productor de la cultura pop, entre ellos los ya famosos Funko que se agotan en apenas minutos. Otros se han dirigido en sentido opuesto para tomar posiciones en el Hall M, donde 3.000 personas disfrutan de la gran atracci\u00f3n del evento, Schwarzenegger, que ofrece una charla titulada como una de sus grandes pel\u00edculas: &#8216;Desaf\u00edo total&#8217;. <\/p>\n<p class=\"v-p\">Esta \u00faltima jornada ha amanecido con una gran expectaci\u00f3n, gran ambiente y, por supuesto, disfraces y &#8216;cosplayers&#8217; de todos los colores. Es un d\u00eda para todos los p\u00fablicos ya que en los acceso se han visto numerosas familias que acud\u00edan aprovechando el fin de semana. <\/p>\n<p class=\"v-p\">Y es que el buen ambiente y el acceso fluido es la nota predominante tras la apertura de puertas de esta \u00faltima jornada, en la que tambi\u00e9n tienen cita uno de los grandes gur\u00fas del c\u00f3mic mundial, Jim Lee, el artista y editor jefe de DC C\u00f3mics, y el director de cine J.A. Bayona, que llega directamente del Festival de San Sebasti\u00e1n, donde ayer particip\u00f3 en la clausura del certamen como presidente del jurado. <\/p>\n","protected":false},"excerpt":{"rendered":"Con diferencia era el m\u00e1s esperado de esta edici\u00f3n. El \u00fanico e inimitable &#8216;Terminator&#8217; de la ficci\u00f3n, Arnold&hellip;\n","protected":false},"author":2,"featured_media":144727,"comment_status":"","ping_status":"","sticky":false,"template":"","format":"standard","meta":{"footnotes":""},"categories":[174],"tags":[13641,255,35951,15477,146,147,25,24,17171,256,17885,5808,3855,2228,13642,23],"class_list":{"0":"post-144726","1":"post","2":"type-post","3":"status-publish","4":"format-standard","5":"has-post-thumbnail","7":"category-famosos","8":"tag-arnold","9":"tag-celebrities","10":"tag-comiccon","11":"tag-diego","12":"tag-entertainment","13":"tag-entretenimiento","14":"tag-es","15":"tag-espana","16":"tag-expectacion","17":"tag-famosos","18":"tag-heroe","19":"tag-llegada","20":"tag-malaga","21":"tag-san","22":"tag-schwarzenegger","23":"tag-spain"},"share_on_mastodon":{"url":"","error":""},"_links":{"self":[{"href":"https:\/\/www.europesays.com\/es\/wp-json\/wp\/v2\/posts\/144726","targetHints":{"allow":["GET"]}}],"collection":[{"href":"https:\/\/www.europesays.com\/es\/wp-json\/wp\/v2\/posts"}],"about":[{"href":"https:\/\/www.europesays.com\/es\/wp-json\/wp\/v2\/types\/post"}],"author":[{"embeddable":true,"href":"https:\/\/www.europesays.com\/es\/wp-json\/wp\/v2\/users\/2"}],"replies":[{"embeddable":true,"href":"https:\/\/www.europesays.com\/es\/wp-json\/wp\/v2\/comments?post=144726"}],"version-history":[{"count":0,"href":"https:\/\/www.europesays.com\/es\/wp-json\/wp\/v2\/posts\/144726\/revisions"}],"wp:featuredmedia":[{"embeddable":true,"href":"https:\/\/www.europesays.com\/es\/wp-json\/wp\/v2\/media\/144727"}],"wp:attachment":[{"href":"https:\/\/www.europesays.com\/es\/wp-json\/wp\/v2\/media?parent=144726"}],"wp:term":[{"taxonomy":"category","embeddable":true,"href":"https:\/\/www.europesays.com\/es\/wp-json\/wp\/v2\/categories?post=144726"},{"taxonomy":"post_tag","embeddable":true,"href":"https:\/\/www.europesays.com\/es\/wp-json\/wp\/v2\/tags?post=144726"}],"curies":[{"name":"wp","href":"https:\/\/api.w.org\/{rel}","templated":true}]}}