{"id":144742,"date":"2025-09-28T18:04:10","date_gmt":"2025-09-28T18:04:10","guid":{"rendered":"https:\/\/www.europesays.com\/es\/144742\/"},"modified":"2025-09-28T18:04:10","modified_gmt":"2025-09-28T18:04:10","slug":"viena-una-ciudad-dividida-por-la-presencia-de-israel-en-eurovision-2026-si-hay-protestas-en-mayo-alli-estaremos-television","status":"publish","type":"post","link":"https:\/\/www.europesays.com\/es\/144742\/","title":{"rendered":"Viena, una ciudad dividida por la presencia de Israel en Eurovisi\u00f3n 2026: \u201cSi hay protestas en mayo, all\u00ed estaremos\u201d | Televisi\u00f3n"},"content":{"rendered":"<p class=\"\">Las calles de Viena vivieron el pasado s\u00e1bado 20 de septiembre la manifestaci\u00f3n propalestina m\u00e1s relevante desde que comenz\u00f3 <a href=\"https:\/\/elpais.com\/noticias\/conflicto-arabe-israeli\/\" target=\"_self\" rel=\"nofollow noopener\" title=\"https:\/\/elpais.com\/noticias\/conflicto-arabe-israeli\/\">la ofensiva de Israel en Gaza en 2023<\/a>, tras la matanza de Ham\u00e1s en territorio israel\u00ed del 7 de octubre de ese a\u00f1o. M\u00e1s de 20.000 personas acudieron a la llamada de asociaciones como Amnist\u00eda Internacional y la de la comunidad palestina en Austria, seg\u00fan los datos facilitados por sus organizadores, que contrastan con los apenas 3.000 asistentes cifrados por la polic\u00eda local. La ciudad afronta una permanente divisi\u00f3n en torno a su postura respecto a Israel que se agrava a\u00fan m\u00e1s por su condici\u00f3n <a href=\"https:\/\/elpais.com\/internacional\/2025-09-18\/mas-de-50-eurodiputados-piden-a-la-uer-que-israel-sea-expulsado-de-eurovision.html\" target=\"_self\" rel=\"nofollow noopener\" title=\"https:\/\/elpais.com\/internacional\/2025-09-18\/mas-de-50-eurodiputados-piden-a-la-uer-que-israel-sea-expulsado-de-eurovision.html\">de sede del festival de Eurovisi\u00f3n 2026<\/a>.<\/p>\n<p class=\"\">Una de las personas que tom\u00f3 el micr\u00f3fono durante la manifestaci\u00f3n del s\u00e1bado fue <a href=\"https:\/\/www.palaestinasolidaritaet.at\/en\/2025-01-11-interview-with-dalia-sarig\/\" target=\"_self\" rel=\"nofollow noopener\" title=\"https:\/\/www.palaestinasolidaritaet.at\/en\/2025-01-11-interview-with-dalia-sarig\/\">Dalia Sarig<\/a>, una activista jud\u00eda militante del movimiento de liberaci\u00f3n de Palestina y confundadora del movimiento antisionista jud\u00edo. A modo de protesta, Sarig renunci\u00f3 en 2015 a su nacionalidad israel\u00ed. \u201cHay un aspecto cultural que hace que a la gente de a pie en Austria le cueste criticar a Israel, al sentirse en parte responsable del Holocausto. Pero la raz\u00f3n por la que los pol\u00edticos se posicionan del lado de Israel, en cambio, es una cuesti\u00f3n de poder y dinero. Los medios de comunicaci\u00f3n de aqu\u00ed no ayudan a que la gente tome coincidencia de lo que est\u00e1 pasando\u201d, defiende la activista al final de la marcha de protesta, ante el Parlamento austriaco. <\/p>\n<p class=\"\">Para Sarig, no es casualidad que \u201cla poblaci\u00f3n austriaca por fin haya despertado\u201d tan solo cuatro d\u00edas despu\u00e9s de que una comisi\u00f3n independiente de investigaci\u00f3n nombrada por Naciones Unidas acusara por primera vez el 16 de septiembre a Israel de ser responsable de <a href=\"https:\/\/elpais.com\/internacional\/2025-07-28\/nuestro-genocidio-la-ong-btselem-rompe-un-tabu-en-israel-al-acusar-a-su-pais-de-ese-crimen-en-gaza.html\" rel=\"nofollow noopener\" target=\"_blank\">genocidio en Gaza<\/a>, tras causar casi 65.000 muertos en el enclave en algo menos de dos a\u00f1os. Por eso, considera que la posici\u00f3n de la UER con respecto a Israel y la de Viena como anfitriona de Eurovisi\u00f3n es tambi\u00e9n relevante. <\/p>\n<p><img decoding=\"auto\" class=\"_re lazyload a_m-h\" height=\"276\"  width=\"414\"  src=\"https:\/\/www.europesays.com\/es\/wp-content\/uploads\/2025\/09\/4EXY4TDNZ5FUPG6CEL22ARH7YU.jpg\" loading=\"lazy\"\/>Miles de personas marcharon por las calles de Viena este 20 de septiembre para solicitar sanciones a Israel por el genocidio en Gaza.Anadolu (Anadolu via Getty Images)<\/p>\n<p class=\"\">Florian Keller, portavoz <a href=\"https:\/\/www.instagram.com\/rkp_austria\/\" target=\"_self\" rel=\"nofollow noopener\" title=\"https:\/\/www.instagram.com\/rkp_austria\/\">del Partido Revolucionario Comunista de Austria<\/a>, tambi\u00e9n presente en la marcha, coincide en que \u201cla labor de los pol\u00edticos y los medios austriacos\u201d han colaborado a adormecer hasta ahora a la opini\u00f3n p\u00fablica del pa\u00eds con respecto al conflicto \u00e1rabe-israel\u00ed, usando de forma c\u00ednica la memoria del Holocausto\u201d, asegura al comienzo de la manifestaci\u00f3n. \u201cAunque fueron las clases altas de Alemania y Austria las que lo apoyaron, ahora les dicen a los j\u00f3venes y las clases humildes del pa\u00eds que condenar el comportamiento actual de Israel es antisemita\u201d, explica. \u201cCualquier artista israel\u00ed que participe en Eurovisi\u00f3n, al igual que ocurre con los deportistas, podr\u00eda usar su presencia en un evento internacional de este tipo para condenar el genocidio. Pero no lo hacen. Ni lo van a hacer\u201d, comenta Keller.<\/p>\n<p class=\"\">Francia, Reino Unido y Portugal son algunos de los pa\u00edses <a href=\"https:\/\/elpais.com\/internacional\/2025-09-22\/francia-reconoce-en-la-onu-el-estado-palestino-pese-a-la-presion-de-israel.html\" target=\"_self\" rel=\"nofollow noopener\" title=\"https:\/\/elpais.com\/internacional\/2025-09-22\/francia-reconoce-en-la-onu-el-estado-palestino-pese-a-la-presion-de-israel.html\">que se han sumado en los \u00faltimos d\u00edas al reconocimiento del Estado Palestino<\/a>. La presidenta de la Comisi\u00f3n Europea, Ursula von der Leyen, <a href=\"https:\/\/elpais.com\/internacional\/2025-09-11\/la-eurocamara-respalda-la-propuesta-de-von-der-leyen-de-suspender-el-acuerdo-comercial-con-israel.html\" target=\"_self\" rel=\"nofollow noopener\" title=\"https:\/\/elpais.com\/internacional\/2025-09-11\/la-eurocamara-respalda-la-propuesta-de-von-der-leyen-de-suspender-el-acuerdo-comercial-con-israel.html\">propuso a principios de septiembre sanciones a Israel por el asedio a Gaza<\/a>. Y cinco pa\u00edses, incluido Espa\u00f1a, <a href=\"https:\/\/elpais.com\/television\/2025-09-16\/espantada-en-eurovision-espana-quinto-pais-que-confirma-su-retirada-si-israel-participa-en-2026.html\" target=\"_self\" rel=\"nofollow noopener\" title=\"https:\/\/elpais.com\/television\/2025-09-16\/espantada-en-eurovision-espana-quinto-pais-que-confirma-su-retirada-si-israel-participa-en-2026.html\">han amenazado con no acudir ni emitir Eurovisi\u00f3n<\/a> si Israel participa en el festival.<\/p>\n<p><img decoding=\"auto\" class=\"_re lazyload a_m-h\" height=\"276\"  width=\"414\"  src=\"https:\/\/www.europesays.com\/es\/wp-content\/uploads\/2025\/09\/AGASSVFJLRPXLKXFQADIOEK5UE.jpg\" loading=\"lazy\"\/>La ministra de Asuntos Exteriores de Austria, Beate Meinl-Reisinger, reivindica Eurovisi\u00f3n como \u00abs\u00edmbolo de paz\u00bb y no como \u00abinstrumento para imponer sanciones\u00bb a Israel.CONTACTO v\u00eda Europa Press (CONTACTO v\u00eda Europa Press)<\/p>\n<p class=\"\">En cambio, la postura austriaca sigue siendo de apoyo a que Israel participe en el certamen. Ante la posible decisi\u00f3n de RTVE y de otras cuatro televisiones p\u00fablicas europeas (de Irlanda, Eslovenia, Islandia y Pa\u00edses Bajos) de no acudir a Eurovisi\u00f3n, la ministra de Asuntos Exteriores de Austria, Beate Meinl-Reisinger, ha expresado en un comunicado que \u201cexcluir a Israel o boicotear el evento no aliviar\u00eda la crisis humanitaria en Gaza ni contribuir\u00eda a una soluci\u00f3n pol\u00edtica sostenible\u201d. El embajador de Israel, David Roet, aseguraba esta semana <a href=\"https:\/\/www.falter.at\/zeitung\/20250923\/boykott-oder-bankrott\" target=\"_self\" rel=\"nofollow noopener\" title=\"https:\/\/www.falter.at\/zeitung\/20250923\/boykott-oder-bankrott\">a la revista austriaca Falter<\/a> que su pa\u00eds \u201cde ning\u00fan modo se retirar\u00e1 de la competici\u00f3n por s\u00ed solo\u201d. Tambi\u00e9n aseguraba que Israel no va a participar bajo bandera neutra, como ha propuesto la organizadora del certamen, la Uni\u00f3n Europea de Radiodifusi\u00f3n (UER), <a href=\"https:\/\/www.timesofisrael.com\/eurovision-organizers-said-to-recommend-israel-withdraw-or-perform-without-flag\/\" target=\"_self\" rel=\"nofollow noopener\" title=\"https:\/\/www.timesofisrael.com\/eurovision-organizers-said-to-recommend-israel-withdraw-or-perform-without-flag\/\">seg\u00fan informa la prensa israel\u00ed<\/a>.<\/p>\n<p class=\"\">\u201cSi artistas o deportistas participan en eventos internacionales luciendo la bandera de Israel es porque representan al Estado de Israel y sus acciones\u201d, opina Sarig, quien asegura que las mismas asociaciones que han llevado a miles de personas ante el Parlamento austriaco la semana pasada organizar\u00e1n actos de protesta similares durante el mes de mayo, cuando Eurovisi\u00f3n se celebre en Viena. \u201cSi se organiza una protesta por Eurovisi\u00f3n, all\u00ed estaremos. Tenemos que exigir que Eurovisi\u00f3n actu\u00e9 con Israel como lo hizo Rusia: expuls\u00e1ndola de un evento que tan solo blanquear\u00eda sus acciones\u201d, asegura Karin, una vienesa de 63 a\u00f1os asistente a las marchas propalestinas del s\u00e1bado 20 de septiembre. <\/p>\n<p class=\"\">Ya hubo una primera protesta en Viena contra su labor de anfitriona de Eurovisi\u00f3n. Ocurri\u00f3 el pasado 19 de agosto ante la sede de la ORF, la televisi\u00f3n p\u00fablica nacional encargada de emitir en 2026 el certamen para todo el mundo, horas despu\u00e9s de que se anunciara que la capital ser\u00eda la sede del festival. Consultado por este peri\u00f3dico, el canal estatal austriaco recuerda que \u201csiempre es la emisora \u200b\u200bp\u00fablica de un pa\u00eds la que participa en Eurovisi\u00f3n, no el gobierno ni el propio pa\u00eds. Sin embargo, en \u00faltima instancia, la decisi\u00f3n sobre la participaci\u00f3n israel\u00ed recae en la UER y sus miembros. La ORF ser\u00e1 un buen anfitri\u00f3n para todas las delegaciones en mayo de 2026\u201d, explica un portavoz, al tiempo que declina opinar sobre la postura de RTVE y de los otros cuatro miembros de la UER de no compartir escenario con Israel ni emitir el evento si el pa\u00eds forma parte de \u00e9l.<\/p>\n<p><img decoding=\"auto\" class=\"_re lazyload a_m-h\" height=\"277\"  width=\"414\"  src=\"https:\/\/www.europesays.com\/es\/wp-content\/uploads\/2025\/09\/XR32ROB2VZ52Q5JIYPXZBEMRXE.jpg\" loading=\"lazy\"\/>El austriaco JJ gan\u00f3 Eurovisi\u00f3n 2025 y se mostr\u00f3 contrario a que Israel participara en la edici\u00f3n organizada por su pa\u00eds.Martin Meissner (AP)<\/p>\n<p class=\"\">El ganador de Eurovisi\u00f3n 2025, el austriaco JJ, cuya victoria con el tema Wasted Love otorg\u00f3 a Viena la condici\u00f3n de pr\u00f3xima anfitriona del certamen, <a href=\"https:\/\/elpais.com\/television\/2025-05-21\/jj-tras-ganar-eurovision-2025-ojala-el-ano-que-viene-el-festival-se-celebre-en-viena-y-sin-israel.html\" target=\"_self\" rel=\"nofollow noopener\" title=\"https:\/\/elpais.com\/television\/2025-05-21\/jj-tras-ganar-eurovision-2025-ojala-el-ano-que-viene-el-festival-se-celebre-en-viena-y-sin-israel.html\">se atrevi\u00f3 a mostrar su postura contraria a que Israel formara parte del evento en una entrevista con EL PA\u00cdS<\/a>, horas despu\u00e9s de haber triunfado en el certamen. Sus declaraciones formaron tal revuelo en Austria que tanto la ORF como, Warner Music, la discogr\u00e1fica que lanz\u00f3 al mercado la canci\u00f3n, pidieron a JJ que no volviera a manifestarse en p\u00fablico en contra de Israel, seg\u00fan aseguraron en su momento a este peri\u00f3dico personas cercanas al artista. El cantante se disculp\u00f3 pocos d\u00edas despu\u00e9s por haber pedido la expulsi\u00f3n del pa\u00eds.<\/p>\n<p class=\"\">Pero la presi\u00f3n que RTVE y otros pa\u00edses est\u00e1 ejerciendo sobre la UER ha provocado que la responsable de Eurovisi\u00f3n <a href=\"https:\/\/elpais.com\/television\/2025-09-25\/eurovision-adelanta-a-noviembre-la-votacion-por-la-permanencia-de-israel.html\" target=\"_self\" rel=\"nofollow noopener\" title=\"https:\/\/elpais.com\/television\/2025-09-25\/eurovision-adelanta-a-noviembre-la-votacion-por-la-permanencia-de-israel.html\">haya decidido adelantar la votaci\u00f3n<\/a> sobre la participaci\u00f3n israel\u00ed a noviembre, un mes antes de lo previsto. El pago anual de Espa\u00f1a a la UER como miembro del Big Five, los cinco participantes que m\u00e1s aportan econ\u00f3micamente al organismo, es de unos 320.000 euros, seg\u00fan el Portal de Transparencia. Si Eslovenia, Pa\u00edses Bajos, Irlanda e Islandia tambi\u00e9n se retiraran junto a otros de los pa\u00edses escandinavos que se han mostrado indecisos, las p\u00e9rdidas para la UER ser\u00edan de cerca de un mill\u00f3n de euros y de una buena parte de su audiencia y, por tanto, de su influencia total. De ser Israel quien debiera retirarse, Eurovisi\u00f3n tendr\u00eda un problema con su principal patrocinador, la marca israel\u00ed de cosm\u00e9ticos Moroccanoil.<\/p>\n<p><script async src=\"\/\/www.instagram.com\/embed.js\"><\/script><\/p>\n","protected":false},"excerpt":{"rendered":"Las calles de Viena vivieron el pasado s\u00e1bado 20 de septiembre la manifestaci\u00f3n propalestina m\u00e1s relevante desde que&hellip;\n","protected":false},"author":2,"featured_media":144743,"comment_status":"","ping_status":"","sticky":false,"template":"","format":"standard","meta":{"footnotes":""},"categories":[42],"tags":[15995,17,18,68,700,13,14,25188,5271,11,61,62,63,64,74,19,20,9,10,15,16,952,518,807,12,21,22,4965,65,66,67],"class_list":{"0":"post-144742","1":"post","2":"type-post","3":"status-publish","4":"format-standard","5":"has-post-thumbnail","7":"category-internacional","8":"tag-austria","9":"tag-breaking-news","10":"tag-breakingnews","11":"tag-conflicto-arabe-israeli","12":"tag-europa","13":"tag-featured-news","14":"tag-featurednews","15":"tag-festival-eurovision","16":"tag-festivales-musica","17":"tag-headlines","18":"tag-internacional","19":"tag-international","20":"tag-international-news","21":"tag-internationalnews","22":"tag-israel","23":"tag-latest-news","24":"tag-latestnews","25":"tag-news","26":"tag-noticias","27":"tag-noticias-destacadas","28":"tag-noticiasdestacadas","29":"tag-politica","30":"tag-rtve","31":"tag-television","32":"tag-titulares","33":"tag-ultimas-noticias","34":"tag-ultimasnoticias","35":"tag-viena","36":"tag-world","37":"tag-world-news","38":"tag-worldnews"},"share_on_mastodon":{"url":"","error":""},"_links":{"self":[{"href":"https:\/\/www.europesays.com\/es\/wp-json\/wp\/v2\/posts\/144742","targetHints":{"allow":["GET"]}}],"collection":[{"href":"https:\/\/www.europesays.com\/es\/wp-json\/wp\/v2\/posts"}],"about":[{"href":"https:\/\/www.europesays.com\/es\/wp-json\/wp\/v2\/types\/post"}],"author":[{"embeddable":true,"href":"https:\/\/www.europesays.com\/es\/wp-json\/wp\/v2\/users\/2"}],"replies":[{"embeddable":true,"href":"https:\/\/www.europesays.com\/es\/wp-json\/wp\/v2\/comments?post=144742"}],"version-history":[{"count":0,"href":"https:\/\/www.europesays.com\/es\/wp-json\/wp\/v2\/posts\/144742\/revisions"}],"wp:featuredmedia":[{"embeddable":true,"href":"https:\/\/www.europesays.com\/es\/wp-json\/wp\/v2\/media\/144743"}],"wp:attachment":[{"href":"https:\/\/www.europesays.com\/es\/wp-json\/wp\/v2\/media?parent=144742"}],"wp:term":[{"taxonomy":"category","embeddable":true,"href":"https:\/\/www.europesays.com\/es\/wp-json\/wp\/v2\/categories?post=144742"},{"taxonomy":"post_tag","embeddable":true,"href":"https:\/\/www.europesays.com\/es\/wp-json\/wp\/v2\/tags?post=144742"}],"curies":[{"name":"wp","href":"https:\/\/api.w.org\/{rel}","templated":true}]}}