{"id":144760,"date":"2025-09-28T18:16:09","date_gmt":"2025-09-28T18:16:09","guid":{"rendered":"https:\/\/www.europesays.com\/es\/144760\/"},"modified":"2025-09-28T18:16:09","modified_gmt":"2025-09-28T18:16:09","slug":"santi-acosta-enamorado-de-maria-ruiz-la-nueva-estrella-de-mediaset","status":"publish","type":"post","link":"https:\/\/www.europesays.com\/es\/144760\/","title":{"rendered":"Santi Acosta enamorado de Mar\u00eda Ruiz, la nueva estrella de Mediaset"},"content":{"rendered":"<p data-journey-content=\"true\" data-node-id=\"3\" class=\"css-6wxqfj emevuu60\"><strong data-node-id=\"3.0\">Santi Acosta se ha convertido en uno de los presentadores estrellas de Telecinco. <\/strong>El presentador regres\u00f3 a Mediaset despu\u00e9s de un tiempo presentando espacios en la televisi\u00f3n p\u00fablica madrile\u00f1a. Y tras el \u00e9xito de &#8216;De viernes&#8217;, el programa que presenta junto a Bea Archidona y que sustituye a &#8216;S\u00e1lvame Deluxe&#8217;, la cadena le ha dado un nuevo trabajo en &#8216;prime time&#8217; con &#8216;El precio de&#8230;&#8217;. Pero parece que el \u00e9xito de Santi Acosta no se reduce solo al \u00e1mbito profesional, tambi\u00e9n triunfa en el amor. Y lo hace con una compa\u00f1era de cadena. <\/p>\n<p data-journey-content=\"true\" data-node-id=\"6\" class=\"css-6wxqfj emevuu60\">El presentador siempre se ha mostrado muy discreto en cuanto a su vida personal. Tras su ruptura con Esther Palomera, el presentador podr\u00eda haber vuelto a recuperar la ilusi\u00f3n con una antigua compa\u00f1era de Telemadrid. Seg\u00fan publica &#8216;El Mundo&#8217; y confirma &#8216;La Raz\u00f3n&#8217;, <strong data-node-id=\"6.1\">Santi Acosta mantiene una relaci\u00f3n con Mar\u00eda Ruiz. <\/strong><\/p>\n<p data-journey-content=\"true\" data-node-id=\"10\" class=\"css-6wxqfj emevuu60\">La periodista se ha incorporado como copresentadora de &#8216;El tiempo justo&#8217;, el nuevo programa de Joaqu\u00edn Prat para las tardes de Telecinco. Sin embargo, su amor no ha surgido en los pasillos de Mediaset. Sino que viene de antes.<strong data-node-id=\"10.1\"> En concreto, cuando ambos coincidieron en el programa &#8216;Ruta 179&#8217; de Telemadrid.<\/strong>  Y fue all\u00ed donde comenz\u00f3 a fraguarse su historia de amor, seg\u00fan inform\u00f3 El Mundo.<\/p>\n<p data-journey-content=\"true\" data-node-id=\"14\" class=\"css-6wxqfj emevuu60\">A\u00fan no hay pruebas gr\u00e1ficas que den fe de este romance, seg\u00fan testigos<strong data-node-id=\"14.1\"> Santi Acosta y Mar\u00eda Ruiz comparten rom\u00e1nticos paseos por Torrelodones<\/strong>. El medio antes citado asegura que no son pocas las veces que han sido vistos de la mano por los vecinos de este municipio madrile\u00f1o, tanto dando una vuelta por sus calles como cenando en terrazas de la zona.<\/p>\n<p data-journey-content=\"true\" data-node-id=\"16\" class=\"css-6wxqfj emevuu60\">Mar\u00eda comenz\u00f3 su carrera en medios como Onda Madrid y Telemadrid. Aunque tambi\u00e9n ha pasado por RTVE y por Trece TV. Aunque antes de comunicadora, era abogada, ha encontrado en la peque\u00f1a pantalla su sitio. Y ahora triunfa al lado de Joaqu\u00edn Prat copresentando &#8216;El tiempo justo&#8217;. <\/p>\n<p><img src=\"https:\/\/www.europesays.com\/es\/wp-content\/uploads\/2025\/09\/1759083369_405_4104b2dc-9d92-4a2f-a41f-327dc6377620_1734436473.jpg\" alt=\"Headshot of Valentina Vera\" title=\"Headshot of Valentina Vera\" width=\"100%\" height=\"100%\" decoding=\"async\" loading=\"lazy\" class=\"css-o0wq4v ev8dhu53\"\/><\/p>\n<p>Valentina Vera es una periodista experta en cr\u00f3nica rosa, realidad, &#8216;reality&#8217;, moda y belleza. Siempre al d\u00eda de las \u00faltimas novedades de los famosos nacionales e internacionales y de las casas reales europeas. Su trabajo como redactora le permite ser testigo de las bodas de los personajes m\u00e1s relevantes del panorama social; de alfombras rojas; de funerales de Estado o de acontecimientos hist\u00f3ricos: como la proclamaci\u00f3n de Felipe VI como Rey o la coronaci\u00f3n de Carlos III de Inglaterra.<br \/>\nLicenciada en Periodismo por la Universidad Complutense de Madrid. Comenz\u00f3 su andadura en el mundo del coraz\u00f3n en el a\u00f1o 2013 en la revista \u00a1Hola! Y desde 2014 forma parte del grupo Hearst, donde ha ido adquiriendo experiencia tanto en la edici\u00f3n impresa como en el formato web de la revista Diez Minutos.<br \/>\nEl medio digital le apasiona por la inmediatez en la que sus lectores pueden ser testigos de lo que sucede en la vida de los famosos desde cualquier parte del mundo. Instagram, Twitter y TikTok se han convertido en una herramienta m\u00e1s de informaci\u00f3n a la hora de crear, gestionar y organizar el contenido, ya que le permiten conocer la \u00faltima hora de lo que sucede en la vida de los famosos.<br \/>\nEn constante formaci\u00f3n de estrategias y t\u00e9cnicas de optimizaci\u00f3n digital para su trabajo como redactora, en la actualidad tambi\u00e9n se encuentra estudiando Diet\u00e9tica. Llevar un estilo de vida saludable es algo que le apasiona y cree que la nutrici\u00f3n es una parte fundamental.<\/p>\n","protected":false},"excerpt":{"rendered":"Santi Acosta se ha convertido en uno de los presentadores estrellas de Telecinco. El presentador regres\u00f3 a Mediaset&hellip;\n","protected":false},"author":2,"featured_media":144761,"comment_status":"","ping_status":"","sticky":false,"template":"","format":"standard","meta":{"footnotes":""},"categories":[174],"tags":[255,253,146,147,25,24,256,23],"class_list":{"0":"post-144760","1":"post","2":"type-post","3":"status-publish","4":"format-standard","5":"has-post-thumbnail","7":"category-famosos","8":"tag-celebrities","9":"tag-discover","10":"tag-entertainment","11":"tag-entretenimiento","12":"tag-es","13":"tag-espana","14":"tag-famosos","15":"tag-spain"},"share_on_mastodon":{"url":"","error":""},"_links":{"self":[{"href":"https:\/\/www.europesays.com\/es\/wp-json\/wp\/v2\/posts\/144760","targetHints":{"allow":["GET"]}}],"collection":[{"href":"https:\/\/www.europesays.com\/es\/wp-json\/wp\/v2\/posts"}],"about":[{"href":"https:\/\/www.europesays.com\/es\/wp-json\/wp\/v2\/types\/post"}],"author":[{"embeddable":true,"href":"https:\/\/www.europesays.com\/es\/wp-json\/wp\/v2\/users\/2"}],"replies":[{"embeddable":true,"href":"https:\/\/www.europesays.com\/es\/wp-json\/wp\/v2\/comments?post=144760"}],"version-history":[{"count":0,"href":"https:\/\/www.europesays.com\/es\/wp-json\/wp\/v2\/posts\/144760\/revisions"}],"wp:featuredmedia":[{"embeddable":true,"href":"https:\/\/www.europesays.com\/es\/wp-json\/wp\/v2\/media\/144761"}],"wp:attachment":[{"href":"https:\/\/www.europesays.com\/es\/wp-json\/wp\/v2\/media?parent=144760"}],"wp:term":[{"taxonomy":"category","embeddable":true,"href":"https:\/\/www.europesays.com\/es\/wp-json\/wp\/v2\/categories?post=144760"},{"taxonomy":"post_tag","embeddable":true,"href":"https:\/\/www.europesays.com\/es\/wp-json\/wp\/v2\/tags?post=144760"}],"curies":[{"name":"wp","href":"https:\/\/api.w.org\/{rel}","templated":true}]}}