{"id":144762,"date":"2025-09-28T18:18:07","date_gmt":"2025-09-28T18:18:07","guid":{"rendered":"https:\/\/www.europesays.com\/es\/144762\/"},"modified":"2025-09-28T18:18:07","modified_gmt":"2025-09-28T18:18:07","slug":"pilar-baste-una-luz-en-el-amanecer","status":"publish","type":"post","link":"https:\/\/www.europesays.com\/es\/144762\/","title":{"rendered":"Pilar Bast\u00e9, una luz en el amanecer"},"content":{"rendered":"<p data-gtm-element-container=\"modulo-texto-link\" class=\"paragraph\">\u201c\u00bfEs esta la primera vez que vengo aqu\u00ed?\u201d, a este mundo\u2026 se preguntaba Pilar Bast\u00e9 en su libro de memorias Mis encuentros con\u2026 Ella cre\u00eda firmemente que la muerte era un portal, la entrada a un nuevo amanecer, di\u00e1fano y radiante.<\/p>\n<p data-gtm-element-container=\"modulo-texto-link\" class=\"paragraph\">Pilar Bast\u00e9 L\u00f3pez de Sagredo vino a este mundo en Lausana (Suiza), el 10 de junio de 1937, en plena Guerra Civil espa\u00f1ola, cuando el sol transitaba por G\u00e9minis. La astrolog\u00eda siempre la fascinar\u00eda.\u00a0<\/p>\n<p data-gtm-element-container=\"modulo-texto-link\" class=\"paragraph\">El 26 de septiembre de 2025 dej\u00f3 de refulgir. Pero su luminaria perdurar\u00e1 en las luci\u00e9rnagas que ella alumbr\u00f3; esto es, los libros que ley\u00f3 y la conmovieron, y que finalmente decidi\u00f3 compartir con el p\u00fablico. En efecto, en 1988, Pilar Bast\u00e9 y tres c\u00f3mplices m\u00e1s fundaron Editorial Luci\u00e9rnaga, referente en lengua castellana en espiritualidad, crecimiento personal o terapias alternativas. Hoy forma parte de un gran grupo editorial. Ella fue su alma durante veinte a\u00f1os.<\/p>\n<p data-gtm-element-container=\"modulo-texto-link\" class=\"paragraph\">Educada en internados alemanes e ingleses, Pilar era cosmopolita, viajera y pol\u00edglota: hablaba, le\u00eda y escrib\u00eda en castellano, alem\u00e1n, franc\u00e9s, italiano o ingl\u00e9s. Pose\u00eda la elegancia y la distinci\u00f3n de las gentes de alta cuna, pero ni un \u00e1pice de altivez. Su atractivo emanaba de su generosidad, entereza y espontaneidad. De joven, descubri\u00f3 que la fe se expresa con acentos muy distintos. En cuanto pudo, dej\u00f3 de ejercer meramente como \u201cesposa de\u201d \u2013un empresario de \u00e9xito\u2013 y \u201cmadre\u201d \u2013de cinco hijos\u2013, y se aventur\u00f3 en las profundidades de la psique, el alma, la sombra. Sin abandonar nunca el amor por su familia.<\/p>\n<p data-gtm-element-container=\"modulo-texto-link\" class=\"paragraph\">Conoci\u00f3 las ense\u00f1anzas de Karlfried Graf D\u00fcrkheim; esto es, el encuentro entre la psicolog\u00eda profunda y el silencio meditativo (m\u00e1s tarde acabar\u00eda publicando sus libros). Se aproxim\u00f3 a las ense\u00f1anzas de la escuela junguiana a trav\u00e9s de Marie-Louise von Franz (\u00eddem). A mediados de los ochenta, cuando la conoc\u00ed, hab\u00eda traducido a t\u00edtulo personal Jung y el Tarot, de Sallie Nichols. Acompa\u00f1ada de Magda Catal\u00e1 (que a\u00f1os atr\u00e1s hab\u00eda sido editora en Kair\u00f3s, junto a mi padre Salvador) vino a verme con ese proyecto bajo el brazo. Transcurr\u00eda 1987. Yo acced\u00ed a publicarlo en Kair\u00f3s (y hoy cuenta con m\u00e1s de treinta reimpresiones). Llegamos incluso a considerar una l\u00ednea editorial que ella dirigir\u00eda con Magda (m\u00e1s Paz J\u00e1uregui y Lola Rosado), pero enseguida nos percatamos de que el proyecto en ciernes ten\u00eda entidad y luz propias. Las cuatro acabar\u00edan fundando Editorial Luci\u00e9rnaga.<\/p>\n<p data-gtm-element-container=\"modulo-texto-link\" class=\"paragraph\">Su primera publicaci\u00f3n fue M\u00e9dicos del cielo, m\u00e9dicos de la tierra, de Maguy Lebrun; todo un \u00e9xito. No mucho despu\u00e9s, Magda le propuso publicar un texto que cambiar\u00eda la forma como millones de personas en todo el mundo entienden el proceso de morir: La muerte: un amanecer,\u00a0de Elizabeth K\u00fcbler-Ross. Una ense\u00f1anza que ha creado escuela. Seguir\u00edan Marie Lise Labont\u00e9, Eileen Caddy, Annie Marquier y un extenso elenco de autoras y autores.<\/p>\n<p data-gtm-element-container=\"modulo-texto-link\" class=\"paragraph\">Pilar podr\u00eda haberse entregado a una vida de dolce far niente, pero opt\u00f3 \u2013con loable valent\u00eda\u2013 por aventurarse en el no siempre aceptado mundo de las espiritualidades alternativas. Tuvo que afrontar las cr\u00edticas de entornos poco amables. Defin\u00eda su misi\u00f3n de editora como \u00ababrir ventanas\u00bb. Descart\u00f3 las cuentas de resultados para abrazar el compromiso personal: teji\u00f3 un sinf\u00edn de complicidades con autores, editoriales extranjeras, e impuls\u00f3 instituciones como Merrylife (asociaci\u00f3n creada para difundir la espiritualidad y una nueva consciencia) o AVES (acompa\u00f1amiento en la p\u00e9rdida y el duelo, que cofund\u00f3 con Elizabeth K\u00fcbler-Ross).<\/p>\n<p data-gtm-element-container=\"modulo-texto-link\" class=\"paragraph\">Un acorde Brahms en mi bemol, como a ella le habr\u00eda gustado, resuena hoy en alg\u00fan rinc\u00f3n.<\/p>\n","protected":false},"excerpt":{"rendered":"\u201c\u00bfEs esta la primera vez que vengo aqu\u00ed?\u201d, a este mundo\u2026 se preguntaba Pilar Bast\u00e9 en su libro&hellip;\n","protected":false},"author":2,"featured_media":144763,"comment_status":"","ping_status":"","sticky":false,"template":"","format":"standard","meta":{"footnotes":""},"categories":[172],"tags":[224,146,147,25,24,225,23],"class_list":{"0":"post-144762","1":"post","2":"type-post","3":"status-publish","4":"format-standard","5":"has-post-thumbnail","7":"category-libros","8":"tag-books","9":"tag-entertainment","10":"tag-entretenimiento","11":"tag-es","12":"tag-espana","13":"tag-libros","14":"tag-spain"},"share_on_mastodon":{"url":"","error":""},"_links":{"self":[{"href":"https:\/\/www.europesays.com\/es\/wp-json\/wp\/v2\/posts\/144762","targetHints":{"allow":["GET"]}}],"collection":[{"href":"https:\/\/www.europesays.com\/es\/wp-json\/wp\/v2\/posts"}],"about":[{"href":"https:\/\/www.europesays.com\/es\/wp-json\/wp\/v2\/types\/post"}],"author":[{"embeddable":true,"href":"https:\/\/www.europesays.com\/es\/wp-json\/wp\/v2\/users\/2"}],"replies":[{"embeddable":true,"href":"https:\/\/www.europesays.com\/es\/wp-json\/wp\/v2\/comments?post=144762"}],"version-history":[{"count":0,"href":"https:\/\/www.europesays.com\/es\/wp-json\/wp\/v2\/posts\/144762\/revisions"}],"wp:featuredmedia":[{"embeddable":true,"href":"https:\/\/www.europesays.com\/es\/wp-json\/wp\/v2\/media\/144763"}],"wp:attachment":[{"href":"https:\/\/www.europesays.com\/es\/wp-json\/wp\/v2\/media?parent=144762"}],"wp:term":[{"taxonomy":"category","embeddable":true,"href":"https:\/\/www.europesays.com\/es\/wp-json\/wp\/v2\/categories?post=144762"},{"taxonomy":"post_tag","embeddable":true,"href":"https:\/\/www.europesays.com\/es\/wp-json\/wp\/v2\/tags?post=144762"}],"curies":[{"name":"wp","href":"https:\/\/api.w.org\/{rel}","templated":true}]}}