{"id":144779,"date":"2025-09-28T18:28:12","date_gmt":"2025-09-28T18:28:12","guid":{"rendered":"https:\/\/www.europesays.com\/es\/144779\/"},"modified":"2025-09-28T18:28:12","modified_gmt":"2025-09-28T18:28:12","slug":"leon-vibra-con-san-froilan-calles-abarrotadas-sol-inesperado-y-tradicion-por-todo-lo-alto","status":"publish","type":"post","link":"https:\/\/www.europesays.com\/es\/144779\/","title":{"rendered":"Le\u00f3n vibra con San Froil\u00e1n: calles abarrotadas, sol inesperado y tradici\u00f3n por todo lo alto"},"content":{"rendered":"<p><img fetchpriority=\"high\" class=\"v-a-img\" src=\"https:\/\/www.europesays.com\/es\/wp-content\/uploads\/2025\/09\/newspaint-1759069788056-1200x840-kgxH-U2303209630368wlH-1200x840@Leonoticias.jpg\" loading=\"eager\" decoding=\"async\" alt=\"Im\u00e1genes de las calles de Le\u00f3n.\"  width=\"1200\" height=\"840\"\/><\/p>\n<p>Im\u00e1genes de las calles de Le\u00f3n.                  <\/p>\n<p>Un domingo radiante llena de vida el centro de la ciudad tras un s\u00e1bado pasado por agua: pendones, Cantaderas y carros engalanados conquistan a leoneses y visitantes<\/p>\n<p><a class=\"v-mdl-ath__fig-a\" href=\"https:\/\/www.leonoticias.com\/autor\/lucia-gutierrez-6491.html\" title=\"Luc\u00eda Guti\u00e9rrez\" rel=\"nofollow noopener\" target=\"_blank\"><br \/>\n<img decoding=\"async\" class=\"v-mdl-ath__img\" src=\"https:\/\/www.europesays.com\/es\/wp-content\/uploads\/2025\/08\/autor-6491-foto-1.jpeg\" alt=\"Luc\u00eda Guti\u00e9rrez\"\/><br \/>\n<\/a><\/p>\n<p class=\"v-mdl-ath__p v-mdl-ath__p--6\">\nDomingo, 28 de septiembre 2025, 16:35<\/p>\n<p class=\"v-p\">Le\u00f3n ha vivido la ma\u00f1ana de este domingo como una jornada festiva de las que se recordar\u00e1n. Las calles del centro se llenaron hasta la bandera, las terrazas no daban abasto y un sol inesperado ilumin\u00f3 una cita con la tradici\u00f3n que, tras un s\u00e1bado de lluvias y cancelaciones, brill\u00f3 con todo su esplendor.<\/p>\n<p class=\"v-p\">El <a href=\"https:\/\/www.leonoticias.com\/leon\/fiestas-san-froilan\/identidad-ondea-aire-color-leon-20250928144647-nt.html\" data-voc-vtm-id=\"in-text-traffic\" title=\"desfile de pendones\" rel=\"nofollow noopener\" target=\"_blank\">desfile de pendones<\/a> abri\u00f3 la ma\u00f1ana con un espect\u00e1culo de color en el cielo leon\u00e9s. Cientos de estandartes procedentes de toda la provincia ondearon con fuerza, creando una imagen \u00fanica que el p\u00fablico inmortaliz\u00f3 con sus m\u00f3viles desde cada rinc\u00f3n del recorrido.<\/p>\n<p class=\"v-p\"><a href=\"https:\/\/www.leonoticias.com\/leon\/fiestas-san-froilan\/imagen-fray-escoba-ayudo-limpiar-roces-foro-20250928140458-nt.html\" data-voc-vtm-id=\"in-text-traffic\" title=\"Las Cantaderas,\" rel=\"nofollow noopener\" target=\"_blank\">Las Cantaderas,<\/a> otro de los actos m\u00e1s emblem\u00e1ticos, tambi\u00e9n cumplieron con la historia y la leyenda en el patio de la Pulchra Leonina. Entre tradici\u00f3n y mito, se volvi\u00f3 a representar el fin del tributo de las cien doncellas, recordando una de las leyendas m\u00e1s arraigadas de la ciudad.<\/p>\n<p class=\"v-p\">El broche de la ma\u00f1ana lo puso el <a href=\"https:\/\/www.leonoticias.com\/leon\/fiestas-san-froilan\/romeros-san-froilan-engalanan-leon-20250928153147-nt.html\" data-voc-vtm-id=\"in-text-traffic\" title=\"desfile de carros engalanados\" rel=\"nofollow noopener\" target=\"_blank\">desfile de carros engalanados<\/a>, con bueyes, vacas, caballos y burros tirando de las carretas de 25 localidades llegadas en romer\u00eda. Un espect\u00e1culo que encant\u00f3 a grandes y peque\u00f1os y que convirti\u00f3 el centro hist\u00f3rico en un hervidero de gente y aplausos.<\/p>\n<p>Un ambiente digno de San Froil\u00e1n<\/p>\n<p class=\"v-p\">Plazas como Don Guti\u00e9rrez, San Mart\u00edn o la del Grano estuvieron abarrotadas; los bares y terrazas colgaban el cartel de completo, y aparcar en las inmediaciones del casco hist\u00f3rico se volvi\u00f3 misi\u00f3n imposible.<\/p>\n<p>Im\u00e1genes de Le\u00f3n la ma\u00f1ana del domingo 28 de septiembre.<\/p>\n<p>L.G<\/p>\n<p><img decoding=\"async\" loading=\"lazy\" src=\"https:\/\/www.europesays.com\/es\/wp-content\/uploads\/2025\/09\/b7cbe0c9-364f-45cb-a4e2-c6f87fb50d02-kgxH--1200x841@Leonoticias.jpg\" class=\"v-mdl__img-z\" width=\"1200\" height=\"841\" alt=\"Imagen principal - Im\u00e1genes de Le\u00f3n la ma\u00f1ana del domingo 28 de septiembre.\"\/><\/p>\n<p><img decoding=\"async\" loading=\"lazy\" src=\"https:\/\/s2.ppllstatics.com\/leonoticias\/www\/multimedia\/2025\/09\/28\/ffab6a22-b9a8-4839-92b8-caed7b04688e-kgxH--1200x851@Leonoticias.jpg\" class=\"v-mdl__img-z\" width=\"1200\" height=\"851\" alt=\"Imagen secundaria 1 - Im\u00e1genes de Le\u00f3n la ma\u00f1ana del domingo 28 de septiembre.\"\/><\/p>\n<p><img decoding=\"async\" loading=\"lazy\" src=\"https:\/\/s2.ppllstatics.com\/leonoticias\/www\/multimedia\/2025\/09\/28\/e0917414-196a-4869-98d2-2282908d3c57-kgxH--711x841@Leonoticias.jpg\" class=\"v-mdl__img-z\" width=\"711\" height=\"841\" alt=\"Imagen secundaria 2 - Im\u00e1genes de Le\u00f3n la ma\u00f1ana del domingo 28 de septiembre.\"\/><\/p>\n<p class=\"v-p\">Le\u00f3n vivi\u00f3 un domingo perfecto para celebrar sus tradiciones m\u00e1s queridas, en una jornada en la que la cultura, la historia y la fiesta se dieron la mano bajo un cielo que, esta vez, s\u00ed acompa\u00f1\u00f3.<\/p>\n<p>Comenta<\/p>\n<p>Reporta un error<\/p>\n","protected":false},"excerpt":{"rendered":"Im\u00e1genes de las calles de Le\u00f3n. Un domingo radiante llena de vida el centro de la ciudad tras&hellip;\n","protected":false},"author":2,"featured_media":144780,"comment_status":"","ping_status":"","sticky":false,"template":"","format":"standard","meta":{"footnotes":""},"categories":[8],"tags":[44636,3196,17,18,1346,25,24,13,14,20335,11,9037,19,20,4108,9,10,15,16,2228,2829,23,12,8595,21,22,23346],"class_list":{"0":"post-144779","1":"post","2":"type-post","3":"status-publish","4":"format-standard","5":"has-post-thumbnail","7":"category-espana","8":"tag-abarrotadas","9":"tag-alto","10":"tag-breaking-news","11":"tag-breakingnews","12":"tag-calles","13":"tag-es","14":"tag-espana","15":"tag-featured-news","16":"tag-featurednews","17":"tag-froilan","18":"tag-headlines","19":"tag-inesperado","20":"tag-latest-news","21":"tag-latestnews","22":"tag-leon","23":"tag-news","24":"tag-noticias","25":"tag-noticias-destacadas","26":"tag-noticiasdestacadas","27":"tag-san","28":"tag-sol","29":"tag-spain","30":"tag-titulares","31":"tag-tradicion","32":"tag-ultimas-noticias","33":"tag-ultimasnoticias","34":"tag-vibra"},"share_on_mastodon":{"url":"","error":""},"_links":{"self":[{"href":"https:\/\/www.europesays.com\/es\/wp-json\/wp\/v2\/posts\/144779","targetHints":{"allow":["GET"]}}],"collection":[{"href":"https:\/\/www.europesays.com\/es\/wp-json\/wp\/v2\/posts"}],"about":[{"href":"https:\/\/www.europesays.com\/es\/wp-json\/wp\/v2\/types\/post"}],"author":[{"embeddable":true,"href":"https:\/\/www.europesays.com\/es\/wp-json\/wp\/v2\/users\/2"}],"replies":[{"embeddable":true,"href":"https:\/\/www.europesays.com\/es\/wp-json\/wp\/v2\/comments?post=144779"}],"version-history":[{"count":0,"href":"https:\/\/www.europesays.com\/es\/wp-json\/wp\/v2\/posts\/144779\/revisions"}],"wp:featuredmedia":[{"embeddable":true,"href":"https:\/\/www.europesays.com\/es\/wp-json\/wp\/v2\/media\/144780"}],"wp:attachment":[{"href":"https:\/\/www.europesays.com\/es\/wp-json\/wp\/v2\/media?parent=144779"}],"wp:term":[{"taxonomy":"category","embeddable":true,"href":"https:\/\/www.europesays.com\/es\/wp-json\/wp\/v2\/categories?post=144779"},{"taxonomy":"post_tag","embeddable":true,"href":"https:\/\/www.europesays.com\/es\/wp-json\/wp\/v2\/tags?post=144779"}],"curies":[{"name":"wp","href":"https:\/\/api.w.org\/{rel}","templated":true}]}}