{"id":144781,"date":"2025-09-28T18:29:26","date_gmt":"2025-09-28T18:29:26","guid":{"rendered":"https:\/\/www.europesays.com\/es\/144781\/"},"modified":"2025-09-28T18:29:26","modified_gmt":"2025-09-28T18:29:26","slug":"akor-adams-frustra-al-rayo","status":"publish","type":"post","link":"https:\/\/www.europesays.com\/es\/144781\/","title":{"rendered":"Akor Adams frustra al Rayo"},"content":{"rendered":"<p class=\"\"><b>No por mucho madrugar amanece m\u00e1s temprano.<\/b> El Rayo ten\u00eda prisa por volver a ganar y lo hizo todo, menos marcar. Tuvo el bal\u00f3n, las ocasiones, pero se le resisti\u00f3 el gol. <b>Ese con el que se top\u00f3 el Sevilla en la recta final del encuentro. <\/b>Akor Adams no fall\u00f3 en el primer disparo de los hispalenses entre los tres palos y sac\u00f3 petr\u00f3leo. <b>As\u00ed es como los de Almeyda regresaron a la senda de la victoria y prorrogaron la racha de los franjirrojos sin vencer<\/b>. Algo que no consiguen desde aquella primera jornada en Montilivi. Sin pegada, se la pegaron. <\/p>\n<p><a href=\"https:\/\/as.com\/resultados\/ficha\/equipo\/rayo\/2\/\" rel=\"nofollow noopener\" target=\"_blank\"><img decoding=\"async\" src=\"https:\/\/www.europesays.com\/es\/wp-content\/uploads\/2025\/09\/1759084162_754_2.png\" alt=\"Akor Adams frustra al Rayo\" height=\"80\" width=\"80\"  loading=\"lazy\" data-error-image=\"https:\/\/static.as.com\/dist\/resources\/images\/placeholder-team.png\"\/><\/a><\/p>\n<p class=\"\"><b>El cielo gris no ensombreci\u00f3 el colorido de Vallecas<\/b>. Se respiraba un ambientazo en la previa y en la grada, donde hab\u00eda muchos aficionados hispalenses. Incluso algunos chilenos que quisieron ser testigos de la primera titularidad de Alexis con el Sevilla. Ambos equipos, con novedades en el once, salieron a morder. <b>De Frutos y Carmona ense\u00f1aron los dientes, pero nada m\u00e1s<\/b>.<b> Ni un bocado en 38 minutos. <\/b>Los primeros instantes sirvieron m\u00e1s de tanteo que de otra cosa. A partir de la media hora, el Rayo tuvo la posesi\u00f3n y las llegadas, pero ni una ocasi\u00f3n de gol. <\/p>\n<p class=\"\">Vargas estrell\u00f3 una falta en la barrera y, acto seguido, Ratiu puso un centro que se pase\u00f3 por el \u00e1rea visitante sin que De Frutos pudiera rematar. No hubo ni un tiro entre los tres palos hasta que <b>\u00c1lvaro encontr\u00f3 un hueco entre la zaga hispalense para armar un disparo que ataj\u00f3 sin problema Vlachodimos<\/b>. M\u00e1s intenci\u00f3n y peligro llev\u00f3 una volea de \u00d3scar Valent\u00edn, que despej\u00f3 Marcao in extremis instantes antes del descanso. Preludio de lo que estaba por llegar.<\/p>\n<p class=\"\">La cosa se anim\u00f3 de repente. Del 46\u2032 al 49\u2032 ya hubo m\u00e1s ocasiones que en toda la primera parte. <b>Vlachodimos se erigi\u00f3 en el h\u00e9roe sevillista<\/b>, despu\u00e9s de desbaratar una chilena de Alem\u00e3o y de firmar una doble parada un disparo lejano de Ratiu y otro, a bocajarro, de Path\u00e9 Ciss. Los de I\u00f1igo P\u00e9rez hundieron el pie en el acelerador, quer\u00edan llegar a tiempo para la primera victoria en Vallecas. <b>El Sevilla intentaba recomponerse, pero siempre se hac\u00eda un l\u00edo, como los cordones de Chavarr\u00eda con los tacos de Mendy. <\/b>Batalla segu\u00eda sin trabajo.<\/p>\n<p><a href=\"https:\/\/as.com\/resultados\/ficha\/equipo\/sevilla\/53\/\" rel=\"nofollow noopener\" target=\"_blank\"><img decoding=\"async\" src=\"https:\/\/www.europesays.com\/es\/wp-content\/uploads\/2025\/09\/1759084163_713_53.png\" alt=\"Akor Adams frustra al Rayo\" height=\"80\" width=\"80\"  loading=\"lazy\" data-error-image=\"https:\/\/static.as.com\/dist\/resources\/images\/placeholder-team.png\"\/><\/a>Noticias relacionadas<a href=\"https:\/\/as.com\/futbol\/primera\/becerra-sueno-con-debutar-en-la-conference-y-que-el-rayo-la-gane-n\/\" class=\"s_m_w\" title=\"El canterano, de 19 a\u00f1os, se estren\u00f3 en Primera en El Sadar. Su rayismo le viene de su abuelo Crist\u00f3bal. AS pase\u00f3 con ambos por Entrev\u00edas.\" data-tb-link=\"\" rel=\"nofollow noopener\" target=\"_blank\"><img decoding=\"async\" src=\"https:\/\/www.europesays.com\/es\/wp-content\/uploads\/2025\/09\/NCHNCIJJ6VPDXAUA23OF3Z7MZQ.jpg\" alt=\"Becerra: \u201cSue\u00f1o con debutar en la Conference y que el Rayo la gane\u201d\" class=\"\" height=\"1\" width=\"1\"   loading=\"lazy\" data-tb-thumbnail=\"\"\/><\/a><a href=\"https:\/\/as.com\/futbol\/primera\/de-frutos-la-nueva-apuesta-de-de-la-fuente-ademas-de-bueno-es-decisivo-n\/\" class=\"s_m_w\" title=\"As\u00ed vieron Anero y Luis Cembranos, dos hist\u00f3ricos internacionales con el Rayo, el debut del extremo segoviano. \u201cLa palabra que le define es humildad\u201d, coinciden.\" data-tb-link=\"\" rel=\"nofollow noopener\" target=\"_blank\"><img decoding=\"async\" src=\"https:\/\/www.europesays.com\/es\/wp-content\/uploads\/2025\/09\/75DXLZVIBRCTJJZ5HYYYTSTUSE.jpg\" alt=\"De Frutos, la nueva apuesta de De la Fuente: \u201cAdem\u00e1s de bueno, es decisivo\u201d\" class=\"\" height=\"1\" width=\"1\"   loading=\"lazy\" data-tb-thumbnail=\"\"\/><\/a><\/p>\n<p class=\"\"><b>A pesar de la insistencia de la Franja, el gol se negaba a asomar.<\/b> Y eso que Isi lo intent\u00f3, desde la frontal, pero su trallazo se march\u00f3 cerca de la madera. Alto se perdi\u00f3 otro tiro de \u00c1lvaro y un centro-chut de Chavarr\u00eda. Los vallecanos mostraban nervios y precipitaci\u00f3n, lo que se traduc\u00eda en muchos disparos lejanos. Perdonaron y ya se sabe&#8230; <b>El primer tiro del Sevilla, en el 87\u2032, fue el 0-1 de Akor Adams, que fusil\u00f3 un centro de Carmona.<\/b> El VAR le dio suspense revisando una posible mano, pero finalmente el gol subi\u00f3 al marcador. <b>Vlachodimos obr\u00f3 el milagro y tapon\u00f3 el 1-1 de Camello, que termin\u00f3 expulsado, y sostuvo entre sus guantes los tres puntos<\/b>. El bot\u00edn del acierto.<\/p>\n<p class=\"\"><b>\u00a1Tus opiniones importan!<\/b> Comenta en los art\u00edculos y suscr\u00edbete gratis a nuestra <a href=\"https:\/\/asfan.as.com\/newsletters\/\" target=\"_blank\" rel=\"nofollow noopener\" title=\"https:\/\/asfan.as.com\/newsletters\/\">newsletter<\/a> y a las alertas informativas en la <a href=\"https:\/\/as.com\/aplicacion-de-as-n\/\" target=\"_blank\" rel=\"nofollow noopener\" title=\"https:\/\/as.com\/aplicacion-de-as-n\/\">App<\/a> o el canal de <a href=\"https:\/\/www.whatsapp.com\/channel\/0029VaAasdA7j6g745nz9M10\" target=\"_blank\" rel=\"nofollow noopener\" title=\"https:\/\/www.whatsapp.com\/channel\/0029VaAasdA7j6g745nz9M10\">WhatsApp<\/a>. \u00bfBuscas licenciar contenido? Haz clic <a href=\"https:\/\/profesional.elpais.com\/landing-sindicacion?utm_medium=interno&amp;utm_source=crosslinking&amp;utm_campaign=sindicacion_as_pie_articulos\" target=\"_blank\" rel=\"nofollow noopener\" title=\"https:\/\/profesional.elpais.com\/landing-sindicacion?utm_medium=interno&amp;utm_source=crosslinking&amp;utm_campaign=sindicacion_as_pie_articulos\">aqu\u00ed<\/a><\/p>\n<p class=\"stat-tl ev-fw-tl\"><strong>Cambios<\/strong><\/p>\n<p class=\"ev-text-aux\">\n                            <strong>Unai L\u00f3pez<\/strong> (66&#8242;, Pedro D\u00edaz),                             <strong>Fran P\u00e9rez<\/strong> (66&#8242;, Jorge de Frutos),                             <strong>Adnan Januzaj<\/strong> (68&#8242;, Rub\u00e9n Vargas),                             <strong>Akor Adams<\/strong> (68&#8242;, Isaac Romero),                             <strong>Ram\u00f3n Mart\u00ednez<\/strong> (76&#8242;, F\u00e1bio Cardoso),                             <strong>Djibril Sow<\/strong> (76&#8242;, Lucien Agoum\u00e9),                             <strong>\u00d3scar Trejo<\/strong> (77&#8242;, Isi Palaz\u00f3n),                             <strong>Sergio Camello<\/strong> (77&#8242;, Alem\u00e3o),                             <strong>Samu Becerra<\/strong> (91&#8242;, \u00d3scar Valent\u00edn),                             <strong>Peque Fern\u00e1ndez<\/strong> (92&#8242;, Alexis S\u00e1nchez)                        <\/p>\n<p class=\"stat-tl ev-fw-tl\"><strong>Goles<\/strong><\/p>\n<p class=\"ev-text-aux\">\n                                                                                                        0-1, 86&#8242;: <strong>Akor Adams<\/strong>                        <\/p>\n<p class=\"stat-tl ev-fw-tl\"><strong>Tarjetas<\/strong><\/p>\n<p class=\"ev-text-aux\">\n                Arbitro: Jes\u00fas Gil Manzano<br \/>Arbitro VAR: Pablo Gonz\u00e1lez Fuertes, Isidro D\u00edaz de Mera Escuderos<br \/><strong>Lejeune<\/strong> (33&#8242;,Amarilla),                                     <strong>Jos\u00e9 \u00c1ngel Carmona<\/strong> (47&#8242;,Amarilla),                                     <strong>Trejo<\/strong> (81&#8242;,Amarilla),                                     <strong>Sergio Camello<\/strong> (91&#8242;,Amarilla),                                     <strong>Peque<\/strong> (94&#8242;,Amarilla),                                     <strong>Sergio Camello<\/strong> (97&#8242;,Roja)                            <\/p>\n","protected":false},"excerpt":{"rendered":"No por mucho madrugar amanece m\u00e1s temprano. El Rayo ten\u00eda prisa por volver a ganar y lo hizo&hellip;\n","protected":false},"author":2,"featured_media":144782,"comment_status":"","ping_status":"","sticky":false,"template":"","format":"standard","meta":{"footnotes":""},"categories":[5],"tags":[17,18,25,24,13,14,11,19,20,9,10,15,16,23,12,21,22],"class_list":{"0":"post-144781","1":"post","2":"type-post","3":"status-publish","4":"format-standard","5":"has-post-thumbnail","7":"category-titulares","8":"tag-breaking-news","9":"tag-breakingnews","10":"tag-es","11":"tag-espana","12":"tag-featured-news","13":"tag-featurednews","14":"tag-headlines","15":"tag-latest-news","16":"tag-latestnews","17":"tag-news","18":"tag-noticias","19":"tag-noticias-destacadas","20":"tag-noticiasdestacadas","21":"tag-spain","22":"tag-titulares","23":"tag-ultimas-noticias","24":"tag-ultimasnoticias"},"share_on_mastodon":{"url":"","error":""},"_links":{"self":[{"href":"https:\/\/www.europesays.com\/es\/wp-json\/wp\/v2\/posts\/144781","targetHints":{"allow":["GET"]}}],"collection":[{"href":"https:\/\/www.europesays.com\/es\/wp-json\/wp\/v2\/posts"}],"about":[{"href":"https:\/\/www.europesays.com\/es\/wp-json\/wp\/v2\/types\/post"}],"author":[{"embeddable":true,"href":"https:\/\/www.europesays.com\/es\/wp-json\/wp\/v2\/users\/2"}],"replies":[{"embeddable":true,"href":"https:\/\/www.europesays.com\/es\/wp-json\/wp\/v2\/comments?post=144781"}],"version-history":[{"count":0,"href":"https:\/\/www.europesays.com\/es\/wp-json\/wp\/v2\/posts\/144781\/revisions"}],"wp:featuredmedia":[{"embeddable":true,"href":"https:\/\/www.europesays.com\/es\/wp-json\/wp\/v2\/media\/144782"}],"wp:attachment":[{"href":"https:\/\/www.europesays.com\/es\/wp-json\/wp\/v2\/media?parent=144781"}],"wp:term":[{"taxonomy":"category","embeddable":true,"href":"https:\/\/www.europesays.com\/es\/wp-json\/wp\/v2\/categories?post=144781"},{"taxonomy":"post_tag","embeddable":true,"href":"https:\/\/www.europesays.com\/es\/wp-json\/wp\/v2\/tags?post=144781"}],"curies":[{"name":"wp","href":"https:\/\/api.w.org\/{rel}","templated":true}]}}