{"id":144784,"date":"2025-09-28T18:32:09","date_gmt":"2025-09-28T18:32:09","guid":{"rendered":"https:\/\/www.europesays.com\/es\/144784\/"},"modified":"2025-09-28T18:32:09","modified_gmt":"2025-09-28T18:32:09","slug":"exestrella-de-la-ufc-quedo-inconsciente-tras-batalla-campal-en-una-velada-boxistica","status":"publish","type":"post","link":"https:\/\/www.europesays.com\/es\/144784\/","title":{"rendered":"exestrella de la UFC qued\u00f3 inconsciente tras batalla campal en una velada box\u00edstica"},"content":{"rendered":"<p>Una velada que promet\u00eda mostrar las habilidades de dos veteranos termin\u00f3 convertida en un verdadero caos. <\/p>\n<p><strong>En el combate estelar de la Spaten Fight Night 2, Wanderlei Silva, exestrella de la UFC y de Pride, se enfrent\u00f3 al excampe\u00f3n mundial de <a href=\"https:\/\/www.ellitoral.com\/index.php\/temas\/Boxeo\" target=\"_self\" title=\"boxeo\" alt=\"boxeo\" rel=\"nofollow noopener\">boxeo<\/a> Acelino \u201cPop\u00f3\u201d Freitas<\/strong>, pero <strong>el episodio concluy\u00f3 con Silva inconsciente<\/strong>, tras una batalla campal que estall\u00f3 dentro del ring.<\/p>\n<p><strong>Descontrol tras la descalificaci\u00f3n<\/strong><\/p>\n<p>Durante el cuarto asalto, <strong>el \u00e1rbitro opt\u00f3 por descalificar a Silva luego de que incurriera en varias faltas reglamentarias, <\/strong>entre ellas intentos de cabezazo reiterados. La tensi\u00f3n creci\u00f3 de inmediato, y ambos equipos, visiblemente alterados, ingresaron al cuadril\u00e1tero.<\/p>\n<p><strong>Las <a href=\"https:\/\/www.ellitoral.com\/temas\/videos\" target=\"_self\" title=\"im\u00e1genes divulgadas\" alt=\"im\u00e1genes divulgadas\" rel=\"nofollow noopener\">im\u00e1genes divulgadas<\/a> muestran c\u00f3mo el ambiente pas\u00f3 de nerviosismo a violencia <\/strong>abierta. Silva, visiblemente superado en t\u00e9cnica en los primeros rounds, perdi\u00f3 el dominio de la pelea y fue descalificado pese a su intenci\u00f3n de revertir la situaci\u00f3n.<\/p>\n<p><strong>\u201cBatalla campal\u201d y el nocaut final<\/strong><\/p>\n<p><strong>Con el combate detenido, la situaci\u00f3n escal\u00f3 sin control:<\/strong> decenas de asistentes subieron al ring, y entre empujones y golpes, Silva fue impactado por un golpe directo en la nuca que lo dej\u00f3 inconsciente sobre la lona.<\/p>\n<p>Testigos identificaron al agresor como Rafael Freitas, hijo de Pop\u00f3. Minutos despu\u00e9s, Silva comenz\u00f3 a recobrar la conciencia y logr\u00f3 abandonar el ring por sus propios medios, aunque con signos evidentes de golpes en el rostro y una posible fractura nasal.<\/p>\n<p><img decoding=\"async\" src=\"https:\/\/www.europesays.com\/es\/wp-content\/uploads\/2025\/09\/wH5YHcMR4_870x580__1.jpg\" alt=\"Con el combate detenido, la situaci\u00f3n escal\u00f3 sin control\" width=\"870\" height=\"580\" class=\"styles_cover-image__pRCD1\" loading=\"lazy\"\/>Con el combate detenido, la situaci\u00f3n escal\u00f3 sin control<\/p>\n<p>El ex campe\u00f3n y figura del boxeo lanz\u00f3 luego declaraciones en las que defendi\u00f3 a su equipo y neg\u00f3 una agresi\u00f3n premeditada, al tiempo que critic\u00f3 la multitud de gente que ingres\u00f3 al ring durante la trifulca.<\/p>\n<p>A lo largo de la velada tambi\u00e9n se disputaron otros combates destacados: Beatriz Ferreira defendi\u00f3 con \u00e9xito el t\u00edtulo mundial ligero femenino de la FIB, mientras que Hebert Concei\u00e7\u00e3o se llev\u00f3 la victoria frente a Yamaguchi Falcao, en disputa por los t\u00edtulos latino y brasile\u00f1o de peso supermediano.<\/p>\n<p><img decoding=\"async\" src=\"https:\/\/www.europesays.com\/es\/wp-content\/uploads\/2025\/09\/XGYyXPvN3_870x580__1.jpg\" alt=\"Las im\u00e1genes divulgadas muestran c\u00f3mo el ambiente pas\u00f3 de nerviosismo a violencia\" width=\"870\" height=\"580\" class=\"styles_cover-image__pRCD1\" loading=\"lazy\"\/>Las im\u00e1genes divulgadas muestran c\u00f3mo el ambiente pas\u00f3 de nerviosismo a violencia<\/p>\n<p>Aunque la exhibici\u00f3n ten\u00eda como objeto celebrar la trayectoria de dos figuras hist\u00f3ricas del combate en <a href=\"https:\/\/www.ellitoral.com\/temas\/brasil\" target=\"_self\" title=\"Brasil,\" alt=\"Brasil,\" rel=\"nofollow noopener\">Brasil,<\/a> el episodio termin\u00f3 siendo recordado por su desenlace violento y la contundente derrota de Silva.<\/p>\n<p>La organizaci\u00f3n y autoridades locales deber\u00e1n ahora enfrentar las consecuencias disciplinarias y revisiones de seguridad necesarias para futuros eventos.<\/p>\n","protected":false},"excerpt":{"rendered":"Una velada que promet\u00eda mostrar las habilidades de dos veteranos termin\u00f3 convertida en un verdadero caos. En el&hellip;\n","protected":false},"author":2,"featured_media":144785,"comment_status":"","ping_status":"","sticky":false,"template":"","format":"standard","meta":{"footnotes":""},"categories":[276],"tags":[4791,3216,168,25,37915,24,23,167,343,1018],"class_list":{"0":"post-144784","1":"post","2":"type-post","3":"status-publish","4":"format-standard","5":"has-post-thumbnail","7":"category-ufc","8":"tag-boxeo","9":"tag-brasil","10":"tag-deportes","11":"tag-es","12":"tag-es-viral","13":"tag-espana","14":"tag-spain","15":"tag-sports","16":"tag-ufc","17":"tag-videos"},"share_on_mastodon":{"url":"","error":""},"_links":{"self":[{"href":"https:\/\/www.europesays.com\/es\/wp-json\/wp\/v2\/posts\/144784","targetHints":{"allow":["GET"]}}],"collection":[{"href":"https:\/\/www.europesays.com\/es\/wp-json\/wp\/v2\/posts"}],"about":[{"href":"https:\/\/www.europesays.com\/es\/wp-json\/wp\/v2\/types\/post"}],"author":[{"embeddable":true,"href":"https:\/\/www.europesays.com\/es\/wp-json\/wp\/v2\/users\/2"}],"replies":[{"embeddable":true,"href":"https:\/\/www.europesays.com\/es\/wp-json\/wp\/v2\/comments?post=144784"}],"version-history":[{"count":0,"href":"https:\/\/www.europesays.com\/es\/wp-json\/wp\/v2\/posts\/144784\/revisions"}],"wp:featuredmedia":[{"embeddable":true,"href":"https:\/\/www.europesays.com\/es\/wp-json\/wp\/v2\/media\/144785"}],"wp:attachment":[{"href":"https:\/\/www.europesays.com\/es\/wp-json\/wp\/v2\/media?parent=144784"}],"wp:term":[{"taxonomy":"category","embeddable":true,"href":"https:\/\/www.europesays.com\/es\/wp-json\/wp\/v2\/categories?post=144784"},{"taxonomy":"post_tag","embeddable":true,"href":"https:\/\/www.europesays.com\/es\/wp-json\/wp\/v2\/tags?post=144784"}],"curies":[{"name":"wp","href":"https:\/\/api.w.org\/{rel}","templated":true}]}}