{"id":144790,"date":"2025-09-28T18:35:07","date_gmt":"2025-09-28T18:35:07","guid":{"rendered":"https:\/\/www.europesays.com\/es\/144790\/"},"modified":"2025-09-28T18:35:07","modified_gmt":"2025-09-28T18:35:07","slug":"el-uae-y-pogacar-confirman-su-dominio-ciclismo","status":"publish","type":"post","link":"https:\/\/www.europesays.com\/es\/144790\/","title":{"rendered":"El UAE y Pogacar confirman su dominio &#8211; Ciclismo"},"content":{"rendered":"<ol>\n<li><a href=\"https:\/\/news.google.com\/rss\/articles\/CBMiakFVX3lxTFBRWEZUTEFRekVKY0FLM0R3UHlZTURlVWtkaEltRXpuX1Z5N3RRc0dySmVjVzZJSUxmdTkxa1VsYV9lYzJNNzlpTnozTHZzcGVtaTNIek1vVlBCcVlkOHh1UGN1NTJrS1dNM3c?oc=5\" target=\"_blank\" rel=\"nofollow noopener\">El UAE y Pogacar confirman su dominio<\/a>&nbsp;&nbsp;Ciclismo<\/li>\n<li><a href=\"https:\/\/news.google.com\/rss\/articles\/CBMiiAFBVV95cUxNTi1yOWk2S004NFhza19GRG10d0ZKSGNGUm5tVXJuV0pFR254cEVvM2NUZ1lDWGduaTlqSVJndk9fTUtUbGc0aURDeXBDZjdUUjJmRDdtQy1ER1ZURWJ6Q2NpbmlvV0pnV0I5V3pzTDJTZ0JPREtvU04yaXNGaktSMnNMREM0UEg00gGIAUFVX3lxTE43OHljUFFINWxUcms2Z0FpZlpXNXRmNmVEQUtvbnNHTjFWWnE4SHJXVVFTRnZ1Z1YyN3RFVXhtVmVTUk5OVHcySTdLMjFnUEtCaE9xMFhGOHo0Q1lwdGRMS0VIZUJQZTFLT18wa212aTdZSFhaOXlRbndMb0QzcXI0NzEwYm11Nmw?oc=5\" target=\"_blank\" rel=\"nofollow noopener\">As\u00ed bati\u00f3 el UAE de Pogacar el r\u00e9cord de victorias y se convirti\u00f3 en el mejor equipo de la historia<\/a>&nbsp;&nbsp;El Mundo<\/li>\n<li><a href=\"https:\/\/news.google.com\/rss\/articles\/CBMic0FVX3lxTFBPLS1Wb0VxUGd6blNCckJqX3lSa290RjlEdUFZUHllb2JhZ2p6Y1dNczN4SVBhT3Z5emtSbDktelZlZWloRURsNFRNSUlZRWdXX0dGZUcwd1VVRWZsbVJhak1RdlRRUjZVd0tOVjJlRnpHZDA?oc=5\" target=\"_blank\" rel=\"nofollow noopener\">UAE ha dejado atr\u00e1s al Columbia en r\u00e9cord de victorias<\/a>&nbsp;&nbsp;joanseguidor.com<\/li>\n<li><a href=\"https:\/\/news.google.com\/rss\/articles\/CBMivwFBVV95cUxOZXVXcGN0ekxKMktraWtBb3RrQXJLaHo2Y0tsOFV3Mi1nOUVTOVJMdUtPZ2lpblE5Rk9Cb0xLUVQwSUMxSm0wcmc2d2JZdExBNWloVFB5RWROZkJVV3FOYXhudVI4SUhyRXVpN2NYempiQ2Q5Z3NBTzdCOThPd2Z1cTJ0Z21jbXJEeTVBTTJCUDRKdjZvNlI3U0VpQWNpZFV5SnRoZ2FLVnctS19MZ3hNaHl1X2ZBc0Z6NW5PS0psZ9IBvwFBVV95cUxPdzluMHo4QVc5dlFtazU0dDBXZnc2aklpMndBeThqNWhDZjIwanh3TkxtcVliSW5kVHM0a3B4WlBLbG5wWGVfc2VpcXlhX3d6SDVya1B1MFMzZVhQZGVSZzhtQ2ZWT2RrejZFT3ZVb0ZhYUdTU0doWnpISFFOb3cybnhtemF6Y2FkU2dfb3N0bkgzd1JlamdQQ0ltaEVmUUZ3Zmo4anY1Rmt6SFZhUmprdUR3ekVadjdqWnVaSjM2cw?oc=5\" target=\"_blank\" rel=\"nofollow noopener\">El mejor equipo de la historia: UAE Team Emirates supera a HTC y sue\u00f1a con las 100 conquistas en un a\u00f1o<\/a>&nbsp;&nbsp;MARCA<\/li>\n<li><a href=\"https:\/\/news.google.com\/rss\/articles\/CBMidkFVX3lxTE9MZHNnbXdaMGlmUFIzTkdQX0NOTnJVVElPdUNRRVo3R0FZY1NVbUt6QmpuVXRTZkpqN1lGSmtfRmNva2gwMWJCRTlNVHFaVFFYVUt3RlI4Y1RkbE5oaGJzbTJnRnRtNVN1QXNuVk9QR2Yzb2FmN1E?oc=5\" target=\"_blank\" rel=\"nofollow noopener\">Isaac del Toro, protagonista del r\u00e9cord de 86 victorias del UAE Team Emirates-XRG en una sola temporada<\/a>&nbsp;&nbsp;Olympics.com<\/li>\n<\/ol>\n","protected":false},"excerpt":{"rendered":"El UAE y Pogacar confirman su dominio&nbsp;&nbsp;Ciclismo As\u00ed bati\u00f3 el UAE de Pogacar el r\u00e9cord de victorias y&hellip;\n","protected":false},"author":2,"featured_media":144791,"comment_status":"","ping_status":"","sticky":false,"template":"","format":"standard","meta":{"footnotes":""},"categories":[273],"tags":[27651,313,24501,2196,312,168,551,25,24,7214,1070,41737,549,1566,23,167,548,2349,550,552],"class_list":{"0":"post-144790","1":"post","2":"type-post","3":"status-publish","4":"format-standard","5":"has-post-thumbnail","7":"category-ciclismo","8":"tag-aunque","9":"tag-ciclismo","10":"tag-consecutivo","11":"tag-cuenta","12":"tag-cycling","13":"tag-deportes","14":"tag-emirates","15":"tag-es","16":"tag-espana","17":"tag-formacion","18":"tag-mundial","19":"tag-palmares","20":"tag-pogacar","21":"tag-segundo","22":"tag-spain","23":"tag-sports","24":"tag-tadej","25":"tag-titulo","26":"tag-uae","27":"tag-xrg"},"share_on_mastodon":{"url":"","error":""},"_links":{"self":[{"href":"https:\/\/www.europesays.com\/es\/wp-json\/wp\/v2\/posts\/144790","targetHints":{"allow":["GET"]}}],"collection":[{"href":"https:\/\/www.europesays.com\/es\/wp-json\/wp\/v2\/posts"}],"about":[{"href":"https:\/\/www.europesays.com\/es\/wp-json\/wp\/v2\/types\/post"}],"author":[{"embeddable":true,"href":"https:\/\/www.europesays.com\/es\/wp-json\/wp\/v2\/users\/2"}],"replies":[{"embeddable":true,"href":"https:\/\/www.europesays.com\/es\/wp-json\/wp\/v2\/comments?post=144790"}],"version-history":[{"count":0,"href":"https:\/\/www.europesays.com\/es\/wp-json\/wp\/v2\/posts\/144790\/revisions"}],"wp:featuredmedia":[{"embeddable":true,"href":"https:\/\/www.europesays.com\/es\/wp-json\/wp\/v2\/media\/144791"}],"wp:attachment":[{"href":"https:\/\/www.europesays.com\/es\/wp-json\/wp\/v2\/media?parent=144790"}],"wp:term":[{"taxonomy":"category","embeddable":true,"href":"https:\/\/www.europesays.com\/es\/wp-json\/wp\/v2\/categories?post=144790"},{"taxonomy":"post_tag","embeddable":true,"href":"https:\/\/www.europesays.com\/es\/wp-json\/wp\/v2\/tags?post=144790"}],"curies":[{"name":"wp","href":"https:\/\/api.w.org\/{rel}","templated":true}]}}