{"id":144800,"date":"2025-09-28T18:41:12","date_gmt":"2025-09-28T18:41:12","guid":{"rendered":"https:\/\/www.europesays.com\/es\/144800\/"},"modified":"2025-09-28T18:41:12","modified_gmt":"2025-09-28T18:41:12","slug":"libros-y-selic-leyendo-en-el-obradoiro-entre-un-mar-de-selfies","status":"publish","type":"post","link":"https:\/\/www.europesays.com\/es\/144800\/","title":{"rendered":"LIBROS Y SELIC | Leyendo en el Obradoiro entre un mar de selfies"},"content":{"rendered":"<p class=\"ft-text\"><strong>La feria de libros en <\/strong><a class=\"ft-link ft-link--decoration\" href=\"https:\/\/www.elcorreogallego.es\/santiago\/\" target=\"_blank\" rel=\"nofollow noopener\"><strong>Compostela<\/strong><\/a><strong>, Selic 2025, empieza el viernes 3 de octubre en la Quintana pero este domingo hubo un original pr\u00f3logo en el coraz\u00f3n de la capital gallega. <\/strong>Unas 60 personas (52 mujeres; 8 hombres) respondieron a la llamada de una convocatoria denominada Compostela le no Obradoiro, con sol, vento ou dioivo. Entre doce y una del mediod\u00eda, brot\u00f3 verm\u00fa de literatura, con Lola Puerta, librera reci\u00e9n jubilada tras a\u00f1os al frente de Aenea, como conductora.<\/p>\n<p><img decoding=\"async\" src=\"https:\/\/www.europesays.com\/es\/wp-content\/uploads\/2025\/09\/308992c7-9a65-417a-a57e-7772c76e7171_alta-libre-aspect-ratio_default_0.jpg\" width=\"1200\" height=\"800\" alt=\"Leyendo en el Obradoiro entre un mar de selfies\" class=\"ft-helper-img-rd\" loading=\"lazy\" hasdataaida=\"true\"\/><\/p>\n<p class=\"ft-helper-fontColor-quaternary ft-helper-fontSize-body-S ft-helper-spacer-t-xxs\">Leyendo en el Obradoiro entre un mar de selfies  \/ Antonio Hern\u00e1ndez<\/p>\n<p class=\"ft-text\">En <strong>un Obradoiro tomado por cientos de visitantes, turistas y peregrinos<\/strong>, m\u00e1s de medio centenar de amantes de los libros se reun\u00edan junto a un atril ante los arcos centrales del Pazo de Raxoi. All\u00ed, dando ejemplo de esta propuesta de la Selic (feria que organiza el Concello), se reunieron desde los concelleiros Xes\u00fas Dom\u00ednguez y Manuel C\u00e9sar Vila o la edil socialista expulsada Mila Castro, a la directora de la Selic, Lorena Conde; la dramaturga Marta Pazos; la escritora\/periodista Marga Tojo o el periodista Manel Pardo (ley\u00f3 a Tom Sharpe) entre una lista de part\u00edcipes, con abundancia de vecinas y vecinos de Santiago, una docena con silla y\/o tumbona para as\u00ed subrayar el desaf\u00edo al estr\u00e9s actual que supone frenar el tiempo y abrir una novela, poemario, c\u00f3mic, ensayo o libro de cuentos. Junto al micr\u00f3fono por el que pasaron diferentes voces, se puso una mesa con un jarr\u00f3n florido y libros, muchos libros, entre gent\u00edo ajeno al acto, dando pie al contraste.<\/p>\n<p><img decoding=\"async\" src=\"https:\/\/www.europesays.com\/es\/wp-content\/uploads\/2025\/09\/284ee23b-a542-46c2-9236-3cf3e1dfe4f6_alta-libre-aspect-ratio_default_0.jpg\" width=\"1200\" height=\"800\" alt=\"Leyendo en el Obradoiro entre un mar de selfies\" class=\"ft-helper-img-rd\" loading=\"lazy\" hasdataaida=\"true\"\/><\/p>\n<p class=\"ft-helper-fontColor-quaternary ft-helper-fontSize-body-S ft-helper-spacer-t-xxs\">Leyendo en el Obradoiro entre un mar de selfies  \/ Antonio Hern\u00e1ndez<\/p>\n<p class=\"ft-text\">Si, por un lado, esta idea reivindica el Obradoiro como espacio para la cultura (\u00bfvolver\u00e1n los conciertos?) m\u00e1s all\u00e1 del selfie, por otro, resulta llamativo que asistentes al encuentro literario y visitantes, turistas, etc&#8230;, se dieran la espalda mutuamente cual met\u00e1fora del bum tur\u00edstico que sufre Compostela. En este pre\u00e1mbulo a la apertura de la <strong>feria Selic 2025,<\/strong> el protagonismo fue para libros como Despistes y franquezas, de <strong>Mario Benedetti;<\/strong> Contos, de <strong>\u00c1nxel Fole<\/strong>; Baixo m\u00ednimos, de <strong>Diego Ameixeiras<\/strong>; Infocracia, de <strong>Byung-Chul<\/strong>; La belleza, de Anne Carson; La tierra de la abundancia, de Matilde Serao, e incluso alguna lectura virtual, m\u00f3vil en mano, como la oratoria con un texto de autor\u00eda asi\u00e1tica del siglo XI o la presencia de alg\u00fan que otro menor con libros ilustrados, pintando el presente y so\u00f1ando el futuro por esa colorista puerta de entrada a la literatura que son los cuentos&#8230;<\/p>\n<p class=\"ft-text\">\u00abGracias por participar en esta experiencia de lectura silenciosa en Compostela, por Compostela, la pr\u00f3xima cita ser\u00e1 el viernes 3 de octubre, en la Quintana, donde, por primera vez, no estar\u00e1 la librer\u00eda Aenea en la feria Selic, pero puedo decir que est\u00e1n varias personas trabajando para abrir las puertas de nuevo\u00bb, dijo Lola Puerta con esperanza al contar que, a la par que ella sella ah\u00ed su trayectoria librera, su relevo est\u00e1 ya en marcha, sea en ese mismo lugar o en otro, cont\u00f3 mientras escuch\u00e1bamos su voz algo mermada por la m\u00fasica procedente de la gaiteira situada en el arco que, desde la Praza da Inmaculada, desemboca en el Obradoiro.<\/p>\n","protected":false},"excerpt":{"rendered":"La feria de libros en Compostela, Selic 2025, empieza el viernes 3 de octubre en la Quintana pero&hellip;\n","protected":false},"author":2,"featured_media":144801,"comment_status":"","ping_status":"","sticky":false,"template":"","format":"standard","meta":{"footnotes":""},"categories":[172],"tags":[224,209,146,147,25,24,44641,225,195,10281,2450,44642,44010,23],"class_list":{"0":"post-144800","1":"post","2":"type-post","3":"status-publish","4":"format-standard","5":"has-post-thumbnail","7":"category-libros","8":"tag-books","9":"tag-cultura","10":"tag-entertainment","11":"tag-entretenimiento","12":"tag-es","13":"tag-espana","14":"tag-leyendo","15":"tag-libros","16":"tag-mar","17":"tag-obradoiro","18":"tag-santiago","19":"tag-selfies","20":"tag-selic","21":"tag-spain"},"share_on_mastodon":{"url":"","error":""},"_links":{"self":[{"href":"https:\/\/www.europesays.com\/es\/wp-json\/wp\/v2\/posts\/144800","targetHints":{"allow":["GET"]}}],"collection":[{"href":"https:\/\/www.europesays.com\/es\/wp-json\/wp\/v2\/posts"}],"about":[{"href":"https:\/\/www.europesays.com\/es\/wp-json\/wp\/v2\/types\/post"}],"author":[{"embeddable":true,"href":"https:\/\/www.europesays.com\/es\/wp-json\/wp\/v2\/users\/2"}],"replies":[{"embeddable":true,"href":"https:\/\/www.europesays.com\/es\/wp-json\/wp\/v2\/comments?post=144800"}],"version-history":[{"count":0,"href":"https:\/\/www.europesays.com\/es\/wp-json\/wp\/v2\/posts\/144800\/revisions"}],"wp:featuredmedia":[{"embeddable":true,"href":"https:\/\/www.europesays.com\/es\/wp-json\/wp\/v2\/media\/144801"}],"wp:attachment":[{"href":"https:\/\/www.europesays.com\/es\/wp-json\/wp\/v2\/media?parent=144800"}],"wp:term":[{"taxonomy":"category","embeddable":true,"href":"https:\/\/www.europesays.com\/es\/wp-json\/wp\/v2\/categories?post=144800"},{"taxonomy":"post_tag","embeddable":true,"href":"https:\/\/www.europesays.com\/es\/wp-json\/wp\/v2\/tags?post=144800"}],"curies":[{"name":"wp","href":"https:\/\/api.w.org\/{rel}","templated":true}]}}