{"id":144815,"date":"2025-09-28T18:50:15","date_gmt":"2025-09-28T18:50:15","guid":{"rendered":"https:\/\/www.europesays.com\/es\/144815\/"},"modified":"2025-09-28T18:50:15","modified_gmt":"2025-09-28T18:50:15","slug":"este-es-el-pais-de-europa-que-atacaria-rusia-segun-la-ia","status":"publish","type":"post","link":"https:\/\/www.europesays.com\/es\/144815\/","title":{"rendered":"\u00e9ste es el pa\u00eds de Europa que atacar\u00eda Rusia, seg\u00fan la IA"},"content":{"rendered":"<p>La <strong>guerra en Ucrania<\/strong>, que comenz\u00f3 en febrero de 2022, ha transformado el <strong>mapa geopol\u00edtico de Europa<\/strong> y ha abierto un profundo debate sobre cu\u00e1l ser\u00eda el siguiente pa\u00eds de Europa que atacar\u00eda Rusia. La <strong>anexi\u00f3n unilateral de Crimea<\/strong> en 2014, el conflicto en el Donb\u00e1s y el acercamiento de Ucrania a la <a href=\"https:\/\/okdiario.com\/noticias\/organizacion-tratado-atlantico-norte\/\" rel=\"nofollow noopener\" target=\"_blank\">OTAN<\/a> y a la Uni\u00f3n Europea fueron factores clave de esta guerra. Desde entonces, Occidente ha reforzado su apoyo militar y econ\u00f3mico a Kiev, mientras <a href=\"https:\/\/okdiario.com\/noticias\/moscu\/\" rel=\"nofollow noopener\" target=\"_blank\">Mosc\u00fa<\/a> enfrenta <strong>sanciones internacionales<\/strong> cada vez m\u00e1s severas.<\/p>\n<p>En este contexto, surge la gran inc\u00f3gnita: si Rusia quisiera expandir a\u00fan m\u00e1s su influencia, \u00bfqu\u00e9 pa\u00eds estar\u00eda en peligro? Para tratar responder a esta pregunta, varios analistas y, m\u00e1s recientemente, <strong>herramientas de inteligencia artificial (IA)<\/strong>, han planteado posibles escenarios. Aunque no existe una respuesta definitiva, s\u00ed se pueden analizar factores estrat\u00e9gicos, hist\u00f3ricos y militares que ayudan a entender por qu\u00e9 algunas naciones tienen m\u00e1s probabilidades de <strong>recibir un ataque ruso<\/strong>.<\/p>\n<p>El primer pa\u00eds de Europa al que atacar\u00eda Rusia<\/p>\n<p>Cuando se habla de las posibles ambiciones de Rusia en Europa del Este, el pa\u00eds que aparece de manera recurrente en los an\u00e1lisis es <strong>Moldavia<\/strong>. \u00c9sta peque\u00f1a naci\u00f3n, vive desde hace a\u00f1os en un fr\u00e1gil equilibrio entre su deseo de acercarse a Europa y la influencia constante de Mosc\u00fa. Hoy, con el conflicto abierto en Ucrania, su posici\u00f3n geopol\u00edtica vuelve a estar bajo la lupa internacional.<\/p>\n<p>El primer punto que la hace vulnerable es evidente: Moldavia <strong>no forma parte de la OTAN<\/strong>. Esto significa que, en caso de una agresi\u00f3n militar rusa, no podr\u00eda acogerse a la protecci\u00f3n que ofrece el Art\u00edculo 5 del Tratado del Atl\u00e1ntico Norte, que establece: \u00abLas Partes acuerdan que un ataque armado contra una o varias de ellas ser\u00e1 considerado como un ataque contra todas, y en consecuencia, acuerdan que, si tal ataque se produce, cada una de ellas, en ejercicio del derecho de leg\u00edtima defensa individual o colectiva, asistir\u00e1 a la Parte o Partes atacadas\u00bb.<\/p>\n<p>Otro factor clave es su <strong>cercan\u00eda geogr\u00e1fica a Ucrania<\/strong>. En caso de que Rusia consolidara sus posiciones en el sur ucraniano, no ser\u00eda descabellado pensar en un avance que busque unir esa zona con Transnistria, uno de los mayores puntos de inestabilidad en la regi\u00f3n. Desde que proclam\u00f3 su independencia de facto en los a\u00f1os 90, ha funcionado como una regi\u00f3n prorrusa dentro del territorio moldavo.<\/p>\n<p>All\u00ed se encuentran desplegados varios miles de soldados y <strong>dep\u00f3sitos de armamento heredados de la \u00e9poca sovi\u00e9tica<\/strong>. Aunque la magnitud de estas fuerzas no sea comparable a la de un ej\u00e9rcito moderno, su simple presencia representa una amenaza latente. Como recuerda un analista europeo: \u00abTransnistria es el recordatorio constante de que Rusia ya tiene un pie dentro de Moldavia, y de que puede usarlo en cualquier momento como excusa o como palanca de presi\u00f3n\u00bb.<\/p>\n<p>La <strong>debilidad institucional de Moldavia<\/strong> tambi\u00e9n juega un papel importante. Se trata de un pa\u00eds con problemas econ\u00f3micos, que depende energ\u00e9ticamente de Rusia y un sistema pol\u00edtico a menudo dividido entre fuerzas proeuropeas y prorrusas.<\/p>\n<p>\u00abLa posibilidad de que Moldavia se convierta en el pr\u00f3ximo objetivo ruso es, por ahora, un escenario hipot\u00e9tico, pero no irreal. Su fragilidad institucional, la presencia de Transnistria y su falta de protecci\u00f3n bajo la OTAN la sit\u00faan en una posici\u00f3n vulnerable. En Bruselas y en Washington, el pa\u00eds ya se estudia como un punto cr\u00edtico en la seguridad europea. Si bien nada est\u00e1 escrito, la tensi\u00f3n creciente obliga a vigilar de cerca cada movimiento en la regi\u00f3n. Moldavia, hasta hace poco invisible en la agenda internacional, podr\u00eda ser el nuevo term\u00f3metro de la estabilidad en Europa del Este.\u00bb<\/p>\n<p>Otras naciones vulnerables<\/p>\n<p>M\u00e1s all\u00e1 de Moldavia, otros pa\u00edses de Europa que podr\u00eda atacar Rusia son <strong>Estonia, Letonia y Lituania<\/strong>. Los tres forman parte de la OTAN, pero su cercan\u00eda geogr\u00e1fica al territorio y el hecho de que en algunos de ellos existan minor\u00edas rusoparlantes abre la puerta a posibles tensiones.\u00a0Por ello, la Alianza Atl\u00e1ntica ha reforzado de manera constante su presencia militar en la regi\u00f3n.<\/p>\n<p>Otro pa\u00eds que aparece en los posibles escenarios es <strong>Polonia<\/strong>. Situada entre Alemania, Ucrania y Bielorrusia, Polonia ha jugado un papel fundamental como apoyo a Kiev, enviando armas, acogiendo refugiados y ejerciendo presi\u00f3n diplom\u00e1tica contra Mosc\u00fa. Desde el punto de vista ruso, debilitar a Polonia supondr\u00eda un golpe directo a la OTAN en su flanco oriental y al mismo tiempo una forma de enviar un mensaje a toda Europa.<\/p>\n<p>La IA tambi\u00e9n menciona que naciones del antiguo bloque del Pacto de Varsovia, como <strong>Bulgaria, Hungr\u00eda o Rep\u00fablica Checa<\/strong>.\u00a0Aunque muchos de estos pa\u00edses forman parte de la Uni\u00f3n Europea y la OTAN, la regi\u00f3n balc\u00e1nica sigue siendo un espacio fr\u00e1gil, con tensiones \u00e9tnicas y pol\u00edticas no resueltas desde las guerras de los a\u00f1os 90. Rusia mantiene lazos hist\u00f3ricos y religiosos con Serbia, por ejemplo, y siempre ha mostrado inter\u00e9s en seguir influyendo en la regi\u00f3n.<\/p>\n","protected":false},"excerpt":{"rendered":"La guerra en Ucrania, que comenz\u00f3 en febrero de 2022, ha transformado el mapa geopol\u00edtico de Europa y&hellip;\n","protected":false},"author":2,"featured_media":144816,"comment_status":"","ping_status":"","sticky":false,"template":"","format":"standard","meta":{"footnotes":""},"categories":[42],"tags":[17,18,13,14,11,61,62,63,64,19,20,9,10,15,16,12,21,22,65,66,67],"class_list":{"0":"post-144815","1":"post","2":"type-post","3":"status-publish","4":"format-standard","5":"has-post-thumbnail","7":"category-internacional","8":"tag-breaking-news","9":"tag-breakingnews","10":"tag-featured-news","11":"tag-featurednews","12":"tag-headlines","13":"tag-internacional","14":"tag-international","15":"tag-international-news","16":"tag-internationalnews","17":"tag-latest-news","18":"tag-latestnews","19":"tag-news","20":"tag-noticias","21":"tag-noticias-destacadas","22":"tag-noticiasdestacadas","23":"tag-titulares","24":"tag-ultimas-noticias","25":"tag-ultimasnoticias","26":"tag-world","27":"tag-world-news","28":"tag-worldnews"},"share_on_mastodon":{"url":"","error":""},"_links":{"self":[{"href":"https:\/\/www.europesays.com\/es\/wp-json\/wp\/v2\/posts\/144815","targetHints":{"allow":["GET"]}}],"collection":[{"href":"https:\/\/www.europesays.com\/es\/wp-json\/wp\/v2\/posts"}],"about":[{"href":"https:\/\/www.europesays.com\/es\/wp-json\/wp\/v2\/types\/post"}],"author":[{"embeddable":true,"href":"https:\/\/www.europesays.com\/es\/wp-json\/wp\/v2\/users\/2"}],"replies":[{"embeddable":true,"href":"https:\/\/www.europesays.com\/es\/wp-json\/wp\/v2\/comments?post=144815"}],"version-history":[{"count":0,"href":"https:\/\/www.europesays.com\/es\/wp-json\/wp\/v2\/posts\/144815\/revisions"}],"wp:featuredmedia":[{"embeddable":true,"href":"https:\/\/www.europesays.com\/es\/wp-json\/wp\/v2\/media\/144816"}],"wp:attachment":[{"href":"https:\/\/www.europesays.com\/es\/wp-json\/wp\/v2\/media?parent=144815"}],"wp:term":[{"taxonomy":"category","embeddable":true,"href":"https:\/\/www.europesays.com\/es\/wp-json\/wp\/v2\/categories?post=144815"},{"taxonomy":"post_tag","embeddable":true,"href":"https:\/\/www.europesays.com\/es\/wp-json\/wp\/v2\/tags?post=144815"}],"curies":[{"name":"wp","href":"https:\/\/api.w.org\/{rel}","templated":true}]}}