{"id":144817,"date":"2025-09-28T18:51:09","date_gmt":"2025-09-28T18:51:09","guid":{"rendered":"https:\/\/www.europesays.com\/es\/144817\/"},"modified":"2025-09-28T18:51:09","modified_gmt":"2025-09-28T18:51:09","slug":"yolanda-diaz-responde-a-feijoo-el-principal-problema-de-espana-no-es-la-inmigracion-sino-el-pp","status":"publish","type":"post","link":"https:\/\/www.europesays.com\/es\/144817\/","title":{"rendered":"Yolanda D\u00edaz responde a Feij\u00f3o: \u00abEl principal problema de Espa\u00f1a no es la inmigraci\u00f3n, sino el PP\u00bb"},"content":{"rendered":"<p>POL\u00cdTICA<\/p>\n<p>La vicepresidenta segunda del Gobierno y ministra de Trabajo ha participado en las mesas redondas que organiza el Partido Comunista de forma anual. Tambi\u00e9n ha asegurado que la reducci\u00f3n de la jornada laboral saldr\u00e1 adelante. <\/p>\n<p class=\"articleSignature-name\"><a href=\"https:\/\/www.ondacero.es\/autores\/carlos-martin\/\" rel=\"nofollow noopener\" target=\"_blank\">Carlos Mart\u00edn<\/a><\/p>\n<p class=\"articleSignature-datecontent\">Madrid | <strong>28.09.2025 15:57 <\/strong><\/p>\n<p><img loading=\"lazy\" decoding=\"async\" title=\"Yolanda D\u00edaz responde a Feij\u00f3o: &quot;El principal problema de Espa\u00f1a no es la inmigraci\u00f3n, sino el PP&quot;\" alt=\"Yolanda D\u00edaz responde a Feij\u00f3o: &quot;El principal problema de Espa\u00f1a no es la inmigraci\u00f3n, sino el PP&quot;\" width=\"480\" height=\"270\" src=\"https:\/\/www.europesays.com\/es\/wp-content\/uploads\/2025\/09\/yolanda-diaz-responde-feijoo-principal-problema-espana-inmigracion-sino_70.jpg\"\/>Yolanda D\u00edaz responde a Feij\u00f3o: \u00abEl principal problema de Espa\u00f1a no es la inmigraci\u00f3n, sino el PP\u00bb | Europa Press<\/p>\n","protected":false},"excerpt":{"rendered":"POL\u00cdTICA La vicepresidenta segunda del Gobierno y ministra de Trabajo ha participado en las mesas redondas que organiza&hellip;\n","protected":false},"author":2,"featured_media":144818,"comment_status":"","ping_status":"","sticky":false,"template":"","format":"standard","meta":{"footnotes":""},"categories":[8],"tags":[17,18,25,24,13,14,11,19,20,9,10,15,16,23,12,21,22],"class_list":{"0":"post-144817","1":"post","2":"type-post","3":"status-publish","4":"format-standard","5":"has-post-thumbnail","7":"category-espana","8":"tag-breaking-news","9":"tag-breakingnews","10":"tag-es","11":"tag-espana","12":"tag-featured-news","13":"tag-featurednews","14":"tag-headlines","15":"tag-latest-news","16":"tag-latestnews","17":"tag-news","18":"tag-noticias","19":"tag-noticias-destacadas","20":"tag-noticiasdestacadas","21":"tag-spain","22":"tag-titulares","23":"tag-ultimas-noticias","24":"tag-ultimasnoticias"},"share_on_mastodon":{"url":"","error":""},"_links":{"self":[{"href":"https:\/\/www.europesays.com\/es\/wp-json\/wp\/v2\/posts\/144817","targetHints":{"allow":["GET"]}}],"collection":[{"href":"https:\/\/www.europesays.com\/es\/wp-json\/wp\/v2\/posts"}],"about":[{"href":"https:\/\/www.europesays.com\/es\/wp-json\/wp\/v2\/types\/post"}],"author":[{"embeddable":true,"href":"https:\/\/www.europesays.com\/es\/wp-json\/wp\/v2\/users\/2"}],"replies":[{"embeddable":true,"href":"https:\/\/www.europesays.com\/es\/wp-json\/wp\/v2\/comments?post=144817"}],"version-history":[{"count":0,"href":"https:\/\/www.europesays.com\/es\/wp-json\/wp\/v2\/posts\/144817\/revisions"}],"wp:featuredmedia":[{"embeddable":true,"href":"https:\/\/www.europesays.com\/es\/wp-json\/wp\/v2\/media\/144818"}],"wp:attachment":[{"href":"https:\/\/www.europesays.com\/es\/wp-json\/wp\/v2\/media?parent=144817"}],"wp:term":[{"taxonomy":"category","embeddable":true,"href":"https:\/\/www.europesays.com\/es\/wp-json\/wp\/v2\/categories?post=144817"},{"taxonomy":"post_tag","embeddable":true,"href":"https:\/\/www.europesays.com\/es\/wp-json\/wp\/v2\/tags?post=144817"}],"curies":[{"name":"wp","href":"https:\/\/api.w.org\/{rel}","templated":true}]}}