{"id":144819,"date":"2025-09-28T18:52:21","date_gmt":"2025-09-28T18:52:21","guid":{"rendered":"https:\/\/www.europesays.com\/es\/144819\/"},"modified":"2025-09-28T18:52:21","modified_gmt":"2025-09-28T18:52:21","slug":"los-vecinos-de-guadalajara-afectados-por-el-incendio-de-penalba-de-la-sierra-ya-pueden-volver-a-casa","status":"publish","type":"post","link":"https:\/\/www.europesays.com\/es\/144819\/","title":{"rendered":"Los vecinos de Guadalajara afectados por el incendio de Pe\u00f1alba de la Sierra ya pueden volver a casa"},"content":{"rendered":"<p class=\"article-text\">\n        El viceconsejero de Medio Ambiente de Castilla-La Mancha Jos\u00e9 Almod\u00f3var ha asegurado este domingo que la lluvia ha permitido \u201cun respiro\u201d en las labores de extinci\u00f3n del incendio que ya ha afectado a 3.000 hect\u00e1reas. Lleva ocho d\u00edas quemando la Sierra Norte de Guadalajara y se ha extendido a la provincia de Segovia.\n    <\/p>\n<p class=\"article-text\">\n        Durante la tarde del domingo los vecinos evacuados de las poblaciones de Cabida y Pe\u00f1alba de la Sierra han podido volver a sus casas, aunque se mantienen los cortes en las carreteras de la zona. La decisi\u00f3n se ha tomado debido a que los flancos oeste y sur suman ya dos d\u00edas sin actividad, pero se pide a la poblaci\u00f3n que no abandone los n\u00facleos urbanos excepto \u201cmovimientos laborales imprescindibles\u201d. Almod\u00f3var ha pedido tranquilidad, porque \u201ctodav\u00eda va a haber trasiego de maquinaria\u201d.\n    <\/p>\n<p class=\"article-text\">\n        La situaci\u00f3n operativa del incendio sigue en nivel 2. En la vecina provincia de Segovia tuvieron que desalojar a los vecinos de Riofr\u00edo de Riaza y de una urbanizaci\u00f3n de La Pinilla.\n    <\/p>\n<p class=\"article-text\">\n        El incendio sigue activo y el viceconsejero pide \u201cno bajar la guardia\u201d. Este lunes, ya de d\u00eda, habr\u00e1 que comprobar d\u00f3nde se sit\u00faan los puntos calientes. Durante la jornada de domingo la lluvia \u201cha ayudado tanto en los sectores m\u00e1s activos en la parte segoviana y en la parte noreste\u201d, en el barranco de Las Veguillas.\n    <\/p>\n<p class=\"article-text\">\n        En cuanto a las perspectivas para esta noche del domingo al lunes, Almod\u00f3var ha explicado que, \u201ceste episodio de lluvias ha sido ligero, menor de 5 mil\u00edmetros\u201d y se espera que en las pr\u00f3ximas horas llueva algo m\u00e1s. \u201cNos va a dar un poquito m\u00e1s de margen, pero tenemos que ser precavidos y seguir trabajando en este escenario de nivel 2, hasta que veamos que las condiciones se mantienen a lo largo del tiempo con todas las restricciones que hemos establecido\u201d.\n    <\/p>\n<p class=\"article-text\">\n        Son las principales novedades de un domingo en el que, seg\u00fan Almod\u00f3var, no se esperaba la posibilidad de lluvia. \u201cExist\u00eda, pero quer\u00edamos trabajar con la posibilidad de que no lloviera, que era mucho m\u00e1s probable, as\u00ed que hab\u00edamos dise\u00f1ado una serie de operaciones para trabajar y vamos a seguir con ellas, porque la lluvia nos da un respiro, pero nos toca mucho trabajo\u201d, insiste.\n    <\/p>\n<p class=\"article-text\">\n        Ha justificado la extensi\u00f3n del incendio a la vecina provincia de Segovia por el viento en la noche del s\u00e1bado al domingo. \u201cTuvimos una serie de rachas, de r\u00e1fagas importantes, sobre todo de componente sur, y lo que pas\u00f3 es que el fuego termin\u00f3 superando nuestra l\u00ednea de control en un sitio relativamente peque\u00f1o, pero cruz\u00f3 a la ladera de Segovia\u201d.\n    <\/p>\n<blockquote class=\"twitter-tweet\" data-lang=\"es\"><p><a href=\"https:\/\/twitter.com\/X\/status\/1972288970626310212?ref_src=twsrc%5Etfw\" rel=\"nofollow noopener\" target=\"_blank\"><\/p><\/blockquote>\n<p>    Se han pedido m\u00e1s medios al Gobierno de Espa\u00f1a<\/p>\n<p class=\"article-text\">\n        Se ha seguido consolidando el perim\u00e9tro y \u201cquit\u00e1ndole metros cada vez m\u00e1s al incendio\u201d. Desde el Gobierno de Castilla-La Mancha se estima que antes de la llegada de la lluvia quedaban unos 15 kil\u00f3metros de per\u00edmetro con \u201ccierta actividad\u201d y es ah\u00ed donde se centrar\u00e1 el trabajo ahora.\n    <\/p>\n<p class=\"article-text\">\n        Se han redistribuido los medios disponibles entre el sector segoviano y el de la provincia de Guadalajara. Hay que recordar que el fuego se combate con un mando \u00fanico para las comunidades de Castilla-La Mancha y Castilla y Le\u00f3n. En Segovia se tuvo que evacuar el municipio de Riofr\u00edo de Riaza y una urbanizaci\u00f3n en La Pinilla.\n    <\/p>\n<blockquote class=\"quote\">\n<p class=\"quote-text\">Seguimos en el mismo escenario que manej\u00e1bamos anoche y con la posibilidad de que el incendio en alg\u00fan momento dado pueda amenazar a la carretera que va al puerto de la Quesera <\/p>\n<p>\n                        Jos\u00e9 Almod\u00f3var<br \/>\n                                        \u2014 Viceconsejero de Medio Ambiente de Castilla-La Mancha\n                      <\/p>\n<\/blockquote>\n<p class=\"article-text\">\n        Jos\u00e9 Almod\u00f3var ha anunciado que se van a pedir por esta raz\u00f3n m\u00e1s medios al Ministerio para la Transici\u00f3n Ecol\u00f3gica, una dotaci\u00f3n \u201cextraordinaria\u201d de brigadas, adem\u00e1s de nuevas aportaciones que est\u00e1n realizando ambas comunidades aut\u00f3nomas para combatir el fuego. \u201cAhora mismo tenemos, sin contar los medios de Castilla y Le\u00f3n, unas 300 personas trabajando en este incendio, en la parte de Castilla-La Mancha\u201d.\n    <\/p>\n<p class=\"article-text\">\n        Se va a seguir trabajando tambi\u00e9n en colaboraci\u00f3n con la UME. El objetivo es que, una vez que se retire la lluvia, \u201cno haya ning\u00fan humo\u201d, para empezar a pensar \u201cen otro tipo de escenarios\u201d.\n    <\/p>\n<p class=\"article-text\">\n        De momento, ha explicado, se mantiene la posibilidad de que el incendio \u201cen alg\u00fan momento dado pueda amenazar a la carretera que va al puerto de la Quesera\u201d.\n    <\/p>\n<p class=\"article-text\">\n        Preguntado por la coordinaci\u00f3n con Castilla y Le\u00f3n, Jos\u00e9 Almod\u00f3var cree que va \u201cmuy bien desde el principio\u201d. En ambos territorios se ha situado una persona como \u201cenlace\u201d, tras constituirse un mando conjunto y unificado.\n    <\/p>\n<p class=\"article-text\">\n        \u201cComo tenemos los puestos de mando separados debido a la orograf\u00eda y la topograf\u00eda, lo que hacemos es videoconferencias recurrentes para actualizar nuestros planes de operaciones\u201d, ha detallado. Ha hablado de colaboraci\u00f3n \u201cconstante\u201d.\n    <\/p>\n<p class=\"article-text\">\n        El viceconsejero de Medio Ambiente ha vuelto hoy a aludir a la complicada orograf\u00eda del lugar. \u201cHemos abierto los accesos y hemos creado las zonas para que se puedan desplegar autobombas, para que puedan llegar lo m\u00e1s arriba posible, para que las cuadrillas puedan trabajar de forma segura y puedan desplegarse\u201d. Sostiene que no ha sido f\u00e1cil y ahora est\u00e1n llegando \u201clos resultados\u201d despu\u00e9s de una semana con muchas cr\u00edticas de los sindicatos o del propio <a href=\"https:\/\/www.eldiario.es\/castilla-la-mancha\/social\/alcalde-penalba-sierra-critica-tardanza-medios-extincion-fuego-quema-parque-natural_1_12628182.html\" target=\"_blank\" data-mrf-recirculation=\"links-noticia\" class=\"link\" rel=\"nofollow noopener\">alcalde de Pe\u00f1alba de la Sierra. <\/a>\n    <\/p>\n<p class=\"article-text\">\n        Se trata, abundaba, de un lugar donde \u201cla vegetaci\u00f3n arde con mucha facilidad y arde muy r\u00e1pido. Eso nos ha complicado mucho y fue lo que, por ejemplo, ayer hizo que nos saltara la l\u00ednea de control\u201d. Ahora se trata, dice, de \u201caguantarla todo el d\u00eda y afianzarla\u201d, en colaboraci\u00f3n con la comunidad vecina. \u201cIr consolidando el per\u00edmetro de este incendio y apag\u00e1ndolo lo antes posible y aprovechar la ventana que nos da la lluvia\u201d.\n    <\/p>\n<p>    La lluvia ayuda pero no apaga el incendio<\/p>\n<p class=\"article-text\">\n        Juanjo Fern\u00e1ndez, director del centro operativo de la regi\u00f3n ha explicado los beneficios que puede traer la lluvia. \u201cLo que hace es humectar, mojar los combustibles y eso dificulta la propagaci\u00f3n del fuego. Es dif\u00edcil que un frente intenso, una cabeza de un incendio plenamente activo, sea apagado por la lluvia\u201d, ha advertido.\n    <\/p>\n<p class=\"article-text\">\n        Sin embargo, aclara que en los sectores con menor intensidad del fuego puede influir en positivo y sobre todo permite \u201cmojar los combustibles a los que todav\u00eda no ha llegado el frente\u201d.\n    <\/p>\n<p class=\"article-text\">\n        Ha puesto el foco en la combusti\u00f3n que se produce sin llama. \u201cEs una combusti\u00f3n incandescente en los tocones o incluso en el mantillo, donde la lluvia no llega a penetrar y eso s\u00ed que permanece\u201d, comentaba a preguntas de los periodistas y no se descarta que una vez que regresen las condiciones normales meteorol\u00f3gicas para esta \u00e9poca del a\u00f1o pueda producirse una reproducci\u00f3n del fuego. \u201cLa lluvia es una ayuda, pero no podemos confiar todo a la lluvia\u201d, ha zanjado.\n    <\/p>\n<blockquote class=\"quote\">\n<p class=\"quote-text\">Es importante contar con los medios a\u00e9reos durante los pr\u00f3ximos d\u00edas para poder reducir la intensidad, para que esas brigadas por tierra puedan penetrar y actuar con la mayor seguridad<\/p>\n<p>\n                        Juanjo Fern\u00e1ndez<br \/>\n                                        \u2014 Director del centro operativo de incendios de Castilla-La Mancha\n                      <\/p>\n<\/blockquote>\n<p class=\"article-text\">\n        Los medios a\u00e9reos seguir\u00e1n trabajando durante los pr\u00f3ximos d\u00edas. \u201cEs importante contar con ellos para poder reducir la intensidad, para que esas brigadas por tierra puedan penetrar y actuar con la mayor seguridad\u201d.\n    <\/p>\n<p class=\"article-text\">\n        Los trabajos por tierra ahora mismo se est\u00e1n efectuando en dos l\u00edneas, ha explicado. \u201cPor un lado, con maquinaria pesada estableciendo l\u00edneas de defensa de manera mecanizada, que tambi\u00e9n sirven de acceso para luego entrar con las autobombas para que lo hagan transitable y, por otro lado, tambi\u00e9n para las brigadas terrestres para ir haciendo estos la estas labores de consolidaci\u00f3n y liquidaci\u00f3n de per\u00edmetro\u201d.\n    <\/p>\n<p>    Page y Ma\u00f1ueco apelan a la colaboraci\u00f3n ciudadana e institucional<\/p>\n<p class=\"article-text\">\n        En paralelo, en este domingo los presidentes de Castilla-La Mancha y Castilla y Le\u00f3n, Emiliano Garc\u00eda-Page y Alfonso Fern\u00e1ndez Ma\u00f1ueco respectivamente han recordado la importancia de la colaboraci\u00f3n, la ciudadana y la institucional.\n    <\/p>\n<p class=\"article-text\">\n        \u201cEl fuego no entiende de fronteras\u201d, dec\u00eda Ma\u00f1ueco, mientras Page centraba su mensaje en la colaboraci\u00f3n de la poblaci\u00f3n que, sostiene, \u201ces clave y la mejor forma de ayudar es siguiendo las indicaciones de las autoridades\u201d.\n    <\/p>\n<blockquote class=\"twitter-tweet\" data-lang=\"es\"><p><a href=\"https:\/\/twitter.com\/X\/status\/1972293060789707235?ref_src=twsrc%5Etfw\" rel=\"nofollow noopener\" target=\"_blank\"><\/p><\/blockquote>\n<p class=\"article-text\">\n        Mientras, el presidente del PP de Castilla-La Mancha que ayer culp\u00f3 a Page de \u201cnegligencia\u201d en la gesti\u00f3n del incendio y de \u201copacar\u201d lo ocurrido, ha optado hoy por centrar su mensaje en la llegada de la lluvia y en agradecer la labor del operativo.\n    <\/p>\n<p>    <a href=\"https:\/\/www.eldiario.es\/castilla-la-mancha\/provincias\/guadalajara\/psoe-afea-pp-castilla-mancha-actitud-fuego-pico-lobo-no-hay-catastrofe-no-quieran-aprovechar_1_12638658.html\" data-mrf-recirculation=\"saber-mas-abajo\" data-dl-event=\"saber-mas-abajo\" rel=\"nofollow noopener\" target=\"_blank\"><\/p>\n<p class=\"know-more__title\">El PSOE afea al PP de Castilla-La Mancha su actitud con el fuego del Pico del Lobo: \u201cNo hay cat\u00e1strofe que no quieran aprovechar pol\u00edticamente\u201d\n<\/p>\n<p>            <img decoding=\"async\" class=\"lazy\" loading=\"lazy\" data-src=\"https:\/\/static.eldiario.es\/clip\/d922b6ee-711c-419f-b160-09dc7e16e4a1_16-9-aspect-ratio_default_0.jpg\" src=\"data:image\/svg+xml,%3Csvg xmlns=\" http:=\"\" viewbox=\"0 0 880 495\" alt=\"El PSOE afea al PP de Castilla-La Mancha su actitud con el fuego del Pico del Lobo: &quot;No hay cat\u00e1strofe que no quieran aprovechar&quot;\"\/><\/p>\n<p>                        <\/a><\/p>\n<blockquote class=\"twitter-tweet\" data-lang=\"es\"><p><a href=\"https:\/\/twitter.com\/X\/status\/1972297427550973955?ref_src=twsrc%5Etfw\" rel=\"nofollow noopener\" target=\"_blank\"><\/p><\/blockquote>\n<p class=\"article-text\">\n        Hasta las 16 horas de este domingo, ocho d\u00edas despu\u00e9s de iniciarse el fuego, cuyo origen se atribuye a un rayo, un total 185 medios, 56 de ellos a\u00e9reos y 896 personas han trabajado en las labores de extinci\u00f3n, entre medios de ambas comunidades aut\u00f3nomas, de la Comunidad de Madrid y los facilitados por el Gobierno de Espa\u00f1a, que contin\u00faan sobre el terreno.\n    <\/p>\n<p>                                    <script async src=\"https:\/\/platform.twitter.com\/widgets.js\" charset=\"utf-8\"><\/script><\/p>\n","protected":false},"excerpt":{"rendered":"El viceconsejero de Medio Ambiente de Castilla-La Mancha Jos\u00e9 Almod\u00f3var ha asegurado este domingo que la lluvia ha&hellip;\n","protected":false},"author":2,"featured_media":144820,"comment_status":"","ping_status":"","sticky":false,"template":"","format":"standard","meta":{"footnotes":""},"categories":[5],"tags":[517,1705,17,18,10906,25,24,13,14,11,1667,10907,19,20,9,10,15,16,1925,23,12,21,22],"class_list":{"0":"post-144819","1":"post","2":"type-post","3":"status-publish","4":"format-standard","5":"has-post-thumbnail","7":"category-titulares","8":"tag-actualidad","9":"tag-analisis","10":"tag-breaking-news","11":"tag-breakingnews","12":"tag-castila","13":"tag-es","14":"tag-espana","15":"tag-featured-news","16":"tag-featurednews","17":"tag-headlines","18":"tag-informacion","19":"tag-la-mancha","20":"tag-latest-news","21":"tag-latestnews","22":"tag-news","23":"tag-noticias","24":"tag-noticias-destacadas","25":"tag-noticiasdestacadas","26":"tag-opinion","27":"tag-spain","28":"tag-titulares","29":"tag-ultimas-noticias","30":"tag-ultimasnoticias"},"share_on_mastodon":{"url":"","error":""},"_links":{"self":[{"href":"https:\/\/www.europesays.com\/es\/wp-json\/wp\/v2\/posts\/144819","targetHints":{"allow":["GET"]}}],"collection":[{"href":"https:\/\/www.europesays.com\/es\/wp-json\/wp\/v2\/posts"}],"about":[{"href":"https:\/\/www.europesays.com\/es\/wp-json\/wp\/v2\/types\/post"}],"author":[{"embeddable":true,"href":"https:\/\/www.europesays.com\/es\/wp-json\/wp\/v2\/users\/2"}],"replies":[{"embeddable":true,"href":"https:\/\/www.europesays.com\/es\/wp-json\/wp\/v2\/comments?post=144819"}],"version-history":[{"count":0,"href":"https:\/\/www.europesays.com\/es\/wp-json\/wp\/v2\/posts\/144819\/revisions"}],"wp:featuredmedia":[{"embeddable":true,"href":"https:\/\/www.europesays.com\/es\/wp-json\/wp\/v2\/media\/144820"}],"wp:attachment":[{"href":"https:\/\/www.europesays.com\/es\/wp-json\/wp\/v2\/media?parent=144819"}],"wp:term":[{"taxonomy":"category","embeddable":true,"href":"https:\/\/www.europesays.com\/es\/wp-json\/wp\/v2\/categories?post=144819"},{"taxonomy":"post_tag","embeddable":true,"href":"https:\/\/www.europesays.com\/es\/wp-json\/wp\/v2\/tags?post=144819"}],"curies":[{"name":"wp","href":"https:\/\/api.w.org\/{rel}","templated":true}]}}