{"id":144842,"date":"2025-09-28T19:09:11","date_gmt":"2025-09-28T19:09:11","guid":{"rendered":"https:\/\/www.europesays.com\/es\/144842\/"},"modified":"2025-09-28T19:09:11","modified_gmt":"2025-09-28T19:09:11","slug":"250-anestesistas-e-investigadores-abordaran-en-valladolid-lo-ultimo-en-atencion-a-pacientes-criticos","status":"publish","type":"post","link":"https:\/\/www.europesays.com\/es\/144842\/","title":{"rendered":"250 anestesistas e investigadores abordar\u00e1n en Valladolid lo \u00faltimo en atenci\u00f3n a pacientes cr\u00edticos"},"content":{"rendered":"<p>La sepsis, el da\u00f1o renal agudo y el deterioro cognitivo suponen un desaf\u00edo m\u00e9dico para los profesionales que tratan a los pacientes cr\u00edticos en las  &#8230; unidades de reanimaci\u00f3n postquir\u00fargica, por la elevada mortalidad o el impacto en la calidad de vida que provocan, y van a centrar las Jornadas Biocritic 2025 sobre Innovaci\u00f3n y Vanguardia en <a href=\"https:\/\/www.elnortedecastilla.es\/aniversario-pandemia-covid\/ucis-recuperan-aliento-peor-soledad-deberia-irse-20250314063509-nt.html\" title=\"www.elnortedecastilla.es\" data-voc-vtm-id=\"in-text-traffic\" data-mrf-link=\"www.elnortedecastilla.es\" rel=\"nofollow noopener\" target=\"_blank\">Medicina Cr\u00edtica<\/a> que acercar\u00e1n a Valladolid las \u00faltimas investigaciones en este \u00e1mbito. <\/p>\n<p class=\"v-p\">\u00abSe habla mucho de medicina de precisi\u00f3n y aqu\u00ed [a la Medicina Cr\u00edtica] todav\u00eda no ha llegado ese salto, estamos en ello. Vienen ponentes relevantes de Espa\u00f1a y de fuera de Espa\u00f1a, expertos en estos temas, que intentan dar respuestas a la cantidad de interrogantes que hay con los pacientes cr\u00edticos\u00bb, explica Eduardo Tamayo G\u00f3mez, catedr\u00e1tico de Anestesiolog\u00eda de la Facultad de Medicina de Valladolid y director del grupo de investigaci\u00f3n Biocritic, con n\u00facleo principal en el servicio de Anestesiolog\u00eda y Reanimaci\u00f3n del Hospital Cl\u00ednico Universitario de Valladolid, mano a mano con los profesionales que desarrollan esa labor en el Hospital Cl\u00ednico de Valencia.<\/p>\n<p>\u00abTodav\u00eda no ha llegado esa medicina de precisi\u00f3n a los cuidados cr\u00edticos que nos d\u00e9 herramientas innovadoras\u00bb<\/p>\n<p class=\"v-a-pst__p\">\nEduardo Tamayo G\u00f3mez\n<\/p>\n<p class=\"v-a-pst__j\">\nCatedr\u00e1tico de Anestesiolog\u00eda y director del grupo de investigaci\u00f3n Biocritic\n<\/p>\n<p class=\"v-p\">La cita ser\u00e1 en noviembre, reunir\u00e1 en el Centro Cultural San Agust\u00edn (Paseo de los Filipinos) a unos 250 especialistas en anestesia y reanimaci\u00f3n, pero tambi\u00e9n a bi\u00f3logos, biotecn\u00f3logos, bioqu\u00edmicos o ingenieros, y tiene como anfitriones al Hospital Cl\u00ednico Universitario y a la Universidad de Valladolid. Las jornadas se configuran como un curso de formaci\u00f3n y puesta en com\u00fan sobre los \u00faltimos avances en investigaci\u00f3n en medicina cr\u00edtica, con sesiones de aplicaci\u00f3n pr\u00e1ctica de los avances tratados y est\u00e1n codirigidas por el catedr\u00e1tico Tamayo y los jefes de los servicios hospitalarios de Anestesiolog\u00eda y Reanimaci\u00f3n de ambos hospitales, los doctores Rodrigo Poves \u00c1lvarez y Rafael Badenes Quiles.<\/p>\n<p class=\"v-p\">La medicina intensiva en pacientes postquir\u00fargicos graves ofrece cifras relevantes en un hospital, no es ni cuantitativa ni cualitativamente una asistencia residual. El Cl\u00ednico vallisoletano dispone de 22 <a href=\"https:\/\/www.elnortedecastilla.es\/valladolid\/hospital-clinico-habilita-dos-boxes-reanimacion-posquirurgica-20250819002645-nt.html\" title=\"www.elnortedecastilla.es\" data-voc-vtm-id=\"in-text-traffic\" data-mrf-link=\"www.elnortedecastilla.es\" rel=\"nofollow noopener\" target=\"_blank\">camas en Reanimaci\u00f3n<\/a> para estas situaciones. Por ellas pasan anualmente, tras una cirug\u00eda complicada o por acumular enfermedades y tratamientos farmacol\u00f3gicos que incrementan riesgos para su salud al entrar en quir\u00f3fano, m\u00e1s de 2.000 pacientes, de los que unos 400 llegan desde el \u00e1rea de Cardiolog\u00eda en un centro que realiza trasplantes de coraz\u00f3n y que es referencia en cirug\u00eda vascular. La atenci\u00f3n en la Medicina Cr\u00edtica est\u00e1 condicionada por la necesidad de tomar decisiones sin apenas tiempo, con rapidez extrema. \u00abComo no diagnostiques de forma precisa en minutos, horas, el paciente se va a deteriorar y es muy dif\u00edcil de recuperar\u00bb, describe Rodrigo Poves, desde el hospital vallisoletano. Esa urgencia en el trabajo diario a\u00f1ade tambi\u00e9n dificultad a la vertiente investigadora que se desarrolla en este servicio.<\/p>\n<p class=\"v-p\">\u00abAlgunos pacientes toleran muy bien la intervenci\u00f3n y est\u00e1n con nosotros 24 o 48 horas antes de ir a planta, pero hay pacientes que est\u00e1n 90 o 100 d\u00edas, lo que sea necesario y el curso de la enfermedad vaya marcando\u00bb, describe el jefe de Anestesiolog\u00eda y Reanimaci\u00f3n del centro p\u00fablico vallisoletano. Prima el enfermo que acumula a\u00f1os en el carn\u00e9 de identidad y, con esa edad, avanzada patolog\u00edas en su historia cl\u00ednica. Si eso era hace a\u00f1os motivo de descarte quir\u00fargico, los avances en el \u00e1mbito de la cirug\u00eda y la anestesia han cambiado ese panorama. \u00abHace 25 a\u00f1os, un paciente de 90 a\u00f1os en quir\u00f3fano era una an\u00e9cdota. Ahora, si un paciente de 92 a\u00f1os tiene una hernia inguinal que le molesta, va a quir\u00f3fano\u00bb, resume el doctor Poves.<\/p>\n<p>Area de Cuidados Intensivos y Reanimaci\u00f3n del Hospital Cl\u00ednico Universitario de Valladolid.<\/p>\n<p>Sandra Santos.<\/p>\n<p><img decoding=\"async\" loading=\"lazy\" src=\"https:\/\/www.europesays.com\/es\/wp-content\/uploads\/2025\/09\/ucisandrasantos3-kXRC--1200x841@El Norte.jpg\" class=\"v-mdl__img-z\" width=\"1200\" height=\"841\" alt=\"Imagen principal - Area de Cuidados Intensivos y Reanimaci\u00f3n del Hospital Cl\u00ednico Universitario de Valladolid.\"\/><\/p>\n<p><img decoding=\"async\" loading=\"lazy\" src=\"https:\/\/www.europesays.com\/es\/wp-content\/uploads\/2025\/09\/ucisandrasantos4-kXRC--1200x851@El Norte.jpg\" class=\"v-mdl__img-z\" width=\"1200\" height=\"851\" alt=\"Imagen secundaria 1 - Area de Cuidados Intensivos y Reanimaci\u00f3n del Hospital Cl\u00ednico Universitario de Valladolid.\"\/><\/p>\n<p><img decoding=\"async\" loading=\"lazy\" src=\"https:\/\/www.europesays.com\/es\/wp-content\/uploads\/2025\/09\/ucisandrasantos2-kXRC--711x841@El Norte.jpg\" class=\"v-mdl__img-z\" width=\"711\" height=\"841\" alt=\"Imagen secundaria 2 - Area de Cuidados Intensivos y Reanimaci\u00f3n del Hospital Cl\u00ednico Universitario de Valladolid.\"\/><\/p>\n<p class=\"v-p\">Los pacientes complicados en ese trance postquir\u00fargico son enfermos que pueden tropezar con una sepsis o una lesi\u00f3n renal aguda o tambi\u00e9n sufrir un deterioro de la funci\u00f3n cerebral, con delirios, desorientaci\u00f3n, hiperactividad o apat\u00eda, sobre el que no est\u00e1n establecidos los mecanismos fisiopatol\u00f3gicos que los disparan. \u00abLos tratamientos no van a la causa, se va a los s\u00edntomas y los expertos vienen a contarnos las investigaciones m\u00e1s actuales a nivel celular y molecular para saber por qu\u00e9 est\u00e1 ocurriendo todo eso y para que podamos luego tener opciones de prevenir que se produzca\u00bb, apunta Rodrigo Poves sobre el deterioro cognitivo, una situaci\u00f3n que lleg\u00f3 a concretar con maestr\u00eda Miguel Delibes, al describir en una entrevista c\u00f3mo se sent\u00eda por las secuelas que le dej\u00f3 una intervenci\u00f3n quir\u00fargica por un problema serio de salud: \u00abEn el quir\u00f3fano entr\u00f3 un hombre inteligente enfermo y sali\u00f3 un lerdo sano\u00bb. <\/p>\n<p>\nLa sepsis es una infecci\u00f3n que puede afectar a varios \u00f3rganos y que provoca 17.000 fallecimientos anuales en Espa\u00f1a\n<\/p>\n<p class=\"v-p\">Los expertos de Biocritic precisan que la alteraci\u00f3n neurocognitiva en el delirio se asocia a impedimentos comunicativos que generan un gran estr\u00e9s al paciente y sus familiares y \u00abse asocia a una mayor morbimortalidad y en ocasiones es poco reconocida&#8230; La tasa de mortalidad en pacientes hospitalizados con delirium va del 22% al 76%, siendo tan elevada como la de los pacientes con un infarto agudo de miocardio o los que presentan sepsis\u00bb.<\/p>\n<p class=\"v-p\">Sobre esta \u00faltima infecci\u00f3n, Eduardo Tamayo destaca que a diferencia de enfermedades como leucemias, linfomas o c\u00e1nceres que parec\u00edan incurables hasta hace poco y cuya letalidad ha disminuido gracias a los avances en laboratorios que se han trasladado al tratamiento cl\u00ednico de los pacientes, \u00aben la sepsis ni hemos disminuido la mortalidad ni la incidencia\u00bb. La sepsis, que se define como un fen\u00f3meno que comienza con la infecci\u00f3n protagonizada por un microorganismo que ante una respuesta insuficiente acaba afectando a \u00f3rganos distantes del foco infeccioso inicial, es posiblemente la causa m\u00e1s frecuente de mortalidad en los hospitales (entre un 25% y un 50%) y su incidencia es equiparable a la del c\u00e1ncer de mama. Dos datos recogidos en la documentaci\u00f3n que fundamenta las l\u00edneas de investigaci\u00f3n del grupo Biocritic estiman que \u00abcada a\u00f1o hay en Espa\u00f1a alrededor de 50.000 casos de sepsis grave de los cuales 17.000 fallecen\u00bb.<\/p>\n<p class=\"v-p\">Completa la triada que m\u00e1s trabajo da a los equipos de las \u00e1reas de reanimaci\u00f3n postquir\u00fargica la lesi\u00f3n renal aguda, \u00abprobablemente la complicaci\u00f3n m\u00e1s prevalente en las unidades de cuidados cr\u00edticos\u00bb, indican los facultativos del Hospital Cl\u00ednico. La incidencia entre los enfermos que requieren medicina intensiva supera el 50%. En pacientes con &#8216;shock&#8217; s\u00e9ptico, sumar una disfunci\u00f3n renal aguda supone aumentar de tres a cinco veces m\u00e1s la mortalidad la mortalidad a los 60 d\u00edas. En este \u00e1mbito, \u00abel conocimiento de las implicaciones gen\u00e9ticas servir\u00eda como una t\u00e1ctica estrat\u00e9gica para contrarrestar sus graves consecuencias\u00bb.<\/p>\n<p>Investigadores relevantes<\/p>\n<p class=\"v-p\">Ese es el contexto cl\u00ednico de lo que enfrentan los m\u00e9dicos que se ocupan de los pacientes postquir\u00fargicos graves y para el que buscan respuestas en la investigaci\u00f3n que impulsan jornadas como la que bajo el t\u00edtulo &#8216;La ciencia m\u00e1s all\u00e1 de la frontera del conocimiento&#8217; acoger\u00e1 Valladolid. \u00abEn los \u00faltimos 30 a\u00f1os, a nivel m\u00e9dico y de enfermer\u00eda hay una implicaci\u00f3n absoluta para mejorar los cuidados de los pacientes. La implicaci\u00f3n es brutal, pero todav\u00eda no ha llegado esa medicina de precisi\u00f3n a los cuidados cr\u00edticos que nos d\u00e9 herramientas innovadoras\u00bb, valora Eduardo Tamayo. Ese es el salto cualitativo en el que conf\u00edan los especialistas en medicina cr\u00edtica, en la incorporaci\u00f3n de la inteligencia artificial y el procesamiento masivo de datos cl\u00ednicos en el diagn\u00f3stico y tratamiento, en el empleo de biomarcadores como gu\u00edas terapeuticas o en la aplicaci\u00f3n de las c\u00e9lulas CAR-T que se utilizan en la inmunoterapia frente al c\u00e1ncer tambi\u00e9n en infecciones cr\u00edticas y sepsis.<\/p>\n<p class=\"v-p\">En las jornadas de innovaci\u00f3n participar\u00e1n expertos como \u00c1ngel Carracedo, del Centro Nacional de Genotipado de Santiago de Compostela, que abordar\u00e1 el potencial oculto del genoma humano que permite avanzar en terapias g\u00e9nicas. Tambi\u00e9n investigadores internacionales, como el italiano Federico Bilotta, que es experto en la disfunci\u00f3n cognitiva, o el alem\u00e1n David Tscholl, con una ponencia sobre avatares que profundiza en el empleo de la rob\u00f3tica y los asistentes inteligentes en la monotizaci\u00f3n de pacientes.<\/p>\n<p class=\"v-p\">Los doctores Tamayo y Poves subrayan la importancia de la vertiente investigadora que se desarrolla desde Biocritic. El grupo asentado sobre el Servicio de Anestesiolog\u00eda y Reanimaci\u00f3n del Hospital Cl\u00ednico (\u00e1rea con una plantilla de 78 anestesi\u00f3logos, 16 de ellos residentes y 62 licenciados especialistas) y con colaboraciones de otros facultativos o profesionales de otras \u00e1reas est\u00e1 reconocido como Unidad de Investigaci\u00f3n Consolidada por la Junta de Castilla y Le\u00f3n y pertenece al CIBER, Centro de Investigaci\u00f3n Biom\u00e9dica en Red de \u00e1mbito nacional del Instituto de Salud Carlos III, en el \u00e1rea de las enfermedades infecciosas. Entrar en la red CIBER implica una garant\u00eda de excelencia en investigaci\u00f3n. En Valladolid, pertenecen a esta red estatal dos grupos de investigaci\u00f3n del Hospital Cl\u00ednico, este que dirige Eduardo Tamayo y centra su trabajo en la sepsis, y el de Cardiolog\u00eda del doctor Alberto San Rom\u00e1n, a los que se suman dos grupos m\u00e1s en el IOBA (Instituto Universitario de Oftalmobiolog\u00eda Aplicada) y en el IBGM (Instituto de Biomedicina y Gen\u00e9tica Molecular) y otros dos de la Universidad de Valladolid.<\/p>\n","protected":false},"excerpt":{"rendered":"La sepsis, el da\u00f1o renal agudo y el deterioro cognitivo suponen un desaf\u00edo m\u00e9dico para los profesionales que&hellip;\n","protected":false},"author":2,"featured_media":144843,"comment_status":"","ping_status":"","sticky":false,"template":"","format":"standard","meta":{"footnotes":""},"categories":[92],"tags":[5760,44648,44647,1348,16598,25,24,165,3356,1817,166,23,3667,1607],"class_list":{"0":"post-144842","1":"post","2":"type-post","3":"status-publish","4":"format-standard","5":"has-post-thumbnail","7":"category-salud","8":"tag-5760","9":"tag-abordaran","10":"tag-anestesistas","11":"tag-atencion","12":"tag-criticos","13":"tag-es","14":"tag-espana","15":"tag-health","16":"tag-investigadores","17":"tag-pacientes","18":"tag-salud","19":"tag-spain","20":"tag-ultimo","21":"tag-valladolid"},"share_on_mastodon":{"url":"","error":""},"_links":{"self":[{"href":"https:\/\/www.europesays.com\/es\/wp-json\/wp\/v2\/posts\/144842","targetHints":{"allow":["GET"]}}],"collection":[{"href":"https:\/\/www.europesays.com\/es\/wp-json\/wp\/v2\/posts"}],"about":[{"href":"https:\/\/www.europesays.com\/es\/wp-json\/wp\/v2\/types\/post"}],"author":[{"embeddable":true,"href":"https:\/\/www.europesays.com\/es\/wp-json\/wp\/v2\/users\/2"}],"replies":[{"embeddable":true,"href":"https:\/\/www.europesays.com\/es\/wp-json\/wp\/v2\/comments?post=144842"}],"version-history":[{"count":0,"href":"https:\/\/www.europesays.com\/es\/wp-json\/wp\/v2\/posts\/144842\/revisions"}],"wp:featuredmedia":[{"embeddable":true,"href":"https:\/\/www.europesays.com\/es\/wp-json\/wp\/v2\/media\/144843"}],"wp:attachment":[{"href":"https:\/\/www.europesays.com\/es\/wp-json\/wp\/v2\/media?parent=144842"}],"wp:term":[{"taxonomy":"category","embeddable":true,"href":"https:\/\/www.europesays.com\/es\/wp-json\/wp\/v2\/categories?post=144842"},{"taxonomy":"post_tag","embeddable":true,"href":"https:\/\/www.europesays.com\/es\/wp-json\/wp\/v2\/tags?post=144842"}],"curies":[{"name":"wp","href":"https:\/\/api.w.org\/{rel}","templated":true}]}}