{"id":144854,"date":"2025-09-28T19:15:28","date_gmt":"2025-09-28T19:15:28","guid":{"rendered":"https:\/\/www.europesays.com\/es\/144854\/"},"modified":"2025-09-28T19:15:28","modified_gmt":"2025-09-28T19:15:28","slug":"los-paises-iberoamericanos-acuerdan-actualizar-su-carta-cultural-para-avanzar-en-equidad-de-genero-derechos-culturales-y-digitales","status":"publish","type":"post","link":"https:\/\/www.europesays.com\/es\/144854\/","title":{"rendered":"Los pa\u00edses iberoamericanos acuerdan actualizar su Carta Cultural para avanzar en equidad de g\u00e9nero, derechos culturales y digitales"},"content":{"rendered":"<p><img fetchpriority=\"high\" decoding=\"async\" class=\"alignnone wp-image-109651\" src=\"https:\/\/www.europesays.com\/es\/wp-content\/uploads\/2025\/09\/Mondiacult_2025_Politicas_culturales-1024x539.jpg\" alt=\"\" width=\"870\" height=\"458\"  \/><\/p>\n<p>En el marco de la XXII Conferencia Iberoamericana de Ministras y Ministros de Cultura, los 22 pa\u00edses de la regi\u00f3n han reafirmado su <strong>compromiso con la cultura<\/strong>\u00a0como eje y pilar estrat\u00e9gico del desarrollo sostenible, motor de cohesi\u00f3n social y fortalecimiento democr\u00e1tico en la regi\u00f3n.<\/p>\n<p>El acuerdo se constata en una\u00a0<strong><a href=\"https:\/\/www.segib.org\/wp-content\/uploads\/Declaracion_XXII_Conferencia_Iberoamericana_de_Cultura_ES_2025.pdf\" target=\"_blank\" rel=\"noopener nofollow\">declaraci\u00f3n<\/a>\u00a0<\/strong>que se elevar\u00e1 a la XXX Cumbre Iberoamericana de Jefas y Jefes de Estado que se celebrar\u00e1 el pr\u00f3ximo a\u00f1o en Madrid. En la declaraci\u00f3n se insta a <strong>actualizar la actual\u00a0<a href=\"https:\/\/www.segib.org\/?document=carta-cultural-iberoamericana\" rel=\"nofollow noopener\" target=\"_blank\">Carta Cultural Iberoamericana<\/a><\/strong> para responder a los retos del sector en \u00e1mbitos como equidad de g\u00e9nero, la diversidad, la transformaci\u00f3n digital, los derechos culturales y la conexi\u00f3n entre cultura, clima y sostenibilidad. El proceso de actualizaci\u00f3n de la Carta ser\u00e1 participativo, bajo la coordinaci\u00f3n de la Secretar\u00eda General Iberoamericana (SEGIB) junto con la Organizaci\u00f3n de Estados Iberoamericanos (OEI).<\/p>\n<p>El ministro de Cultura de Espa\u00f1a, Ernest Urtasun, que ha ejercido de anfitri\u00f3n de esta Conferencia, ha se\u00f1alado que \u201clos ministros y ministras de Cultura tenemos hoy la responsabilidad de enviar un mensaje claro: la cultura no puede ser \u00fanicamente un entregable en la XXX Cumbre; debe ser un tema propio y central, reconocido como lo que es: una dimensi\u00f3n imprescindible para la democracia, la sostenibilidad y la justicia social\u201d.<\/p>\n<p>La Conferencia tambi\u00e9n ha acordado, en referencia a la Segib, la Conferencia tambi\u00e9n acord\u00f3 refrendar su compromiso financiero y t\u00e9cnico con los 14 programas de cooperaci\u00f3n cultural, <strong>impulsar la Estrategia Iberoamericana de Cultura y Desarrollo Sostenible<\/strong>, as\u00ed como actualizar la Agenda Digital Cultural Iberoamericana. As\u00edmismo, la Conferencia ha abordado la creaci\u00f3n de mecanismos innovadores de financiamiento, incluido el futuro <strong>Fondo Iberoamericano de Garant\u00edas Rec\u00edprocas<\/strong>, que facilitar\u00e1 recursos para las industrias culturales y creativas, favoreciendo la inversi\u00f3n en proyectos con impacto social y econ\u00f3mico.<\/p>\n<p>El documento, consensuado por los 22, tambi\u00e9n aborda, entre otros temas:<\/p>\n<p>Los representantes de los pa\u00edses iberoamericanos han coincidido en la necesidad de promover una <strong>visi\u00f3n regional que vincule cultura y sostenibilidad ambiental<\/strong>, articulando saberes tradicionales, ciencia e innovaci\u00f3n de cara a la participaci\u00f3n en la COP30 de Bel\u00e9m do Par\u00e1 (Brasil). Adem\u00e1s, se han comprometido a instrumentar <a href=\"https:\/\/www.segib.org\/?document=agenda-para-reforzar-el-acceso-democratico-al-libro-la-lectura-la-escritura-y-la-oralidad\" target=\"_blank\" rel=\"noopener nofollow\">la\u00a0<\/a><strong><a href=\"https:\/\/www.segib.org\/?document=agenda-para-reforzar-el-acceso-democratico-al-libro-la-lectura-la-escritura-y-la-oralidad\" target=\"_blank\" rel=\"noopener nofollow\">Agenda para reforzar el acceso democr\u00e1tico al libro, la lectura y la oralidad<\/a><\/strong>, en un trabajo conjunto con el Centro Regional para el Fomento del Libro en Am\u00e9rica Latina y el Caribe (<a href=\"https:\/\/cerlalc.org\/\" rel=\"nofollow noopener\" target=\"_blank\">Cerlac)<\/a>.<\/p>\n<p>Los representantes de los 22 pa\u00edses tambi\u00e9n han reconocido a <a href=\"https:\/\/www.unesco.org\/en\/mondiacult\" rel=\"nofollow noopener\" target=\"_blank\">MondiaCult<\/a>, la Conferencia Mundial de la Unesco sobre Pol\u00edticas Culturales y Desarrollo Sostenible, que se celebra en Barcelona del 29 de septiembre al 1 de octubre, como una gran oportunidad para avanzar en el dise\u00f1o de pol\u00edticas culturales acordes a los desaf\u00edos actuales. En ese sentido, han elevado a la Unesco <a href=\"https:\/\/www.segib.org\/wp-content\/uploads\/ES_Comunicado_a_la_UNESCO_de_las_y_los_Ministros_de_Cultura_de-los_Paises-Iberoamericanos-REV_25092025.pdf\" target=\"_blank\" rel=\"noopener nofollow\"><strong>un comunicado conjunto que refleja la visi\u00f3n iberoamericana<\/strong><\/a>\u00a0ante esos desaf\u00edos.<\/p>\n<p>Por \u00faltimo, la SEGIB ha confirmado su adhesi\u00f3n al Foro de Alto Nivel del Grupo para la Acci\u00f3n Clim\u00e1tica desde la base cultural.<\/p>\n<p>Para el Secretario General Iberoamericano,\u00a0<strong>Andr\u00e9s Allamand,<\/strong>\u00a0la reuni\u00f3n demuestra el valor del Espacio Cultural Iberoamericano, que se evidencia con el aporte de los 14 programas de cooperaci\u00f3n al desarrollo de los 22 pa\u00edses. \u201cEl trabajo m\u00e1s de 20 a\u00f1os en Cultura es un ejemplo de un multilateralismo que funciona y que sigue renov\u00e1ndose para responder a los retos actuales. El programa de IberJuegos que aprobamos en la \u00faltima Cumbre es un ejemplo y el que elevaremos a las Jefas y Jefes de Estado en Madrid, sobre formaci\u00f3n cultural, otro\u201d.<\/p>\n<p>Desde la OEI consideramos que la cooperaci\u00f3n cultural vive un momento de gran protagonismo pol\u00edtico y social. La cultura nos define y nos da cohesi\u00f3n, y por ello ha sido, desde hace m\u00e1s de 75 a\u00f1os, una se\u00f1a de identidad de nuestra organizaci\u00f3n, con m\u00e1s de un centenar de proyectos en marcha en este \u00e1mbito. En esta Conferencia destacamos especialmente dos iniciativas que nos gustar\u00eda ver reflejadas en la declaraci\u00f3n final de la pr\u00f3xima cumbre iberoamericana: la actualizaci\u00f3n de la Carta Cultural Iberoamericana y el Estatuto del Artista de las Personas Artistas y Trabajadoras de la Cultura, con el que buscamos garantizar derechos laborales y mayor protecci\u00f3n social a un sector fundamental para nuestras sociedades\u201d, se\u00f1al\u00f3 el Secretario General de la OEI,\u00a0<strong>Mariano Jabonero.<\/strong><\/p>\n<p><a title=\"XXII Conferencia Iberoamericana de Ministras y Ministros de Cultura\" href=\"https:\/\/www.flickr.com\/photos\/secretariageneraliberoamericana\/albums\/72177720329311522\" data-flickr-embed=\"true\" rel=\"nofollow noopener\" target=\"_blank\"><img loading=\"lazy\" decoding=\"async\" src=\"https:\/\/www.europesays.com\/es\/wp-content\/uploads\/2025\/09\/54817219030_0e040cde97_c.jpg\" alt=\"XXII Conferencia Iberoamericana de Ministras y Ministros de Cultura\" width=\"800\" height=\"600\"\/><\/a><\/p>\n","protected":false},"excerpt":{"rendered":"En el marco de la XXII Conferencia Iberoamericana de Ministras y Ministros de Cultura, los 22 pa\u00edses de&hellip;\n","protected":false},"author":2,"featured_media":144855,"comment_status":"","ping_status":"","sticky":false,"template":"","format":"standard","meta":{"footnotes":""},"categories":[5],"tags":[17,18,25,24,13,14,11,19,20,9,10,15,16,23,12,21,22],"class_list":{"0":"post-144854","1":"post","2":"type-post","3":"status-publish","4":"format-standard","5":"has-post-thumbnail","7":"category-titulares","8":"tag-breaking-news","9":"tag-breakingnews","10":"tag-es","11":"tag-espana","12":"tag-featured-news","13":"tag-featurednews","14":"tag-headlines","15":"tag-latest-news","16":"tag-latestnews","17":"tag-news","18":"tag-noticias","19":"tag-noticias-destacadas","20":"tag-noticiasdestacadas","21":"tag-spain","22":"tag-titulares","23":"tag-ultimas-noticias","24":"tag-ultimasnoticias"},"share_on_mastodon":{"url":"","error":""},"_links":{"self":[{"href":"https:\/\/www.europesays.com\/es\/wp-json\/wp\/v2\/posts\/144854","targetHints":{"allow":["GET"]}}],"collection":[{"href":"https:\/\/www.europesays.com\/es\/wp-json\/wp\/v2\/posts"}],"about":[{"href":"https:\/\/www.europesays.com\/es\/wp-json\/wp\/v2\/types\/post"}],"author":[{"embeddable":true,"href":"https:\/\/www.europesays.com\/es\/wp-json\/wp\/v2\/users\/2"}],"replies":[{"embeddable":true,"href":"https:\/\/www.europesays.com\/es\/wp-json\/wp\/v2\/comments?post=144854"}],"version-history":[{"count":0,"href":"https:\/\/www.europesays.com\/es\/wp-json\/wp\/v2\/posts\/144854\/revisions"}],"wp:featuredmedia":[{"embeddable":true,"href":"https:\/\/www.europesays.com\/es\/wp-json\/wp\/v2\/media\/144855"}],"wp:attachment":[{"href":"https:\/\/www.europesays.com\/es\/wp-json\/wp\/v2\/media?parent=144854"}],"wp:term":[{"taxonomy":"category","embeddable":true,"href":"https:\/\/www.europesays.com\/es\/wp-json\/wp\/v2\/categories?post=144854"},{"taxonomy":"post_tag","embeddable":true,"href":"https:\/\/www.europesays.com\/es\/wp-json\/wp\/v2\/tags?post=144854"}],"curies":[{"name":"wp","href":"https:\/\/api.w.org\/{rel}","templated":true}]}}