{"id":144861,"date":"2025-09-28T19:20:09","date_gmt":"2025-09-28T19:20:09","guid":{"rendered":"https:\/\/www.europesays.com\/es\/144861\/"},"modified":"2025-09-28T19:20:09","modified_gmt":"2025-09-28T19:20:09","slug":"el-llanto-sin-consuelo-de-paula-badosa-tras-retirarse-otra-vez-lesionada","status":"publish","type":"post","link":"https:\/\/www.europesays.com\/es\/144861\/","title":{"rendered":"El llanto sin consuelo de Paula Badosa tras retirarse otra vez lesionada"},"content":{"rendered":"<p class=\"voc-p\" style=\"\">No pudo m\u00e1s. \u00abOtra vez, no\u00bb, debi\u00f3 pensar. Y dijo basta, se dirigi\u00f3 a su banquillo, se sent\u00f3 y, doblada sobre s\u00ed misma, se derrumb\u00f3. Paula Badosa, ha tenido que retirarse este domingo del torneo de Pek\u00edn \u2014categor\u00eda WTA 1.000 y disputado sobre pista dura\u2014 <a href=\"https:\/\/www.abc.es\/deportes\/tenis\/espanola-paula-badosa-baja-open-20250808222500-nt.html\" target=\"_self\" data-voc-vtm-id=\"in-text-traffic\" title=\"despu\u00e9s de sufrir la en\u00e9sima lesi\u00f3n\" data-mrf-link=\"www.abc.es\" rel=\"nofollow noopener\">despu\u00e9s de sufrir la en\u00e9sima lesi\u00f3n<\/a>.<\/p>\n<p class=\"voc-p\" style=\"\">La tenista espa\u00f1ola se resinti\u00f3 de sus problemas f\u00edsicos durante el duelo de segunda ronda ante la checa <strong>Karolina Muchova<\/strong>, y consum\u00f3 el abandono n\u00famero 37 de su carrera. <\/p>\n<p class=\"voc-p\" style=\"\">La catalana, n\u00famero 18 del mundo hab\u00eda regresado hace apenas diez d\u00edas al circuito tras dos meses y medio de ausencia por una lesi\u00f3n en el psoas (m\u00fasculo que conecta la columna vertebral con la cadera y el f\u00e9mur), y el viernes solvent\u00f3 su estrenos en el torneo chino con una victoria sobre la croata <strong>Antonia Ruzic<\/strong> (6-3 y 7-6). Lamentablemente, este domingo apenas dur\u00f3 media hora sobre la pista.<\/p>\n<p class=\"voc-p\" style=\"\">El partido parec\u00eda transcurrir con normalidad hasta la llegada del quinto juego, cuando Muchova rompi\u00f3 el servicio de la espa\u00f1ola. En ese momento, <strong>Badosa se llev\u00f3 la mano al muslo<\/strong> y solicit\u00f3 un tiempo m\u00e9dico. Fue atendida en la pista y volvi\u00f3 a jugar, pero tras finalizar el juego, 4-2 en el marcador a favor de la tenista checa, fue incapaz de seguir. <\/p>\n<p class=\"voc-p\" style=\"\">Paula se acerc\u00f3 a la red y, <strong>hundida y entre l\u00e1grimas<\/strong>, se abraz\u00f3 a Muchova antes de salir de la cancha para dirigirse andando hacia los vestuarios. Sin poder contener el llanto y tap\u00e1ndose la cara con una toalla, abandon\u00f3 la pista. <\/p>\n<p class=\"voc-p\" style=\"\">Despu\u00e9s de no jugar desde el mes de junio, Badosa reapareci\u00f3 la pasada semana con el equipo espa\u00f1ol de la <strong>Billie Jean King Cup<\/strong>, en una eliminatoria ante Ucrania en la que perdi\u00f3 ante <strong>Elina Svitolina<\/strong> (5-7, 6-2, 7-5).<\/p>\n<p>Reportar un error<\/p>\n","protected":false},"excerpt":{"rendered":"No pudo m\u00e1s. \u00abOtra vez, no\u00bb, debi\u00f3 pensar. Y dijo basta, se dirigi\u00f3 a su banquillo, se sent\u00f3&hellip;\n","protected":false},"author":2,"featured_media":144862,"comment_status":"","ping_status":"","sticky":false,"template":"","format":"standard","meta":{"footnotes":""},"categories":[274],"tags":[11838,34568,168,25,24,44649,20486,8464,418,23,167,327,326,575,1079],"class_list":{"0":"post-144861","1":"post","2":"type-post","3":"status-publish","4":"format-standard","5":"has-post-thumbnail","7":"category-tenis","8":"tag-badosa","9":"tag-consuelo","10":"tag-deportes","11":"tag-es","12":"tag-espana","13":"tag-lesionada","14":"tag-llanto","15":"tag-paula","16":"tag-retirarse","17":"tag-spain","18":"tag-sports","19":"tag-tenis","20":"tag-tennis","21":"tag-tras","22":"tag-vez"},"share_on_mastodon":{"url":"","error":""},"_links":{"self":[{"href":"https:\/\/www.europesays.com\/es\/wp-json\/wp\/v2\/posts\/144861","targetHints":{"allow":["GET"]}}],"collection":[{"href":"https:\/\/www.europesays.com\/es\/wp-json\/wp\/v2\/posts"}],"about":[{"href":"https:\/\/www.europesays.com\/es\/wp-json\/wp\/v2\/types\/post"}],"author":[{"embeddable":true,"href":"https:\/\/www.europesays.com\/es\/wp-json\/wp\/v2\/users\/2"}],"replies":[{"embeddable":true,"href":"https:\/\/www.europesays.com\/es\/wp-json\/wp\/v2\/comments?post=144861"}],"version-history":[{"count":0,"href":"https:\/\/www.europesays.com\/es\/wp-json\/wp\/v2\/posts\/144861\/revisions"}],"wp:featuredmedia":[{"embeddable":true,"href":"https:\/\/www.europesays.com\/es\/wp-json\/wp\/v2\/media\/144862"}],"wp:attachment":[{"href":"https:\/\/www.europesays.com\/es\/wp-json\/wp\/v2\/media?parent=144861"}],"wp:term":[{"taxonomy":"category","embeddable":true,"href":"https:\/\/www.europesays.com\/es\/wp-json\/wp\/v2\/categories?post=144861"},{"taxonomy":"post_tag","embeddable":true,"href":"https:\/\/www.europesays.com\/es\/wp-json\/wp\/v2\/tags?post=144861"}],"curies":[{"name":"wp","href":"https:\/\/api.w.org\/{rel}","templated":true}]}}