{"id":144881,"date":"2025-09-28T19:30:17","date_gmt":"2025-09-28T19:30:17","guid":{"rendered":"https:\/\/www.europesays.com\/es\/144881\/"},"modified":"2025-09-28T19:30:17","modified_gmt":"2025-09-28T19:30:17","slug":"man-of-tomorrow-james-gunn-responde-a-los-rumores-sobre-brainiac-como-posible-villano","status":"publish","type":"post","link":"https:\/\/www.europesays.com\/es\/144881\/","title":{"rendered":"&#8216;Man of Tomorrow&#8217;: James Gunn responde a los rumores sobre Brainiac como posible villano"},"content":{"rendered":"<p>El nuevo universo cinematogr\u00e1fico de DC sigue tomando forma bajo la direcci\u00f3n de <a href=\"https:\/\/www.ecartelera.com\/personas\/james-gunn\/\" rel=\"nofollow noopener\" target=\"_blank\">James Gunn<\/a> y <a href=\"https:\/\/www.ecartelera.com\/personas\/peter-safran\/\" rel=\"nofollow noopener\" target=\"_blank\">Peter Safran<\/a>, y cada detalle genera expectaci\u00f3n entre los fans. Tras el estreno de &#8216;<a href=\"https:\/\/www.ecartelera.com\/peliculas\/superman-legacy\/\" rel=\"nofollow noopener\" target=\"_blank\">Superman<\/a>&#8216; y con &#8216;<a href=\"https:\/\/www.ecartelera.com\/peliculas\/supergirl-la-mujer-del-manana\/\" rel=\"nofollow noopener\" target=\"_blank\">Supergirl: Woman of Tomorrow<\/a>&#8216; ya en el horizonte, la atenci\u00f3n est\u00e1 puesta en &#8216;<a href=\"https:\/\/www.ecartelera.com\/peliculas\/manof-tomorrow\/\" rel=\"nofollow noopener\" target=\"_blank\">Man of Tomorrow<\/a>&#8216;, la secuela de la cinta protagonizada por <a href=\"https:\/\/www.ecartelera.com\/personas\/david-corenswet\/\" rel=\"nofollow noopener\" target=\"_blank\">David Corenswet<\/a>. Esta <b>no solo promete expandir la historia del Hombre de Acero<\/b>, sino tambi\u00e9n profundizar en el papel de Lex Luthor, con <a href=\"https:\/\/www.ecartelera.com\/personas\/nicholas-hoult\/\" rel=\"nofollow noopener\" target=\"_blank\">Nicholas Hoult<\/a> de nuevo en el rol, y abrir la puerta a <b>un posible enfrentamiento con uno de los villanos m\u00e1s emblem\u00e1ticos de los c\u00f3mics<\/b>.<\/p>\n<p>Tr\u00e1iler espa\u00f1ol #2 &#8216;Superman&#8217;<\/p>\n<p><video id=\"vid-35296\" class=\"video-js vjs-default-skin\" data-title=\"Tr\u00e1iler espa\u00f1ol #2 'Superman'\" poster=\"https:\/\/www.ecartelera.com\/images\/videos\/35200\/f35296.jpg\" controls=\"\" preload=\"auto\" width=\"640\" height=\"360\" playsinline=\"\" data-vtt=\"\/\/v1.ecartelera.com\/video\/35200\/35296_sprite.vtt\" data-stream=\"1\">El navegador no soporta el tag de v\u00eddeo.<\/video><\/p>\n<p>X<\/p>\n<p>Gunn ha vuelto a agitar el entusiasmo de los seguidores con una simple imagen. El director de &#8216;Superman&#8217; y copresidente de DC Studios comparti\u00f3 en redes sociales la portada del guion de &#8216;Man of Tomorrow&#8217; <b>acompa\u00f1ada de una ilustraci\u00f3n de una radiograf\u00eda cerebral<\/b>. La publicaci\u00f3n fue suficiente para que comenzaran las especulaciones: \u00bf<b>estaba insinuando la llegada de Brainiac<\/b> como nuevo gran villano del kryptoniano en la gran pantalla?<\/p>\n<blockquote class=\"twitter-tweet\">\n<p lang=\"und\" dir=\"ltr\">??? <a href=\"https:\/\/twitter.com\/hashtag\/MoT?src=hash&amp;ref_src=twsrc%5Etfw\" rel=\"nofollow noopener\" target=\"_blank\">#MoT<\/a> 7.9.27 <a href=\"https:\/\/t.co\/aIKSFpaHff\" rel=\"nofollow\">pic.twitter.com\/aIKSFpaHff<\/a><\/p>\n<p>\u2014 James Gunn (@JamesGunn) <a href=\"https:\/\/twitter.com\/JamesGunn\/status\/1970156400929038595?ref_src=twsrc%5Etfw\" rel=\"nofollow noopener\" target=\"_blank\">September 22, 2025<\/a><\/p><\/blockquote>\n<p>En declaraciones a <a target=\"_blank\" href=\"https:\/\/ew.com\/james-gunn-addresses-brainiac-man-of-tomorrow-villain-11819945\" rel=\"nofollow noopener\">Entertainment Weekly<\/a>, Gunn ha reconocido que era consciente del revuelo que provocar\u00eda el gui\u00f1o: \u00abPor supuesto que sab\u00eda que al publicar la portada del guion iba a haber discusiones en torno a ese tema en particular\u00bb. Sin embargo, se ha mostrado cauto a la hora de confirmar nada: \u00abCreo que <b>a\u00fan debemos esperar antes de revelar exactamente lo que est\u00e1 ocurriendo<\/b>\u00ab.<\/p>\n<p>\t\t\t\t\t\t\t<img decoding=\"async\" loading=\"lazy\" src=\"https:\/\/www.europesays.com\/es\/wp-content\/uploads\/2025\/09\/244284_man-of-tomorrow-james-gunn-responde-a-los-rumor.jpg\" alt=\"Brainiac\" width=\"1200\" height=\"675\"\/>\t<\/p>\n<p>\t\t\t\t\t\tBrainiac (DC Comics)<br \/>\n\t\t\t\t\t\tMayor protagonismo para Lex Luthor<\/p>\n<p>Lo que s\u00ed est\u00e1 confirmado es el regreso de David Corenswet como Superman y Nicholas Hoult como Lex Luthor. El actor brit\u00e1nico, que ya debut\u00f3 como el ic\u00f3nico villano en &#8216;Superman&#8217;, ha tenido un <b>sorprendente un cameo en la segunda temporada<\/b> de &#8216;<a href=\"https:\/\/www.ecartelera.com\/series\/el-pacificador\/\" rel=\"nofollow noopener\" target=\"_blank\">El Pacificador<\/a>&#8216;, donde su personaje negocia con Rick Flag (<a href=\"https:\/\/www.ecartelera.com\/personas\/frank-grillo\/\" rel=\"nofollow noopener\" target=\"_blank\">Frank Grillo<\/a>) en la prisi\u00f3n de Belle Reve a cambio de mejorar sus condiciones de reclusi\u00f3n.<\/p>\n<p>Seg\u00fan Gunn, esta aparici\u00f3n no es casualidad: \u00ab<b>Todo est\u00e1 conectado<\/b>, as\u00ed que hay una historia que estamos contando en todo el DCU, y esto tiene mucho que ver con &#8216;Man of Tomorrow'\u00bb. Eso s\u00ed, ha aclarado que la trama de <b>la Tierra-X que actualmente explora &#8216;El Pacificador&#8217; no tendr\u00e1 continuidad directa en el cine<\/b>, aunque ciertos v\u00ednculos narrativos, como la relaci\u00f3n entre Lex y Rick Flag, s\u00ed tendr\u00e1n peso en el futuro.<\/p>\n<p>\t\t\t\t\t\t\t<img decoding=\"async\" loading=\"lazy\" src=\"https:\/\/www.europesays.com\/es\/wp-content\/uploads\/2025\/09\/244169_el-pacificador-estalla-en-el-capitulo-2x06-con-u.jpg\" alt=\"Lex Luthor en 'El Pacificador'\" width=\"1200\" height=\"686\"\/>\t<\/p>\n<p>\t\t\t\t\t\tLex Luthor en &#8216;El Pacificador&#8217; (HBO Max)<\/p>\n<p>El cineasta ha adelantado en varios espacios que &#8216;Man of Tomorrow&#8217; <b>explorar\u00e1 una faceta m\u00e1s compleja de Lex Luthor<\/b>. En el p\u00f3dcast &#8216;The Ringer-Verse&#8217;, Gunn ha descubierto que la secuela ahondar\u00e1 en \u00abel lado incre\u00edblemente heroico y el coraz\u00f3n de Lex\u00bb y permitir\u00e1 conocerlo m\u00e1s \u00abcomo ser humano\u00bb. Por su parte, en una entrevista con The Howard Stern Show, ha explicado que la cinta mostrar\u00e1 c\u00f3mo <b>Lex y Superman se ven obligados a colaborar frente a una amenaza mucho mayor<\/b>.<\/p>\n<p>\u00abEs m\u00e1s complicado que eso, pero es una parte fundamental de la historia. Es tanto una pel\u00edcula de Lex como una pel\u00edcula de Superman\u00bb, ha se\u00f1alado Gunn. Adem\u00e1s, ha expresado su entusiasmo por volver a trabajar con Hoult: \u00abMe encanta el guion y <b>quer\u00eda crear algo extraordinario con los dos personajes<\/b>. Relacionarme con Lex, aunque suene triste, me ayud\u00f3 a darle una dimensi\u00f3n diferente\u00bb.<\/p>\n<p>&#8216;Man of Tomorrow&#8217; se estrenar\u00e1 <b>en cinas el 9 de julio de 2027<\/b>.<\/p>\n<p><script async src=\"https:\/\/platform.twitter.com\/widgets.js\" charset=\"utf-8\"><\/script><\/p>\n","protected":false},"excerpt":{"rendered":"El nuevo universo cinematogr\u00e1fico de DC sigue tomando forma bajo la direcci\u00f3n de James Gunn y Peter Safran,&hellip;\n","protected":false},"author":2,"featured_media":144882,"comment_status":"","ping_status":"","sticky":false,"template":"","format":"standard","meta":{"footnotes":""},"categories":[169],"tags":[1014,1015,1013,177,1011,146,147,25,24,782,176,1019,1016,175,753,1012,23,1017,1018],"class_list":{"0":"post-144881","1":"post","2":"type-post","3":"status-publish","4":"format-standard","5":"has-post-thumbnail","7":"category-cine","8":"tag-actores","9":"tag-actrices","10":"tag-cartelera","11":"tag-cine","12":"tag-ecartelera","13":"tag-entertainment","14":"tag-entretenimiento","15":"tag-es","16":"tag-espana","17":"tag-estrellas","18":"tag-film","19":"tag-fotogramas","20":"tag-fotos","21":"tag-movies","22":"tag-peliculas","23":"tag-pelis","24":"tag-spain","25":"tag-trailers","26":"tag-videos"},"share_on_mastodon":{"url":"","error":""},"_links":{"self":[{"href":"https:\/\/www.europesays.com\/es\/wp-json\/wp\/v2\/posts\/144881","targetHints":{"allow":["GET"]}}],"collection":[{"href":"https:\/\/www.europesays.com\/es\/wp-json\/wp\/v2\/posts"}],"about":[{"href":"https:\/\/www.europesays.com\/es\/wp-json\/wp\/v2\/types\/post"}],"author":[{"embeddable":true,"href":"https:\/\/www.europesays.com\/es\/wp-json\/wp\/v2\/users\/2"}],"replies":[{"embeddable":true,"href":"https:\/\/www.europesays.com\/es\/wp-json\/wp\/v2\/comments?post=144881"}],"version-history":[{"count":0,"href":"https:\/\/www.europesays.com\/es\/wp-json\/wp\/v2\/posts\/144881\/revisions"}],"wp:featuredmedia":[{"embeddable":true,"href":"https:\/\/www.europesays.com\/es\/wp-json\/wp\/v2\/media\/144882"}],"wp:attachment":[{"href":"https:\/\/www.europesays.com\/es\/wp-json\/wp\/v2\/media?parent=144881"}],"wp:term":[{"taxonomy":"category","embeddable":true,"href":"https:\/\/www.europesays.com\/es\/wp-json\/wp\/v2\/categories?post=144881"},{"taxonomy":"post_tag","embeddable":true,"href":"https:\/\/www.europesays.com\/es\/wp-json\/wp\/v2\/tags?post=144881"}],"curies":[{"name":"wp","href":"https:\/\/api.w.org\/{rel}","templated":true}]}}