{"id":144896,"date":"2025-09-28T19:38:24","date_gmt":"2025-09-28T19:38:24","guid":{"rendered":"https:\/\/www.europesays.com\/es\/144896\/"},"modified":"2025-09-28T19:38:24","modified_gmt":"2025-09-28T19:38:24","slug":"un-besamanos-pone-fin-a-los-actos-por-la-merced","status":"publish","type":"post","link":"https:\/\/www.europesays.com\/es\/144896\/","title":{"rendered":"Un besamanos pone fin a los actos por La Merced"},"content":{"rendered":"<p>El besamanos de la Virgen, expuesta tras la eucarist\u00eda, que estuvo presidida por el Reverendo P\u00e1rroco Jos\u00e9 Manuel S\u00e1nchez Cote, ha sido el acto con le que se han cerrado los actos organizados por la Venerable Hermandad de Nuestro Padre Jes\u00fas Cautivo y Rescatado (Medinaceli) y Nuestra Se\u00f1ora de la Merced con motivo de la festividad de Nuestra Se\u00f1ora de la Merced.<\/p>\n<p>En la jornada del viernes Nuestra Se\u00f1ora de la Merced recorri\u00f3 las calles de la barriada de Olivillos en un Rosario Vespertino, en el que participaron numerosos vecinos, entre los que se encontraban la teniente de alcalde de Tradiciones, Mar\u00eda del Mar Collado, junto a la Hermana Mayor de La Venerable Hermandad de Nuestro Padre Jes\u00fas Cautivo y Rescatado (Medinaceli) y Nuestra Se\u00f1ora de la Merced, Filomena Mu\u00f1oz, y su junta de Gobierno, adem\u00e1s de una representaci\u00f3n de la Junta Local de Hermandades y Cofrad\u00edas de San Roque.<\/p>\n<p>\u00a0<\/p>\n<p>\u00a0<\/p>\n","protected":false},"excerpt":{"rendered":"El besamanos de la Virgen, expuesta tras la eucarist\u00eda, que estuvo presidida por el Reverendo P\u00e1rroco Jos\u00e9 Manuel&hellip;\n","protected":false},"author":2,"featured_media":144897,"comment_status":"","ping_status":"","sticky":false,"template":"","format":"standard","meta":{"footnotes":""},"categories":[5],"tags":[1250,17,18,2193,2191,25,24,13,14,2190,11,19,20,9,10,15,16,2186,2189,2185,2187,23,2192,12,2188,21,22],"class_list":{"0":"post-144896","1":"post","2":"type-post","3":"status-publish","4":"format-standard","5":"has-post-thumbnail","7":"category-titulares","8":"tag-ayuntamiento","9":"tag-breaking-news","10":"tag-breakingnews","11":"tag-cadiz","12":"tag-campamento","13":"tag-es","14":"tag-espana","15":"tag-featured-news","16":"tag-featurednews","17":"tag-guadiaro","18":"tag-headlines","19":"tag-latest-news","20":"tag-latestnews","21":"tag-news","22":"tag-noticias","23":"tag-noticias-destacadas","24":"tag-noticiasdestacadas","25":"tag-roque","26":"tag-san-enrique","27":"tag-san-roque","28":"tag-soto-grande","29":"tag-spain","30":"tag-taraguilla","31":"tag-titulares","32":"tag-torreguadiaro","33":"tag-ultimas-noticias","34":"tag-ultimasnoticias"},"share_on_mastodon":{"url":"","error":""},"_links":{"self":[{"href":"https:\/\/www.europesays.com\/es\/wp-json\/wp\/v2\/posts\/144896","targetHints":{"allow":["GET"]}}],"collection":[{"href":"https:\/\/www.europesays.com\/es\/wp-json\/wp\/v2\/posts"}],"about":[{"href":"https:\/\/www.europesays.com\/es\/wp-json\/wp\/v2\/types\/post"}],"author":[{"embeddable":true,"href":"https:\/\/www.europesays.com\/es\/wp-json\/wp\/v2\/users\/2"}],"replies":[{"embeddable":true,"href":"https:\/\/www.europesays.com\/es\/wp-json\/wp\/v2\/comments?post=144896"}],"version-history":[{"count":0,"href":"https:\/\/www.europesays.com\/es\/wp-json\/wp\/v2\/posts\/144896\/revisions"}],"wp:featuredmedia":[{"embeddable":true,"href":"https:\/\/www.europesays.com\/es\/wp-json\/wp\/v2\/media\/144897"}],"wp:attachment":[{"href":"https:\/\/www.europesays.com\/es\/wp-json\/wp\/v2\/media?parent=144896"}],"wp:term":[{"taxonomy":"category","embeddable":true,"href":"https:\/\/www.europesays.com\/es\/wp-json\/wp\/v2\/categories?post=144896"},{"taxonomy":"post_tag","embeddable":true,"href":"https:\/\/www.europesays.com\/es\/wp-json\/wp\/v2\/tags?post=144896"}],"curies":[{"name":"wp","href":"https:\/\/api.w.org\/{rel}","templated":true}]}}