{"id":144910,"date":"2025-09-28T19:47:08","date_gmt":"2025-09-28T19:47:08","guid":{"rendered":"https:\/\/www.europesays.com\/es\/144910\/"},"modified":"2025-09-28T19:47:08","modified_gmt":"2025-09-28T19:47:08","slug":"lamine-reaparece-para-llevar-al-barca-al-liderato-tras-vencer-a-una-real-estrellada-en-los-palos-el-mundo","status":"publish","type":"post","link":"https:\/\/www.europesays.com\/es\/144910\/","title":{"rendered":"Lamine reaparece para llevar al Bar\u00e7a al liderato tras vencer a una Real estrellada en los palos &#8211; El Mundo"},"content":{"rendered":"<ol>\n<li><a href=\"https:\/\/news.google.com\/rss\/articles\/CBMinAFBVV95cUxNY1pCa05Wd08xbE5zNzBMRFBfNl9zQV9sY0NuUlNlMlcyRUo4OVZkbUdfNjg3VW5KNDZ3bEx2dHp1YkV1OXlYYTkzWnpnczJ1ZjJhWWVZWFpUTktNNmJXZlRhbVhRdkZKRTNBVnprbi1mdGdCTWtqQWdrQkhIT3hIYUlmY0pYZkpwNUdBVFc1S1RObjdHelBCWFNGcTjSAZwBQVVfeXFMUHNMY0JuUjljdDR0aGRDakh0Vl81X1NZc3RHSzBXU1c5SThGbTRYYks3Y0M3RXRrcm8tYWdTQ0kyRXRUbTl2Z2VDZGloR1ZKSG9LNDlkQWIzcWZMNXpfOEJVNEtwOUUydGxFYk9WMG0ybDBWd0gxeDNpWXBUQ2wzb05TZXQ3LUZ5S3BNSEVjRUdZUmc3a1FURm9jaG1Z?oc=5\" target=\"_blank\" rel=\"nofollow noopener\">Lamine reaparece para llevar al Bar\u00e7a al liderato tras vencer a una Real estrellada en los palos<\/a>&nbsp;&nbsp;El Mundo<\/li>\n<li><a href=\"https:\/\/news.google.com\/rss\/articles\/CBMisAFBVV95cUxNRFE0X2JIZkw0eEVnTXdmZ0dnTVNxOTdldDJoc2FETkNSbjc3VXJPZlpCZzRoNG9SdnI1LTVPOGdkSlg3MXdmV3RZODdLWkdhYW4xVENLVWlNSzU2S2NneVkxUEJlTVZ5bENuaG95T1JOUWIzVWZLMWZwdmNLZHBxMFVRRFlhNUdDVFU3MEpZejBFUDdyTHpOanlxM0pUT1dwcmFDZXJaTEJVa3lnQ0xTLQ?oc=5\" target=\"_blank\" rel=\"nofollow noopener\">FC Barcelona &#8211; Real Sociedad: En directo online streaming &#8211; Jornada 7 &#8211; LaLiga EA Sports 2025\/26 &#8211; Informaci\u00f3n en vivo &#8211; Hoy<\/a>&nbsp;&nbsp;Eurosport<\/li>\n<li><a href=\"https:\/\/news.google.com\/rss\/articles\/CBMipwFBVV95cUxNTGFvUGpxNW1uRXVXT2tTRXE5bUFmcXRCamJuMHBndTcxT3pXcGVvQ3FKR2NmNTdpU2FETlZ5WXhNLUFLRUo0LWNMcFhtdWg2UjlKd0YtdUhJQ2FJU0NQMXNNeGttR0Jya1JPMkYxUV9kVEtCLVprQXozZWVNSV9ZMER6Yk9sUmhLMWtyTlhJWFZqOEtfSkgtWkhOakg4UjlOSV9uSndGRQ?oc=5\" target=\"_blank\" rel=\"nofollow noopener\">Uno a uno del Barcelona vs Real Sociedad: Para eso est\u00e1 Lewandowski<\/a>&nbsp;&nbsp;MARCA<\/li>\n<li><a href=\"https:\/\/news.google.com\/rss\/articles\/CBMipgFBVV95cUxNLTVtU0RMZUVTRkRDSC1Pbzd6VVpmMU9TYzBBNlp3dHVOYlU5bmpDcGRKc0FqMm9zczJ6VGJ6ZzJTdkcxYkpVY25QamVmZFhtZC02QThWbk1PZGxoS2EyTUxUQm5neVpVN1NOd3RYUWIzVk95MG5xYVRYZnBTREl4MklEY0dDSWZXSTdTTWotVUR4OGZLeFBwM09tU2hMQWMyNXBndWpn?oc=5\" target=\"_blank\" rel=\"nofollow noopener\">Vuelve Lamine Yamal y pone al Bar\u00e7a l\u00edder de la Liga | F\u00fatbol | Deportes<\/a>&nbsp;&nbsp;EL PA\u00cdS<\/li>\n<\/ol>\n","protected":false},"excerpt":{"rendered":"Lamine reaparece para llevar al Bar\u00e7a al liderato tras vencer a una Real estrellada en los palos&nbsp;&nbsp;El Mundo&hellip;\n","protected":false},"author":2,"featured_media":144911,"comment_status":"","ping_status":"","sticky":false,"template":"","format":"standard","meta":{"footnotes":""},"categories":[268],"tags":[168,9514,25,24,881,280,282,13342,8138,38348,1945,7209,17499,281,23,167,44659],"class_list":{"0":"post-144910","1":"post","2":"type-post","3":"status-publish","4":"format-standard","5":"has-post-thumbnail","7":"category-futbol","8":"tag-deportes","9":"tag-deportes-futbol-primera-division","10":"tag-es","11":"tag-espana","12":"tag-fc-barcelona","13":"tag-football","14":"tag-futbol","15":"tag-hansi-flick","16":"tag-lamine-yamal","17":"tag-mikel-oyarzabal","18":"tag-primera-division","19":"tag-real-sociedad","20":"tag-robert-lewandowski","21":"tag-soccer","22":"tag-spain","23":"tag-sports","24":"tag-szczesny"},"share_on_mastodon":{"url":"","error":""},"_links":{"self":[{"href":"https:\/\/www.europesays.com\/es\/wp-json\/wp\/v2\/posts\/144910","targetHints":{"allow":["GET"]}}],"collection":[{"href":"https:\/\/www.europesays.com\/es\/wp-json\/wp\/v2\/posts"}],"about":[{"href":"https:\/\/www.europesays.com\/es\/wp-json\/wp\/v2\/types\/post"}],"author":[{"embeddable":true,"href":"https:\/\/www.europesays.com\/es\/wp-json\/wp\/v2\/users\/2"}],"replies":[{"embeddable":true,"href":"https:\/\/www.europesays.com\/es\/wp-json\/wp\/v2\/comments?post=144910"}],"version-history":[{"count":0,"href":"https:\/\/www.europesays.com\/es\/wp-json\/wp\/v2\/posts\/144910\/revisions"}],"wp:featuredmedia":[{"embeddable":true,"href":"https:\/\/www.europesays.com\/es\/wp-json\/wp\/v2\/media\/144911"}],"wp:attachment":[{"href":"https:\/\/www.europesays.com\/es\/wp-json\/wp\/v2\/media?parent=144910"}],"wp:term":[{"taxonomy":"category","embeddable":true,"href":"https:\/\/www.europesays.com\/es\/wp-json\/wp\/v2\/categories?post=144910"},{"taxonomy":"post_tag","embeddable":true,"href":"https:\/\/www.europesays.com\/es\/wp-json\/wp\/v2\/tags?post=144910"}],"curies":[{"name":"wp","href":"https:\/\/api.w.org\/{rel}","templated":true}]}}