{"id":144912,"date":"2025-09-28T19:48:05","date_gmt":"2025-09-28T19:48:05","guid":{"rendered":"https:\/\/www.europesays.com\/es\/144912\/"},"modified":"2025-09-28T19:48:05","modified_gmt":"2025-09-28T19:48:05","slug":"anabel-pantoja-disfruta-con-sus-suegros-david-y-la-pequena-alma-en-madrid","status":"publish","type":"post","link":"https:\/\/www.europesays.com\/es\/144912\/","title":{"rendered":"Anabel Pantoja disfruta con sus suegros, David y la peque\u00f1a Alma en Madrid"},"content":{"rendered":"<p style=\"text-align: justify;\">\u00a0\u00a0\u00a0MADRID, 28 Sep. (CHANCE) &#8211;<\/p>\n<p style=\"text-align: justify;\">\u00a0\u00a0\u00a0Mucho se ha hablado estos d\u00edas de una posible crisis sentimental entre <strong>David Rodr\u00edguez<\/strong> y <strong>Anabel Pantoja<\/strong>, pero ya se encarg\u00f3 la influencer de desmentirlo: \u00abDavid lleva y\u00e9ndose a C\u00f3rdoba m\u00e1s de tres a\u00f1os de lunes a jueves porque tiene su cl\u00ednica all\u00ed. \u00a1Claro que se adapta a Madrid! Los fines de semana cuida de mi ni\u00f1a cuando yo estoy trabajando en el programa\u00bb.<\/p>\n<p style=\"text-align: justify;\">\u00a0\u00a0\u00a0Tambi\u00e9n se lleg\u00f3 a decir que el joven estaba buscando una cl\u00ednica en Madrid para tener trabajo en la capital y dejar de estar viajando todas las semanas, pero<strong> Anabel<\/strong> confesaba que \u00abya tiene bastante con la suya\u00bb.<\/p>\n<p style=\"text-align: justify;\">\u00a0 \u00a0 Rumores de crisis que siempre han girado entorno a la pareja y que no se ajustan a la realidad, ya que ambos han demostrado durante este \u00faltimo a\u00f1o que su amor est\u00e1 m\u00e1s fuerte que nunca&#8230; sobre todo despu\u00e9s de todos los problemas que han tenido que afrontar juntos.<\/p>\n<p style=\"text-align: justify;\">\u00a0 \u00a0 Este fin de semana, la pareja se ha dejado ver de nuevo por las calles de la capital y&#8230; \u00a1atenci\u00f3n! porque no han estado solos, los padres de David han viajado hasta Madrid para estar cerca de su hijo, de la influencer, pero sobre todo de su nieta.<\/p>\n<p style=\"text-align: justify;\">\u00a0 \u00a0Demostrando que tiene una buena relaci\u00f3n con los padres de <strong>David, Anabel<\/strong> ha disfrutado de una ma\u00f1ana de domingo de lo m\u00e1s entretenida en la que todas las miradas han ido para su hija. La peque\u00f1a<strong> Alma<\/strong> ha estado descubriendo el mundo de la capital en los brazos de su abuelo paterno, demostrando as\u00ed que la familia sigue igual de unida que el primer d\u00eda.<\/p>\n","protected":false},"excerpt":{"rendered":"\u00a0\u00a0\u00a0MADRID, 28 Sep. (CHANCE) &#8211; \u00a0\u00a0\u00a0Mucho se ha hablado estos d\u00edas de una posible crisis sentimental entre David&hellip;\n","protected":false},"author":2,"featured_media":144913,"comment_status":"","ping_status":"","sticky":false,"template":"","format":"standard","meta":{"footnotes":""},"categories":[174],"tags":[255,146,147,25,24,256,23],"class_list":{"0":"post-144912","1":"post","2":"type-post","3":"status-publish","4":"format-standard","5":"has-post-thumbnail","7":"category-famosos","8":"tag-celebrities","9":"tag-entertainment","10":"tag-entretenimiento","11":"tag-es","12":"tag-espana","13":"tag-famosos","14":"tag-spain"},"share_on_mastodon":{"url":"","error":""},"_links":{"self":[{"href":"https:\/\/www.europesays.com\/es\/wp-json\/wp\/v2\/posts\/144912","targetHints":{"allow":["GET"]}}],"collection":[{"href":"https:\/\/www.europesays.com\/es\/wp-json\/wp\/v2\/posts"}],"about":[{"href":"https:\/\/www.europesays.com\/es\/wp-json\/wp\/v2\/types\/post"}],"author":[{"embeddable":true,"href":"https:\/\/www.europesays.com\/es\/wp-json\/wp\/v2\/users\/2"}],"replies":[{"embeddable":true,"href":"https:\/\/www.europesays.com\/es\/wp-json\/wp\/v2\/comments?post=144912"}],"version-history":[{"count":0,"href":"https:\/\/www.europesays.com\/es\/wp-json\/wp\/v2\/posts\/144912\/revisions"}],"wp:featuredmedia":[{"embeddable":true,"href":"https:\/\/www.europesays.com\/es\/wp-json\/wp\/v2\/media\/144913"}],"wp:attachment":[{"href":"https:\/\/www.europesays.com\/es\/wp-json\/wp\/v2\/media?parent=144912"}],"wp:term":[{"taxonomy":"category","embeddable":true,"href":"https:\/\/www.europesays.com\/es\/wp-json\/wp\/v2\/categories?post=144912"},{"taxonomy":"post_tag","embeddable":true,"href":"https:\/\/www.europesays.com\/es\/wp-json\/wp\/v2\/tags?post=144912"}],"curies":[{"name":"wp","href":"https:\/\/api.w.org\/{rel}","templated":true}]}}