{"id":144914,"date":"2025-09-28T19:49:11","date_gmt":"2025-09-28T19:49:11","guid":{"rendered":"https:\/\/www.europesays.com\/es\/144914\/"},"modified":"2025-09-28T19:49:11","modified_gmt":"2025-09-28T19:49:11","slug":"fenosa-y-su-exquisito-circulo-de-amigos-en-el-paris-del-exilio","status":"publish","type":"post","link":"https:\/\/www.europesays.com\/es\/144914\/","title":{"rendered":"Fenosa y su exquisito c\u00edrculo de amigos en el Par\u00eds del exilio"},"content":{"rendered":"<p>                                    <img decoding=\"async\" loading=\"lazy\" src=\"https:\/\/www.europesays.com\/es\/wp-content\/uploads\/2025\/09\/68519e589eba1.jpeg\" alt=\"Gl\u00f2ria Aznar\" width=\"40\" height=\"40\" data-full-src=\"https:\/\/www.europesays.com\/es\/wp-content\/uploads\/2025\/09\/68519e589eba1.jpeg\"\/><\/p>\n<p class=\"paragraph\">En el <b>Par\u00eds de los a\u00f1os 20<\/b> del siglo pasado<b> Pablo Picasso<\/b> presentaba al<b> escultor Apel\u00b7les Fenosa<\/b> (Barcelona, 1899-Par\u00eds, 1988) y al <b>poeta y dramaturgo Jean Cocteau <\/b>(Francia, 1889-1963). Fue durante el primer exilio del escultor y ambos artistas forjaron una <b>amistad perdurable en el tiempo<\/b> que sobrevivi\u00f3 a guerras, \u00e9xitos y penurias en un contexto pol\u00edtico convulso, pero excepcional a nivel art\u00edstico.<\/p>\n<p class=\"paragraph\">Esta complicidad, que se extendi\u00f3 a otros creadores de su tiempo, se recoge en la<b> exposici\u00f3n Entre Cocteau i Fenosa. Le Cercle Lumineux 1920-1960<\/b>, comisariada por la <b>Directora de la Fundaci\u00f3 Apel\u00b7les Fenosa, Nekane Aramburu<\/b>, y que se puede visitar en el<b> Museu Apel\u00b7les Fenosa de El Vendrell hasta el 12 de abril de 2026<\/b>. La muestra cuenta con la <b>colaboraci\u00f3n del Museo Cocteau en Menton (Francia), de la Sucesi\u00f3n Cocteau, as\u00ed como de los Archives Chanel.<\/b><\/p>\n<p>            <a href=\"#\" title=\"\"><\/p>\n<p>                    <img loading=\"lazy\" decoding=\"async\" data-index=\"\" width=\"140\" height=\"140\" alt=\"Nicole Florensa en su estudio de Par\u00eds.\" data-full=\"[object Object]\" data-original=\"[object Object]\" src=\"https:\/\/imagenes.diaridetarragona.com\/files\/related_image\/uploads\/2025\/08\/06\/689382bf1842b.jpeg\" data-full-src=\"https:\/\/www.europesays.com\/es\/wp-content\/uploads\/2025\/09\/689382bf1842b.jpeg\"\/><\/p>\n<p>            <\/a><\/p>\n<p class=\"paragraph\"><b>Destello<\/b><\/p>\n<p class=\"paragraph\"><b>Le Cercle Lumineux <\/b>est\u00e1 compuesta por <b>esculturas, dibujos, audiovisuales y vasta documentaci\u00f3n<\/b> que atesoran un v\u00ednculo por siempre imperecedero entre personalidades como la dise\u00f1adora<b> Coco Chanel<\/b>; el actor<b> Jean Marais<\/b>; el compositor <b>Francis Poulenc<\/b>; la escritora, pintora y mecenas <b>Marie-Laure de Noailles<\/b>; la reina intelectual y art\u00edstica de la Belle \u00c9poque <b>Misia Sert<\/b>; la pintora, fot\u00f3grafa y escultora <b>Dora Maar<\/b>; <b>Salvador Dal\u00ed<\/b> y <b>Pablo Picasso<\/b>, entre otros. Un c\u00edrculo luminoso. Sin embargo, \u00abno luminoso por el glamour, sino porque se quer\u00edan y se apoyaban, sentimientos que trascend\u00edan a guerras y sufrimiento\u00bb, asevera <b>Aramburu<\/b>, quien explica algunos elementos en com\u00fan que ayudan a entender al grupo.<\/p>\n<p class=\"c-detail__media__subtitle\">\n<p>        T\u00eate de Jean Marais, 1939.Collection Catherine et Vincent Bourgeot<\/p>\n<p class=\"paragraph\">\u00abArt\u00edsticamente, <b>su inter\u00e9s por los bustos<\/b>. Como una especie de pacto con la muerte, se hac\u00edan<b> bustos y dibujos<\/b> porque a todos les rodeaba el <b>miedo a morir<\/b>, en aquel per\u00edodo de entreguerras\u00bb. En este sentido, la pieza estrella es la de <b>Jean Marais, que hasta el momento no hab\u00eda sido expuesta<\/b>. \u00abMarais la tuvo en casa hasta que muri\u00f3, despu\u00e9s sali\u00f3 a subasta y la compraron unos coleccionistas franceses. Fenosa realiz\u00f3 el busto cuando viv\u00eda con \u00e9l y Cocteau en la place de la Madeleine, en 1939, a\u00f1o en que volvi\u00f3 de la Guerra Civil espa\u00f1ola. Es un busto cl\u00e1sico, grecolatino,<b> evocando al actor cuando represent\u00f3 a Edipo Rey con vestuario de Coco Chanel<\/b>. La dise\u00f1adora colaboraba con ellos, concretamente con Cocteau en tres obras de teatro\u00bb, se\u00f1ala la comisaria.<\/p>\n<p class=\"paragraph\"><b>La huella de Chanel<\/b><\/p>\n<p class=\"paragraph\">De hecho, en una de las fotograf\u00edas de<b> Le Cercle Lumineux<\/b> aparece<b> Apel\u00b7les Fenosa elaborando el busto de Chanel<\/b>, una relaci\u00f3n que se estrech\u00f3 en 1939, cuando trabajaron juntos en el surrealista <b>Ballet Bacchanale<\/b> de Dal\u00ed. Una conexi\u00f3n que, seg\u00fan diversos documentos, lleg\u00f3 a convertirse en un<b> idilio.<\/b><\/p>\n<p class=\"c-detail__media__subtitle\">\n<p>        Fenosa trabaja en el busto de Chanel, 1939.Cedida\/Fotograf\u00edas de Hoyningen Heune<\/p>\n<p class=\"paragraph\">Otros de los puntos en com\u00fan son<b> la mitolog\u00eda y las metamorfosis<\/b>. \u00abLa mitolog\u00eda est\u00e1 repartida por toda la exposici\u00f3n. Podemos encontrar una fotograf\u00eda de la <b>Sphinx<\/b>, de <b>Fenosa<\/b>, de un bajorrelieve ubicado en la entrada del Conseil Constituionnel de Par\u00eds\u00bb. Otra de las piezas es <b>P\u00e9n\u00e9lope<\/b>, escultura que <b>Marie-Laure de Noailles compr\u00f3 a Chanel<\/b>. \u00abFinalmente, otra caracter\u00edstica en com\u00fan son<b> las drogas<\/b>, como la morfina\u00bb, manifiesta Aramburu.<\/p>\n<p class=\"paragraph\">Entre las fotograf\u00edas, destaca tambi\u00e9n la que muestra a <b>Marais <\/b>con <b>Motif V\u00e9g\u00e9tal<\/b>, obra que representa la transformaci\u00f3n entre lo humano y lo vegetal, y viceversa, un concepto que <b>Fenosa<\/b> explor\u00f3 en profundidad en esta pieza clave de su trayectoria.<\/p>\n<p class=\"c-detail__media__subtitle\">\n<p>        Jean Marais con &#8216;Motif V\u00e9g\u00e9tal&#8217; en el apartamento de los Fenosa en la rue Boissonade, Par\u00eds, 1958.Nicole Florensa<\/p>\n<p class=\"paragraph\">Mientras, \u00ablas<b> transformaciones de Cocteau<\/b> provienen de su inter\u00e9s hacia lo <b>esot\u00e9rico y la magia<\/b>. \u00c9l experimentaba el acceso a las realidades paralelas a trav\u00e9s de diversos medios como el opio, al que llamaba \u2018alfombra voladora\u2019\u00bb.<\/p>\n<p class=\"paragraph\">Si bien la exposici\u00f3n se plantea en dos salas, abarca todo el museo, por lo que la visita se convierte en una <b>\u00abexperiencia integral\u00bb<\/b>. Y est\u00e1 vertebrada por los <b>retratos realizados por Fenosa<\/b> a los diferentes protagonistas de este excepcional c\u00edrculo.<\/p>\n<p class=\"c-detail__media__subtitle\">\n<p>        T\u00eate de Dora Maar, 1940. De Apel\u00b7les Fenosa y Pablo Picasso.Fundaci\u00f3 Aple.les Fenosa<\/p>\n<p class=\"paragraph\"><b>Le Cercle Lumineux<\/b> arranca con el primero de ellos, que el vendrellense de adopci\u00f3n le hizo a <b>Cocteau, en 1926<\/b>. Entre los bustos, es relevante el de <b>Dora Maar<\/b>, que trabajaron conjuntamente <b>Fenosa y Picasso, en 1940<\/b>. \u00ab<b>Es una pieza \u00fanica, el original<\/b>. Me interesa el concepto de Maar como artista dentro del c\u00edrculo y sus relaciones tanto con Cocteau como con Fenosa, as\u00ed como su manera de posar un poco esfinge, como si ya <b>estuviera intuyendo el final de su  relaci\u00f3n con Picasso<\/b>, quien la iba a sustituir por  Fran\u00e7oise Gilot\u00bb, resalta Aramburu.\u00a0<\/p>\n<p class=\"paragraph\"><b>Dibujos, documentaci\u00f3n y correspondencia son otras de las joyas<\/b>: telegramas, cartas y obsequios dirigidos a Fenosa por parte de<b> Chanel, Gala y Dal\u00ed, Jean Marais o Jean Cocteau<\/b>, as\u00ed como testimonios de la <b>Segunda Guerra Mundial<\/b>. Todo ello evidencia una \u00e9poca por momentos dorada, aunque marcada tambi\u00e9n por una profunda incertidumbre.<\/p>\n","protected":false},"excerpt":{"rendered":"En el Par\u00eds de los a\u00f1os 20 del siglo pasado Pablo Picasso presentaba al escultor Apel\u00b7les Fenosa (Barcelona,&hellip;\n","protected":false},"author":2,"featured_media":144915,"comment_status":"","ping_status":"","sticky":false,"template":"","format":"standard","meta":{"footnotes":""},"categories":[173],"tags":[229,233,231,230,232,234,146,147,25,24,23],"class_list":{"0":"post-144914","1":"post","2":"type-post","3":"status-publish","4":"format-standard","5":"has-post-thumbnail","7":"category-arte-y-diseno","8":"tag-arte","9":"tag-arte-y-diseno","10":"tag-arts","11":"tag-arts-and-design","12":"tag-design","13":"tag-diseno","14":"tag-entertainment","15":"tag-entretenimiento","16":"tag-es","17":"tag-espana","18":"tag-spain"},"share_on_mastodon":{"url":"","error":""},"_links":{"self":[{"href":"https:\/\/www.europesays.com\/es\/wp-json\/wp\/v2\/posts\/144914","targetHints":{"allow":["GET"]}}],"collection":[{"href":"https:\/\/www.europesays.com\/es\/wp-json\/wp\/v2\/posts"}],"about":[{"href":"https:\/\/www.europesays.com\/es\/wp-json\/wp\/v2\/types\/post"}],"author":[{"embeddable":true,"href":"https:\/\/www.europesays.com\/es\/wp-json\/wp\/v2\/users\/2"}],"replies":[{"embeddable":true,"href":"https:\/\/www.europesays.com\/es\/wp-json\/wp\/v2\/comments?post=144914"}],"version-history":[{"count":0,"href":"https:\/\/www.europesays.com\/es\/wp-json\/wp\/v2\/posts\/144914\/revisions"}],"wp:featuredmedia":[{"embeddable":true,"href":"https:\/\/www.europesays.com\/es\/wp-json\/wp\/v2\/media\/144915"}],"wp:attachment":[{"href":"https:\/\/www.europesays.com\/es\/wp-json\/wp\/v2\/media?parent=144914"}],"wp:term":[{"taxonomy":"category","embeddable":true,"href":"https:\/\/www.europesays.com\/es\/wp-json\/wp\/v2\/categories?post=144914"},{"taxonomy":"post_tag","embeddable":true,"href":"https:\/\/www.europesays.com\/es\/wp-json\/wp\/v2\/tags?post=144914"}],"curies":[{"name":"wp","href":"https:\/\/api.w.org\/{rel}","templated":true}]}}