{"id":144916,"date":"2025-09-28T19:50:09","date_gmt":"2025-09-28T19:50:09","guid":{"rendered":"https:\/\/www.europesays.com\/es\/144916\/"},"modified":"2025-09-28T19:50:09","modified_gmt":"2025-09-28T19:50:09","slug":"todo-esta-dibujado-como-si-espana-se-hubiera-llenado-de-pronto-de-jovenes-modernos-heroicos-y-transgresores","status":"publish","type":"post","link":"https:\/\/www.europesays.com\/es\/144916\/","title":{"rendered":"Todo est\u00e1 dibujado como si Espa\u00f1a se hubiera llenado de pronto de j\u00f3venes modernos, heroicos y transgresores"},"content":{"rendered":"<p data-journey-content=\"true\" data-node-id=\"3\" class=\"css-6wxqfj emevuu60\">Existe una obra de nuestra querida <strong data-node-id=\"3.1\">Elvira Lindo, escrita desde el deber y desde el deseo<\/strong>, en la que pienso casi cada d\u00eda. La escritora, con 63 a\u00f1os y una carrera consagrada en la narrativa espa\u00f1ola, ha mirado hacia atr\u00e1s para iluminar zonas de sombra de su propia vida y de la vida de sus padres. Es una novela que <strong data-node-id=\"3.3\">late como un coraz\u00f3n exhausto<\/strong>, a\u00fan ardiente: hay memoria, ficci\u00f3n, homenaje y ajuste de cuentas con el tiempo. <\/p>\n<p data-journey-content=\"true\" data-node-id=\"6\" class=\"css-6wxqfj emevuu60\">Lindo arranca de un modo casi desafiante. En lugar de hablar de s\u00ed misma, habla de ellos. <strong data-node-id=\"6.1\">Habla de un padre con personalidad desbordada<\/strong>, capaz de llenar cualquier habitaci\u00f3n con su presencia. <strong data-node-id=\"6.3\">Habla de una madre de salud <\/strong><strong data-node-id=\"6.4\">fr\u00e1gil<\/strong> y voluntad firme que sostuvo como pudo los cimientos de una familia marcada por la posguerra. \u00abEn principio, yo quer\u00eda escribir un libro sobre mi padre\u00bb, ha confesado, \u00abpero me pareci\u00f3 interesante que apareciera mi madre porque era el contrapunto\u00bb. As\u00ed, los dos se vuelven <strong data-node-id=\"6.6\">personajes literarios<\/strong>, con sus cartas de amor desesperado: \u00abte quiero m\u00e1s que nunca, te quiero mejor que siempre\u00bb y <strong data-node-id=\"6.8\">sus celos tan expl\u00edcitos<\/strong> como niebla dentro de casa.<\/p>\n<p>Seix Barral A coraz\u00f3n abierto: The Girl Who Counted the Stars (Biblioteca Breve)<\/p>\n<p><a target=\"_blank\" rel=\"nofollow noopener\" data-theme-key=\"product-image-wrapper\" href=\"https:\/\/www.amazon.es\/dp\/8432236365?tag=esquirespain-21\" aria-label=\"20\u00a0\u20ac en Amazon for A coraz\u00f3n abierto: The Girl Who Counted the Stars (Biblioteca Breve)\" data-href=\"https:\/\/www.amazon.es\/dp\/8432236365\" data-product-url=\"https:\/\/www.amazon.es\/dp\/8432236365\" data-affiliate=\"true\" data-affiliate-url=\"https:\/\/www.amazon.es\/dp\/8432236365?tag=esquirespain-21\" data-affiliate-network=\"{&quot;afflink_redirect&quot;:&quot;\/_p\/afflink\/y17s\/amazon-a-corazon-abierto-the-girl&quot;,&quot;site_id&quot;:&quot;92d07c0b-730d-4727-bddc-68f85354bda9&quot;,&quot;network&quot;:{&quot;name&quot;:&quot;Amazon&quot;},&quot;metadata&quot;:{&quot;links&quot;:{&quot;default&quot;:&quot;https:\/\/www.amazon.es\/dp\/8432236365?tag=esquirespain-21&quot;}}}\" data-vars-ga-call-to-action=\"20\u00a0\u20ac en Amazon\" data-vars-ga-media-role=\"\" data-vars-ga-media-type=\"Single Product Embed\" data-vars-ga-outbound-link=\"https:\/\/www.amazon.es\/dp\/8432236365\" data-vars-ga-product-brand=\"Seix Barral\" data-vars-ga-product-id=\"4dc77daf-dd67-431f-a8ec-402e67d9da29\" data-vars-ga-product-price=\"19,85\u00a0\u20ac\" data-vars-ga-product-retailer-id=\"6c5e40c6-4afa-4ffb-add0-db4e85b1a1c9\" data-vars-ga-product-sem3-brand=\"Seix Barral\" data-vars-ga-link-treatment=\"(not set) | (not set)\" data-vars-ga-sku=\"8432236365\" data-vars-ga-magento-tracking=\"1\" class=\"product-image-link ebgq4gw2 e1b8bpvs0 css-g6od0w e1c1bym14\"><img  alt=\"A coraz\u00f3n abierto: The Girl Who Counted the Stars (Biblioteca Breve)\" title=\"A coraz\u00f3n abierto: The Girl Who Counted the Stars (Biblioteca Breve)\" src=\"https:\/\/www.europesays.com\/es\/wp-content\/uploads\/2025\/09\/1759089009_16_1756465713-81Y4WRDLVhL.jpg\" width=\"1481\" height=\"2560\" decoding=\"async\" loading=\"lazy\"\/><\/a>Ficha del libro<\/p>\n<tr data-theme-key=\"embedded-product-key-specs-line\" class=\"css-0 elexcwx2\">Editorial<\/p>\n<td data-theme-key=\"embedded-product-key-specs-value-item\" class=\"css-1flax12 elexcwx1\">Seix Barral<\/td>\n<\/tr>\n<tr data-theme-key=\"embedded-product-key-specs-line\" class=\"css-0 elexcwx2\">N\u00famero de p\u00e1ginas<\/p>\n<td data-theme-key=\"embedded-product-key-specs-value-item\" class=\"css-1flax12 elexcwx1\">384<\/td>\n<\/tr>\n<tr data-theme-key=\"embedded-product-key-specs-line\" class=\"css-0 elexcwx2\">A\u00f1o de edici\u00f3n<\/p>\n<td data-theme-key=\"embedded-product-key-specs-value-item\" class=\"css-1flax12 elexcwx1\">2020<\/td>\n<\/tr>\n<p data-journey-content=\"true\" data-node-id=\"9\" class=\"css-6wxqfj emevuu60\"><strong data-node-id=\"9.0\">&#8216;<a href=\"https:\/\/www.amazon.es\/dp\/8432236365?linkCode=ogi&amp;tag=esquirespain-21&amp;ascsubtag=%5Bartid%7C2119.a.66161139%5Bsrc%7C%5Bch%7C%5Blt%7C%5Bpid%7C4dc77daf-dd67-431f-a8ec-402e67d9da29%5Baxid%7C1311e01e-b657-46e7-80a2-7b1f288d8e3a\" target=\"_blank\" rel=\"nofollow noopener\" data-vars-ga-outbound-link=\"https:\/\/www.amazon.es\/dp\/8432236365?linkCode=ogi&amp;tag=esquirespain-21&amp;ascsubtag=%5Bartid%7C2119.a.66161139%5Bsrc%7C%5Bch%7C%5Blt%7C%5Bpid%7C4dc77daf-dd67-431f-a8ec-402e67d9da29%5Baxid%7C1311e01e-b657-46e7-80a2-7b1f288d8e3a\" data-vars-ga-ux-element=\"Hyperlink\" data-vars-ga-call-to-action=\"A coraz\u00f3n abierto\" data-vars-ga-product-id=\"e30c8f3c-fab2-43ce-b5aa-a0c4e06e74fd\" data-node-id=\"9.0.1\" data-href=\"https:\/\/www.amazon.es\/dp\/8432236365?linkCode=ogi&amp;tag=esquirespain-21&amp;ascsubtag=%5Bartid%7C2119.a.66161139%5Bsrc%7C%5Bch%7C%5Blt%7C%5Bpid%7C4dc77daf-dd67-431f-a8ec-402e67d9da29%5Baxid%7C1311e01e-b657-46e7-80a2-7b1f288d8e3a\" data-product-url=\"https:\/\/www.amazon.es\/dp\/8432236365?linkCode=ogi&amp;tag=esquirespain-21&amp;ascsubtag=%5Bartid%7C2119.a.66161139%5Bsrc%7C%5Bch%7C%5Blt%7C%5Bpid%7C4dc77daf-dd67-431f-a8ec-402e67d9da29%5Baxid%7C1311e01e-b657-46e7-80a2-7b1f288d8e3a\" data-affiliate=\"true\" data-affiliate-url=\"https:\/\/www.amazon.es\/dp\/8432236365?linkCode=ogi&amp;tag=esquirespain-21&amp;ascsubtag=%5Bartid%7C2119.a.66161139%5Bsrc%7C%5Bch%7C%5Blt%7C%5Bpid%7C4dc77daf-dd67-431f-a8ec-402e67d9da29%5Baxid%7C1311e01e-b657-46e7-80a2-7b1f288d8e3a\" data-affiliate-network=\"{&quot;afflink_redirect&quot;:&quot;\/_p\/afflink\/y7kL\/amazon-s-dp-8432236365&quot;,&quot;site_id&quot;:&quot;92d07c0b-730d-4727-bddc-68f85354bda9&quot;,&quot;network&quot;:{&quot;name&quot;:&quot;Amazon&quot;},&quot;metadata&quot;:{&quot;links&quot;:{&quot;default&quot;:&quot;https:\/\/www.amazon.es\/dp\/8432236365?linkCode=ogi&amp;tag=esquirespain-21&amp;ascsubtag=%5Bartid%7C2119.a.66161139%5Bsrc%7C%5Bch%7C%5Blt%7C%5Bpid%7C4dc77daf-dd67-431f-a8ec-402e67d9da29%5Baxid%7C1311e01e-b657-46e7-80a2-7b1f288d8e3a&quot;}}}\" data-vars-ga-product-price=\"0,00\u00a0$\" data-vars-ga-product-retailer-id=\"43862725-e088-4433-9a77-bb48a97cfb2a\" data-vars-ga-link-treatment=\"(not set) | (not set)\" class=\"body-link product-links css-1kzkd1m e1aq0z090\" data->A coraz\u00f3n abierto<\/a>&#8216;, de Elvira Lindo<\/strong>, abre un corredor hacia la historia de Espa\u00f1a. \u00abTodo est\u00e1 dibujado como si Espa\u00f1a se hubiera llenado de pronto de j\u00f3venes modernos, heroicos y transgresores\u00bb, ha declarado Lindo sobre los a\u00f1os 70. De inmediato coloca en el centro del foco a quienes se quedaron en un segundo plano: la generaci\u00f3n de sus padres, que sobrevivi\u00f3 a la guerra civil y a la largu\u00edsima posguerra sin victimismos y con <strong data-node-id=\"9.2\">un hero\u00edsmo callado y dom\u00e9stico<\/strong>. Una generaci\u00f3n que ha criado hijos entre carencias y cambios culturales brutales. <\/p>\n<p data-journey-content=\"true\" data-node-id=\"13\" class=\"css-6wxqfj emevuu60\">La novela ofrece el <strong data-node-id=\"13.1\">retrato \u00edntimo de un amor feroz<\/strong>, atravesado por celos y atracci\u00f3n, por la vida y por la muerte. Tambi\u00e9n tiene su punto de cr\u00f3nica al hablar de un pa\u00eds que se debat\u00eda entre sobrevivir y reinventarse. Lo hace con familias en las que las mujeres eran a\u00fan silenciadas y los hombres ejerc\u00edan un poder incontestable. <\/p>\n<p data-journey-content=\"true\" data-node-id=\"15\" class=\"css-6wxqfj emevuu60\">Lindo ha observado, no ha juzgado, ha reconstruido. En <strong data-node-id=\"15.1\">su mirada emp\u00e1tica y l\u00facida<\/strong> se ha notado la deuda con escritores, maestros en la narraci\u00f3n de lo \u00edntimo, que la han acompa\u00f1ado:  Natalia Ginzburg, Juan Rulfo, Carson McCullers, entre otros. <\/p>\n<p data-journey-content=\"true\" data-node-id=\"17\" class=\"css-6wxqfj emevuu60\">\u00abYo creo que me ha acercado, los he comprendido perfectamente. <strong data-node-id=\"17.1\">No quiero juzgarlos, no tengo por qu\u00e9 juzgarlos<\/strong>\u00ab. En esta novela hay una tremenda generosidad de mirar a los progenitores como seres humanos con contradicciones, deseos, errores y pasiones.<\/p>\n<p data-journey-content=\"true\" data-node-id=\"19\" class=\"css-6wxqfj emevuu60\">&#8216;A coraz\u00f3n abierto&#8217; no es un ajuste de cuentas: <strong data-node-id=\"19.1\">es un acto de restituci\u00f3n<\/strong>. Con la voz de Lindo como m\u00e9dium, esos padres vuelven a amar, a sufrir y a equivocarse. El lector asiste al espect\u00e1culo \u00edntimo de una pasi\u00f3n que ha marcado a toda una familia y, de paso, retrata un pa\u00eds entero. Es una novela que emociona porque, como la propia autora, pretende entender el pasado con la brutal honestidad de quien sabe que s\u00f3lo mirando atr\u00e1s se puede seguir viviendo hacia delante. <\/p>\n","protected":false},"excerpt":{"rendered":"Existe una obra de nuestra querida Elvira Lindo, escrita desde el deber y desde el deseo, en la&hellip;\n","protected":false},"author":2,"featured_media":144917,"comment_status":"","ping_status":"","sticky":false,"template":"","format":"standard","meta":{"footnotes":""},"categories":[172],"tags":[1655,224,253,146,147,25,24,225,23],"class_list":{"0":"post-144916","1":"post","2":"type-post","3":"status-publish","4":"format-standard","5":"has-post-thumbnail","7":"category-libros","8":"tag-afiliacion","9":"tag-books","10":"tag-discover","11":"tag-entertainment","12":"tag-entretenimiento","13":"tag-es","14":"tag-espana","15":"tag-libros","16":"tag-spain"},"share_on_mastodon":{"url":"","error":""},"_links":{"self":[{"href":"https:\/\/www.europesays.com\/es\/wp-json\/wp\/v2\/posts\/144916","targetHints":{"allow":["GET"]}}],"collection":[{"href":"https:\/\/www.europesays.com\/es\/wp-json\/wp\/v2\/posts"}],"about":[{"href":"https:\/\/www.europesays.com\/es\/wp-json\/wp\/v2\/types\/post"}],"author":[{"embeddable":true,"href":"https:\/\/www.europesays.com\/es\/wp-json\/wp\/v2\/users\/2"}],"replies":[{"embeddable":true,"href":"https:\/\/www.europesays.com\/es\/wp-json\/wp\/v2\/comments?post=144916"}],"version-history":[{"count":0,"href":"https:\/\/www.europesays.com\/es\/wp-json\/wp\/v2\/posts\/144916\/revisions"}],"wp:featuredmedia":[{"embeddable":true,"href":"https:\/\/www.europesays.com\/es\/wp-json\/wp\/v2\/media\/144917"}],"wp:attachment":[{"href":"https:\/\/www.europesays.com\/es\/wp-json\/wp\/v2\/media?parent=144916"}],"wp:term":[{"taxonomy":"category","embeddable":true,"href":"https:\/\/www.europesays.com\/es\/wp-json\/wp\/v2\/categories?post=144916"},{"taxonomy":"post_tag","embeddable":true,"href":"https:\/\/www.europesays.com\/es\/wp-json\/wp\/v2\/tags?post=144916"}],"curies":[{"name":"wp","href":"https:\/\/api.w.org\/{rel}","templated":true}]}}