{"id":14492,"date":"2025-07-30T17:52:08","date_gmt":"2025-07-30T17:52:08","guid":{"rendered":"https:\/\/www.europesays.com\/es\/14492\/"},"modified":"2025-07-30T17:52:08","modified_gmt":"2025-07-30T17:52:08","slug":"como-se-rodo-the-lost-bus-drama-y-adrenalina-en-un-autobus-escolar","status":"publish","type":"post","link":"https:\/\/www.europesays.com\/es\/14492\/","title":{"rendered":"C\u00f3mo se rod\u00f3 \u201cThe Lost Bus\u201d: drama y adrenalina en un autob\u00fas escolar"},"content":{"rendered":"<p>\u201cThe Lost Bus\u201d recrea el incendio m\u00e1s tr\u00e1gico de California con efectos especiales y testimonios reales (YouTube: PATHTV)<\/p>\n<p class=\"paragraph\"><b>The Lost Bus<\/b>, dirigida por <a href=\"https:\/\/www.infobae.com\/tag\/paul-greengrass\/\" target=\"_blank\" rel=\"noreferrer nofollow noopener\" title=\"https:\/\/www.infobae.com\/tag\/paul-greengrass\/\"><b>Paul Greengrass<\/b><\/a> y protagonizada por <a href=\"https:\/\/www.infobae.com\/tag\/matthew-mcconaughey\/\" target=\"_blank\" rel=\"noreferrer nofollow noopener\" title=\"https:\/\/www.infobae.com\/tag\/matthew-mcconaughey\/\"><b>Matthew McConaughey<\/b><\/a>, llega cuando los incendios forestales contin\u00faan azotando California, otorgando al filme una relevancia y una carga emocional particulares. Inspirada en el rescate de 22 ni\u00f1os durante el <b>Camp Fire<\/b> de 2018 en Paradise, California, la pel\u00edcula retrata la resiliencia frente a la adversidad y la esperanza nacida de la tragedia. <\/p>\n<p class=\"paragraph\">De acuerdo con Vanity Fair, el rodaje coincidi\u00f3 con nuevos incendios en Los \u00c1ngeles, profundizando la conexi\u00f3n del equipo con la historia y subrayando su actualidad.<\/p>\n<p class=\"paragraph\">La pel\u00edcula relata la odisea de <b>Kevin McKay<\/b>, conductor de autob\u00fas escolar interpretado por McConaughey, encargado de evacuar a 22 ni\u00f1os mientras el fuego avanza. Junto a \u00e9l, una maestra de primaria, interpretada por <b>America Ferrera<\/b>, es clave en la operaci\u00f3n de rescate. La narraci\u00f3n sumerge al espectador en las horas iniciales del incendio, siguiendo una estructura de cuenta regresiva donde <b>cada decisi\u00f3n determina la vida o la muerte<\/b>.<\/p>\n<p><img alt=\"La pel\u00edcula 'The Lost Bus'\" class=\"global-image\" decoding=\"async\" fetchpriority=\"low\" height=\"1104\" loading=\"lazy\" src=\"https:\/\/www.europesays.com\/es\/wp-content\/uploads\/2025\/07\/6QWV2YW45REMNIONLBPN7MMMJE.jpg\" width=\"1960\"\/>La pel\u00edcula &#8216;The Lost Bus&#8217; narra la odisea real de un conductor y una maestra que evacuaron a 22 ni\u00f1os durante el incendio Camp Fire en California<\/p>\n<p class=\"paragraph\">Greengrass, conocido por la saga de Jason Bourne y Captain Phillips, opta por ubicar la acci\u00f3n dentro de un simple autob\u00fas escolar rodeado por el fuego. \u201c<b>Ese tipo de compresi\u00f3n puede ayudar a tu drama. Puede hacerlo mucho m\u00e1s intenso<\/b>\u201d, afirm\u00f3 Greengrass a Vanity Fair. Esta elecci\u00f3n refuerza la exploraci\u00f3n psicol\u00f3gica de los protagonistas sometidos a m\u00e1xima presi\u00f3n.<\/p>\n<p class=\"paragraph\">La pel\u00edcula explora tanto la lucha f\u00edsica contra el incendio como los remordimientos y dilemas personales de McKay y la maestra, reflejando la reacci\u00f3n tard\u00eda de la sociedad ante el cambio clim\u00e1tico. Greengrass se\u00f1al\u00f3 que estos sentimientos de arrepentimiento evidencian una tendencia recurrente a <b>ignorar las advertencias hasta que es demasiado tarde<\/b>.<\/p>\n<p class=\"paragraph\">El <b>Camp Fire<\/b>, registrado en noviembre de 2018, es el incendio m\u00e1s funesto y destructivo de la historia de California. Durante dos semanas devast\u00f3 m\u00e1s de 150.000 acres (unos 60.700 hect\u00e1reas), caus\u00f3 85 muertes y forz\u00f3 la evacuaci\u00f3n de m\u00e1s de 50.000 residentes. Paradise qued\u00f3 pr\u00e1cticamente arrasada y las im\u00e1genes de la destrucci\u00f3n circularon en todo el mundo.<\/p>\n<p><img alt=\"El incendio Camp Fire de\" class=\"global-image\" decoding=\"async\" fetchpriority=\"low\" height=\"2921\" loading=\"lazy\" src=\"https:\/\/www.europesays.com\/es\/wp-content\/uploads\/2025\/07\/RH2BSUEJ6QQK3E66LRVXFJ6OUQ.jpg\" width=\"4381\"\/>El incendio Camp Fire de 2018 devast\u00f3 m\u00e1s de 150.000 acres en California y caus\u00f3 85 muertes (REUTERS\/Stephen Lam)<\/p>\n<p class=\"paragraph\">La pel\u00edcula refleja tanto la magnitud del desastre como las historias personales de quienes lo vivieron. El guion, coescrito con <b>Brad Ingelsby<\/b>, se fundamenta en hechos reales y testimonios directos, aportando autenticidad a la narraci\u00f3n. Vanity Fair destaca que la cinta evidencia el tama\u00f1o del incendio, y <b>el coraje de rescatistas y comunidad<\/b> ante una cat\u00e1strofe in\u00e9dita.<\/p>\n<p class=\"paragraph\">La idea de la pel\u00edcula surgi\u00f3 de un art\u00edculo publicado en The Washington Post por <b>Lizzie Johnson<\/b>, quien luego incluy\u00f3 la historia en su libro dedicado al Camp Fire. La productora <b>Jamie Lee Curtis<\/b> descubri\u00f3 el relato mientras estaba sola en una caba\u00f1a en Idaho. \u201cRecuerdo decirme en voz alta: \u2018Bueno, esa es la pel\u00edcula\u2019\u201d, relat\u00f3 Curtis a Vanity Fair. Tras o\u00edr a Johnson en la radio, Curtis contact\u00f3 a <b>Jason Blum<\/b> de Blumhouse Productions para adquirir los derechos.<\/p>\n<p class=\"paragraph\">Aunque el libro de Johnson aborda muchas historias y causas del incendio, Curtis y Greengrass decidieron <b>centrar la adaptaci\u00f3n en el episodio del autob\u00fas<\/b>. \u201cSent\u00ed que pod\u00edamos contar la historia a una escala m\u00e1s peque\u00f1a, pero igual de intensa\u201d, explic\u00f3 Curtis. Greengrass coincidi\u00f3 en abordar la tragedia desde el interior, resaltando la intensidad de la experiencia.<\/p>\n<p><img alt=\"Matthew McConaughey y America Ferrera\" class=\"global-image\" decoding=\"async\" fetchpriority=\"low\" height=\"675\" loading=\"lazy\" src=\"https:\/\/www.europesays.com\/es\/wp-content\/uploads\/2025\/07\/G2UKBGD7H5BB7H4AEFJBVBKIBI.jpg\" width=\"1200\"\/>Matthew McConaughey y America Ferrera protagonizan una historia de supervivencia y esperanza basada en hechos reales<\/p>\n<p class=\"paragraph\">Recrear el infierno del Camp Fire supuso un desaf\u00edo log\u00edstico y t\u00e9cnico. El rodaje se desarroll\u00f3 en Nuevo M\u00e9xico, con un campus universitario abandonado en Santa Fe como escenario principal y una combinaci\u00f3n de efectos pr\u00e1cticos y visuales para simular la magnitud del fuego, siempre bajo r\u00edgidas normas de seguridad. \u201c<b>No se permite poner en riesgo el entorno para crear un incendio<\/b>\u201d, explic\u00f3 Greengrass. Por eso, usaron quemas de gas controladas y precisas.<\/p>\n<p class=\"paragraph\">Uno de los mayores retos fue replicar la luz surrealista generada por el humo durante el incendio, un fen\u00f3meno presente \u00fanicamente en la llamada <b>\u201chora m\u00e1gica\u201d<\/b>, cuando el d\u00eda se oscurece repentinamente. Greengrass decidi\u00f3 que McConaughey y Ferrera ensayaran en el d\u00eda y grabaran las escenas claves en un intervalo de 40 minutos. <b>Esta t\u00e9cnica aport\u00f3 urgencia y realismo a las actuaciones<\/b>, logrando que la experiencia se asemejara a una obra teatral \u201cirrepetible\u201d.<\/p>\n<p class=\"paragraph\">Con el fin de asegurar autenticidad, Greengrass sum\u00f3 a bomberos y rescatistas que participaron en la emergencia. <b>John Messina<\/b>, jefe de bomberos de Paradise en 2018, interpreta a un personaje inspirado en s\u00ed mismo. Tanto <b>Kevin McKay<\/b> como <b>Mary Ludwig<\/b>, la maestra que colabor\u00f3 en el rescate, estuvieron presentes en el set y contribuyeron con sus experiencias.<\/p>\n<p><img alt=\"La participaci\u00f3n de los verdaderos\" class=\"global-image\" decoding=\"async\" fetchpriority=\"low\" height=\"1079\" loading=\"lazy\" src=\"https:\/\/www.europesays.com\/es\/wp-content\/uploads\/2025\/07\/4G37B6JWEVFA7MOXVLVAAIDLYI.jpg\" width=\"1920\"\/>La participaci\u00f3n de los verdaderos protagonistas y la familia McConaughey aporta profundidad y emotividad al filme (REUTERS\/Mario Anzuoni)<\/p>\n<p class=\"paragraph\">La familia de McConaughey tambi\u00e9n se involucra: su hijo <b>Levi McConaughey<\/b> debuta interpretando al hijo del protagonista, y <b>Kay McConaughey<\/b>, madre del actor, asume el rol de la madre de McKay en la pantalla.<\/p>\n<p class=\"paragraph\">El lanzamiento de \u201cThe Lost Bus\u201d se da cuando nuevos incendios golpean California, reforzando el mensaje sobre la importancia de la esperanza y la resiliencia. \u201cSiempre quiero que mis pel\u00edculas conduzcan hacia la esperanza. Porque si no, \u00bfcu\u00e1l es el sentido?\u201d, remarc\u00f3 Greengrass en declaraciones recogidas por Vanity Fair. Jamie Lee Curtis destac\u00f3 el valor del proyecto: \u201cCreo que es lo m\u00e1s importante que t\u00fa y yo haremos juntos\u201d, escribi\u00f3 a Jason Blum al proponer adquirir los derechos.<\/p>\n<p class=\"paragraph\">Greengrass reflexion\u00f3 sobre el paralelismo entre la historia y el cambio clim\u00e1tico, sugiriendo que la urgencia y el arrepentimiento son hilos conductores tanto en el argumento como en nuestra realidad. <b>\u201cTodas esas historias se cruzan, pero nunca tienes que decirlo\u201d<\/b>, afirm\u00f3 el director.<\/p>\n<p><img alt=\"Paul Greengrass dirige un filme\" class=\"global-image\" decoding=\"async\" fetchpriority=\"low\" height=\"1080\" loading=\"lazy\" src=\"https:\/\/www.europesays.com\/es\/wp-content\/uploads\/2025\/07\/EPQSV43DCNEXJKCCYEO7TYBXRQ.jpg\" width=\"1920\"\/>Paul Greengrass dirige un filme que narra la experiencia del Camp Fire y la b\u00fasqueda de esperanza tras la tragedia (Erik Aavatsmark\/Netflix)<\/p>\n<p class=\"paragraph\">\u201cThe Lost Bus\u201d tendr\u00e1 su <b>estreno mundial<\/b> en el Festival Internacional de Cine de Toronto (TIFF), antes de llegar a salas selectas de <b>Estados Unidos<\/b> el 19 de septiembre de 2025. Posteriormente, la pel\u00edcula estar\u00e1 disponible en <b>Apple TV+<\/b> desde el 3 de octubre del mismo a\u00f1o, seg\u00fan Vanity Fair. El filme ser\u00e1 parte de la cobertura especial de festivales de oto\u00f1o, junto a los estrenos en Venecia, Telluride y Toronto.<\/p>\n<p class=\"paragraph\">Paul Greengrass subray\u00f3 que el objetivo es transmitir la experiencia vivida durante el Camp Fire y, al mismo tiempo, relatar la historia de <b>personajes que avanzan hacia la esperanza y la redenci\u00f3n<\/b>. <b>The Lost Bus<\/b> se presenta como testimonio cinematogr\u00e1fico del poder humano para afrontar la tragedia y buscar la luz en medio de la oscuridad.<\/p>\n","protected":false},"excerpt":{"rendered":"\u201cThe Lost Bus\u201d recrea el incendio m\u00e1s tr\u00e1gico de California con efectos especiales y testimonios reales (YouTube: PATHTV)&hellip;\n","protected":false},"author":2,"featured_media":14493,"comment_status":"","ping_status":"","sticky":false,"template":"","format":"standard","meta":{"footnotes":""},"categories":[169],"tags":[177,146,147,756,25,24,176,175,23,1559],"class_list":{"0":"post-14492","1":"post","2":"type-post","3":"status-publish","4":"format-standard","5":"has-post-thumbnail","7":"category-cine","8":"tag-cine","9":"tag-entertainment","10":"tag-entretenimiento","11":"tag-environment","12":"tag-es","13":"tag-espana","14":"tag-film","15":"tag-movies","16":"tag-spain","17":"tag-us"},"share_on_mastodon":{"url":"","error":""},"_links":{"self":[{"href":"https:\/\/www.europesays.com\/es\/wp-json\/wp\/v2\/posts\/14492","targetHints":{"allow":["GET"]}}],"collection":[{"href":"https:\/\/www.europesays.com\/es\/wp-json\/wp\/v2\/posts"}],"about":[{"href":"https:\/\/www.europesays.com\/es\/wp-json\/wp\/v2\/types\/post"}],"author":[{"embeddable":true,"href":"https:\/\/www.europesays.com\/es\/wp-json\/wp\/v2\/users\/2"}],"replies":[{"embeddable":true,"href":"https:\/\/www.europesays.com\/es\/wp-json\/wp\/v2\/comments?post=14492"}],"version-history":[{"count":0,"href":"https:\/\/www.europesays.com\/es\/wp-json\/wp\/v2\/posts\/14492\/revisions"}],"wp:featuredmedia":[{"embeddable":true,"href":"https:\/\/www.europesays.com\/es\/wp-json\/wp\/v2\/media\/14493"}],"wp:attachment":[{"href":"https:\/\/www.europesays.com\/es\/wp-json\/wp\/v2\/media?parent=14492"}],"wp:term":[{"taxonomy":"category","embeddable":true,"href":"https:\/\/www.europesays.com\/es\/wp-json\/wp\/v2\/categories?post=14492"},{"taxonomy":"post_tag","embeddable":true,"href":"https:\/\/www.europesays.com\/es\/wp-json\/wp\/v2\/tags?post=14492"}],"curies":[{"name":"wp","href":"https:\/\/api.w.org\/{rel}","templated":true}]}}