{"id":144928,"date":"2025-09-28T19:56:08","date_gmt":"2025-09-28T19:56:08","guid":{"rendered":"https:\/\/www.europesays.com\/es\/144928\/"},"modified":"2025-09-28T19:56:08","modified_gmt":"2025-09-28T19:56:08","slug":"gomez-del-pilar-roza-la-puerta-grande-con-un-gran-excitado-en-el-cierre-del-torismo-venteno","status":"publish","type":"post","link":"https:\/\/www.europesays.com\/es\/144928\/","title":{"rendered":"G\u00f3mez del Pilar roza la puerta grande con un gran Excitado en el cierre del torismo vente\u00f1o"},"content":{"rendered":"<p style=\"\">La tarde parec\u00eda hecha para Rub\u00e9n Sanz: toros escogidos, medio Soria -que le hizo saludar de forma absurda tras el pase\u00edllo-, y un p\u00fablico m\u00e1s que predispuesto con ganas de ver al <a href=\"https:\/\/www.abc.es\/cultura\/toros\/gines-golpe-atencion-importante-verano-20250919210041-nt.html\" target=\"_self\" data-voc-vtm-id=\"in-text-traffic\" title=\"torero\" data-mrf-link=\"www.abc.es\" rel=\"nofollow noopener\">torero<\/a> del que tanto hablan por X. Pero llegas a <a href=\"https:\/\/www.abc.es\/cultura\/toros\/serafin-marin-tras-cornada-ventas-llega-dia-20250922151546-nt.html\" target=\"_self\" data-voc-vtm-id=\"in-text-traffic\" title=\"Las Ventas\" data-mrf-link=\"www.abc.es\" rel=\"nofollow noopener\">Las Ventas<\/a> &#8230; , y es m\u00e1s dif\u00edcil que lo que se dice por redes\u2026 Abri\u00f3 la tarde un toro de Concha y Sierra, muy protestado los primeros tercios por su evidente mansedumbre, am\u00e9n de poca fuerza. No hizo nada fuera de eso para ser cambiado, pero lo cierto es que era deslucid\u00edsimo. Pegaba un ga\u00f1af\u00f3n tras cada muletazo, no dec\u00eda nada, porque adem\u00e1s era noblote, y poca historia hubo. Confirm\u00f3 con \u00e9l Sanz, y brind\u00f3 a su apoderado, Rafi Camino hijo. Poco m\u00e1s. Tampoco mejor\u00f3 su suerte con el zorr\u00f3n de Murteira.<\/p>\n<p class=\"voc-p\" style=\"\">El que s\u00ed tuvo a la diosa fortuna de su lado con el lote fue <a href=\"https:\/\/www.abc.es\/cultura\/toros\/gomez-pilar-valor-querer-triunfo-20250603222416-nt.html\" target=\"_self\" data-voc-vtm-id=\"in-text-traffic\" title=\"G\u00f3mez\" data-mrf-link=\"www.abc.es\" rel=\"nofollow noopener\">G\u00f3mez<\/a> del Pilar, tanto con el segundo de la tarde -premiado como mejor toro de la concurso- como con el de Rehuelga, que le dio un volteret\u00f3n. Chatito, como pintado por Disney era el de Partido de Resina. Una preciosidad. Si fuera un concurso de bellezas, lo habr\u00eda ganado de largo tambi\u00e9n. Sali\u00f3 justito de fuerza y haciendo algo raro con la mano derecha. Pero se fue viniendo arriba arriba durante la lidia -tom\u00f3 bien las dos varas, aunque siempre yendo al relance porque no se estaba quieto-, y en la muleta lo quer\u00eda todo por abajo. Met\u00eda bien la cara al inicio del muletazo, ten\u00eda galope, por lo que al principio lo citaba de lejos G\u00f3mez del Pilar, embest\u00eda con temple, con fijeza, con calidad\u2026 <\/p>\n<p class=\"voc-p\" style=\"\">Ten\u00eda muchas virtudes, si bien ninguna de matr\u00edcula de honor,  ten\u00eda un notable alto en la mayor\u00eda, aunque le costara llegar con la misma profundidad al final del muletazo. Estuvo bien el toledano, que fue generoso y mostr\u00f3 las cualidades de Excitado, pero falt\u00f3 algo de orden a la faena. Y qu\u00e9 belleza de muerte tuvo el animal, de bravo. No permiti\u00f3 el torero que nadie lo tocara, y, se trag\u00f3 la muerte hasta caer patas arriba, poniendo al p\u00fablico en pie. \u00a1Qu\u00e9 bonita es la muerte de un toro bravo! Hubo petici\u00f3n mayoritaria, no atendida por el palco, por lo que dio No\u00e9 una vuelta al ruedo m\u00e1s que merecida, pero que supo a poco.<\/p>\n<p class=\"voc-p\" style=\"\">Tres veces puso G\u00f3mez del Pilar al sexto, un bonito toro de Rehuelga que sal\u00eda algo desentendido. Comenz\u00f3 el toledano por bajo, en un buen inicio, y no lo hizo mal Medianero. Embest\u00eda templadito, pero a veces se paraba en medio del muletazo a tomarse su tiempo. Aunque era noble, y que  ten\u00eda ese defecto por falta de fuelle, en una de esas paradas, mientras le presentaba bien la muleta el espada, el toro fue por \u00e9l, prendi\u00e9ndole de fea manera por la pierna derecha. Lo lanz\u00f3 muy alto, y en el suelo hizo presa\u2026 Pero Dios est\u00e1 ah\u00ed, y se libr\u00f3 de milagro el torero, que volvi\u00f3 a la cara del toro como si nada, para terminar su tanda de naturales por abajo, llevando la embestida del animal, que continu\u00f3 con bondad sin desarrollar sentido. Aunque no dej\u00f3 su man\u00eda de pararse cuando lo consideraba,  iba al cite siempre. Bueno fue el final por bajo, previo a una estocada casi entera, que, ahora s\u00ed, le puso un trofeo en sus manos. <\/p>\n<p class=\"voc-p\" style=\"\">La primera vara que se llev\u00f3 el de Palha, segundo de la tarde, fue criminal, porque estuvo much\u00edsimo en el peto, rompi\u00e9ndose una barbaridad, pero m\u00e1s se romp\u00eda el picador, en vez de levantar la vara. Los \u00e1nimos estaban algo tensos. Y no mejoraron cuando el animal fue con un bonito galope a la segunda vara, cayendo trasera tras marrar y hacerle un ojal horroroso, adem\u00e1s de ser tambi\u00e9n exageradamente largo este castigo tambi\u00e9n. Cierto es que el toro se encelaba en el peto y costaba sacarlo, pero hab\u00eda que levantar la puya media hora antes en ambos casos. La pitada que se llev\u00f3 Carlos Prieto cuando iba por el callej\u00f3n debi\u00f3 o\u00edrse en hasta en Sevilla, donde Javier Zulueta se doctoraba en esos momentos. <\/p>\n<p class=\"voc-p\" style=\"\">El toro, pese a la paliza, segu\u00eda haciendo las cosas bien en el segundo tercio. Despu\u00e9s de tanta historia, lo que hab\u00eda que hacer era &#8216;pronto y en la mano&#8217;, porque poco ten\u00eda pinta de durar el animal. Y as\u00ed fue. En la segunda tanda, ya estaba parado este Saltillo -que embest\u00eda como uno mexicano-, que ya hab\u00eda dado lo que ten\u00eda que dar, y m\u00e1s. Pero hasta para morir fue duro el animal, que no se entreg\u00f3 hasta caer patas arriba. <\/p>\n<p class=\"voc-p\" style=\"\">Cuando el cielo estaba muy c\u00e1rdeno sali\u00f3 el de Escolar, a tenor. Remol\u00f3n estuvo en varas, buscando excusas para no embestir al peto, y sal\u00eda suelto cada vez que pod\u00eda. Entre que la gente segu\u00eda enfadada con Herrero por el tercer (no) puyazo de antes, que empez\u00f3 a llover, y el toro no val\u00eda nada, fuera de cierta mala idea sin un peligro mayor, poca historia tuvo el quinto.<\/p>\n<p class=\"voc-p\" style=\"\">Y, tras la casi puerta grande de G\u00f3mez del Pilar, que pas\u00f3 a la enfermer\u00eda tras pasear la oreja, se fue vaciando la plaza, que toda la fr\u00eda tarde hab\u00eda ido siguiendo lo que pasaba en La Maestranza, a la espera de la Feria de Oto\u00f1o, que cerrar\u00e1 Morante con ese lleno hist\u00f3rico. Hay ganas de ver al Genio, porque \u00ab\u00bfc\u00f3mo le ha sido en Sevilla?\u00bb, era la frase m\u00e1s repetida en los tendidos, que se desped\u00edan ya hasta el jueves, tras este interesante punto final al septiembre torista.<\/p>\n<ul class=\"voc-list\">\n<li class=\"voc-list__item\">\n<strong>Plaza de toros Monumental de Las Ventas (Madrid).<\/strong><br \/>\nDomingo, 28 de septiembre de 2025. Entrada: 9.163 espectadores. Corrida concurso de ganader\u00edas: Concha y Sierra (1\u00ba), Palha (2\u00ba), Partido de Resina (3\u00ba), Murteira Grave (4\u00ba), Jos\u00e9 Escolar (5\u00ba) y Rehuelga (6\u00ba).\n<\/li>\n<li class=\"voc-list__item\">\n<strong>Rub\u00e9n Sanz,<\/strong><br \/>\nde blanco y oro. Dos pinchazos (silencio). Pinchazo, pinchazo hondo ca\u00eddo y descabello (silencio).\n<\/li>\n<li class=\"voc-list__item\">\n<strong>Javier Herrero,<\/strong><br \/>\nde blanco y oro. Estocada (silencio). Pinchazo y estocada (silencio).\n<\/li>\n<li class=\"voc-list__item\">\n<strong>G\u00f3mez del Pilar,<\/strong><br \/>\nde verde y oro. Estocada (vuelta tras petici\u00f3n). Estocada casi entera (oreja).\n<\/li>\n<\/ul>\n","protected":false},"excerpt":{"rendered":"La tarde parec\u00eda hecha para Rub\u00e9n Sanz: toros escogidos, medio Soria -que le hizo saludar de forma absurda&hellip;\n","protected":false},"author":2,"featured_media":144929,"comment_status":"","ping_status":"","sticky":false,"template":"","format":"standard","meta":{"footnotes":""},"categories":[91],"tags":[1565,146,147,25,24,44660,4190,3956,699,8669,740,16861,23,44661,44662],"class_list":{"0":"post-144928","1":"post","2":"type-post","3":"status-publish","4":"format-standard","5":"has-post-thumbnail","7":"category-entretenimiento","8":"tag-cierre","9":"tag-entertainment","10":"tag-entretenimiento","11":"tag-es","12":"tag-espana","13":"tag-excitado","14":"tag-gomez","15":"tag-gran","16":"tag-grande","17":"tag-pilar","18":"tag-puerta","19":"tag-roza","20":"tag-spain","21":"tag-torismo","22":"tag-venteno"},"share_on_mastodon":{"url":"","error":""},"_links":{"self":[{"href":"https:\/\/www.europesays.com\/es\/wp-json\/wp\/v2\/posts\/144928","targetHints":{"allow":["GET"]}}],"collection":[{"href":"https:\/\/www.europesays.com\/es\/wp-json\/wp\/v2\/posts"}],"about":[{"href":"https:\/\/www.europesays.com\/es\/wp-json\/wp\/v2\/types\/post"}],"author":[{"embeddable":true,"href":"https:\/\/www.europesays.com\/es\/wp-json\/wp\/v2\/users\/2"}],"replies":[{"embeddable":true,"href":"https:\/\/www.europesays.com\/es\/wp-json\/wp\/v2\/comments?post=144928"}],"version-history":[{"count":0,"href":"https:\/\/www.europesays.com\/es\/wp-json\/wp\/v2\/posts\/144928\/revisions"}],"wp:featuredmedia":[{"embeddable":true,"href":"https:\/\/www.europesays.com\/es\/wp-json\/wp\/v2\/media\/144929"}],"wp:attachment":[{"href":"https:\/\/www.europesays.com\/es\/wp-json\/wp\/v2\/media?parent=144928"}],"wp:term":[{"taxonomy":"category","embeddable":true,"href":"https:\/\/www.europesays.com\/es\/wp-json\/wp\/v2\/categories?post=144928"},{"taxonomy":"post_tag","embeddable":true,"href":"https:\/\/www.europesays.com\/es\/wp-json\/wp\/v2\/tags?post=144928"}],"curies":[{"name":"wp","href":"https:\/\/api.w.org\/{rel}","templated":true}]}}