{"id":144934,"date":"2025-09-28T19:59:09","date_gmt":"2025-09-28T19:59:09","guid":{"rendered":"https:\/\/www.europesays.com\/es\/144934\/"},"modified":"2025-09-28T19:59:09","modified_gmt":"2025-09-28T19:59:09","slug":"voto-en-contra-de-que-fuese-estado-observador-de-la-onu","status":"publish","type":"post","link":"https:\/\/www.europesays.com\/es\/144934\/","title":{"rendered":"vot\u00f3 en contra de que fuese Estado observador de la ONU"},"content":{"rendered":"<p class=\"c-paragraph\">Tras los ataques del 7 de octubre de 2023 de las milicias de Ham\u00e1s contra la poblaci\u00f3n israel\u00ed\u00a0\u2014que dejaron\u00a01.200 muertos\u2014 el Gobierno de Israel ha ido intensificando sus ofensivas. La Organizaci\u00f3n de las Naciones Unidas (ONU)\u00a0<a href=\"https:\/\/www.20minutos.es\/internacional\/una-comision-onu-concluye-que-israel-ha-cometido-genocidio-gaza_6326709_0.html\" title=\"Una comisi\u00f3n de la ONU concluye que Israel ha cometido \" rel=\"nofollow noopener\" target=\"_blank\">ha calificado como \u00abgenocidio\u00bb los ataques israel\u00edes<\/a>, que ya han dejado\u00a0m\u00e1s de<a href=\"https:\/\/www.20minutos.es\/internacional\/una-comision-onu-concluye-que-israel-ha-cometido-genocidio-gaza_6326709_0.html\" title=\"Una comisi\u00f3n de la ONU concluye que Israel ha cometido \" rel=\"nofollow noopener\" target=\"_blank\">\u00a065.200 palestinos muertos<\/a>, de los cuales m\u00e1s de 19.000 eran ni\u00f1os. En este contexto,\u00a0<b><b>son muchos los pa\u00edses que han reconocido de forma oficial el Estado de Palestina<\/b><\/b>, aunque en Latinoam\u00e9rica existe solamente un pa\u00eds que no lo ha hecho.<\/p>\n<p><b>\u00bfQu\u00e9 pa\u00eds de Latinoam\u00e9rica no reconoce a Palestina?<\/b><\/p>\n<p class=\"c-paragraph\">El reconocimiento de un territorio como pa\u00eds es algo relativo, ya que en muchas ocasiones existen entidades que s<a href=\"https:\/\/www.20minutos.es\/internacional\/territorios-no-reconocidos-como-paises_6370099_0.html\" title=\"Los otros territorios del mundo que como Palestina no est\u00e1n reconocidos como pa\u00edses por la comunidad internacional\" rel=\"nofollow noopener\" target=\"_blank\">e declaran independientes, pero que solo son reconocidos formalmente<\/a>\u00a0por algunos Estados, como pasa con el\u00a0S\u00e1hara Occidental, considerado como tal por\u00a040 pa\u00edses. En el caso de\u00a0<b><b>Palestina,\u00a0ha sido reconocido por 139 pa\u00edses<\/b><\/b>\u00a0de los casi 200 que conforman la ONU.<\/p>\n<p class=\"c-paragraph\">Este \u00faltimo mes, pa\u00edses como Reino Unido, Francia, Canad\u00e1, Australia y Portugal han reconocido a Palestina, hecho que ha sido tomado por Israel como<a href=\"https:\/\/www.20minutos.es\/internacional\/israel-avisa-paises-reconocido-estado-palestino-eso-no-sucedera_6369916_0.html\" title=\"Israel avisa a los pa\u00edses que han reconocido el Estado palestino: \" rel=\"nofollow noopener\" target=\"_blank\">\u00a0\u00abuna recompensa para el Ham\u00e1s yihadista\u00bb<\/a>.\u00a0<b><b>En Latinoam\u00e9rica, los primeros en dar este paso fueron\u00a0Cuba y Nicaragua<\/b><\/b>\u00a0y actualmente solo existe una naci\u00f3n que no reconoce el Estado palestino.<\/p>\n<p class=\"c-paragraph\">Se trata de\u00a0<b><b>Panam\u00e1<\/b><\/b>, que se mantiene como excepci\u00f3n en este reconocimiento. Este pa\u00eds de Am\u00e9rica Central fue uno de los primeros del continente en reconocer la independencia de Israel en el a\u00f1o 1948 y apoyar su ingreso en la ONU en 1949. Adem\u00e1s,<a href=\"https:\/\/news.un.org\/es\/story\/2012\/11\/1258601\" rel=\"noreferrer nofollow noopener\" title=\"ONU\" target=\"_blank\">\u00a0<b><b>en 2012 vot\u00f3 en contra de su ingreso como\u00a0Estado observador no miembro de las Naciones Unidas<\/b><\/b><\/a><b><b>.<\/b><\/b><\/p>\n<p class=\"c-paragraph\">Aunque Panam\u00e1 es el \u00fanico de Latinoam\u00e9rica que no reconoce el Estado palestino, existen m\u00e1s pa\u00edses que no lo han hecho de manera oficial. Entre ellos se encuentra\u00a0<b><b>Estados Unidos, que es el \u00fanico\u00a0miembro permanente del Consejo de Seguridad que no respalda el reconocimiento.<\/b><\/b><\/p>\n","protected":false},"excerpt":{"rendered":"Tras los ataques del 7 de octubre de 2023 de las milicias de Ham\u00e1s contra la poblaci\u00f3n israel\u00ed\u00a0\u2014que&hellip;\n","protected":false},"author":2,"featured_media":144935,"comment_status":"","ping_status":"","sticky":false,"template":"","format":"standard","meta":{"footnotes":""},"categories":[42],"tags":[17,18,13,14,11,61,62,63,64,19,20,1804,9,689,10,15,16,698,2074,3215,12,21,22,1900,65,66,67],"class_list":{"0":"post-144934","1":"post","2":"type-post","3":"status-publish","4":"format-standard","5":"has-post-thumbnail","7":"category-internacional","8":"tag-breaking-news","9":"tag-breakingnews","10":"tag-featured-news","11":"tag-featurednews","12":"tag-headlines","13":"tag-internacional","14":"tag-international","15":"tag-international-news","16":"tag-internationalnews","17":"tag-latest-news","18":"tag-latestnews","19":"tag-latinoamerica","20":"tag-news","21":"tag-no","22":"tag-noticias","23":"tag-noticias-destacadas","24":"tag-noticiasdestacadas","25":"tag-pais","26":"tag-que","27":"tag-seo20","28":"tag-titulares","29":"tag-ultimas-noticias","30":"tag-ultimasnoticias","31":"tag-unico","32":"tag-world","33":"tag-world-news","34":"tag-worldnews"},"share_on_mastodon":{"url":"","error":""},"_links":{"self":[{"href":"https:\/\/www.europesays.com\/es\/wp-json\/wp\/v2\/posts\/144934","targetHints":{"allow":["GET"]}}],"collection":[{"href":"https:\/\/www.europesays.com\/es\/wp-json\/wp\/v2\/posts"}],"about":[{"href":"https:\/\/www.europesays.com\/es\/wp-json\/wp\/v2\/types\/post"}],"author":[{"embeddable":true,"href":"https:\/\/www.europesays.com\/es\/wp-json\/wp\/v2\/users\/2"}],"replies":[{"embeddable":true,"href":"https:\/\/www.europesays.com\/es\/wp-json\/wp\/v2\/comments?post=144934"}],"version-history":[{"count":0,"href":"https:\/\/www.europesays.com\/es\/wp-json\/wp\/v2\/posts\/144934\/revisions"}],"wp:featuredmedia":[{"embeddable":true,"href":"https:\/\/www.europesays.com\/es\/wp-json\/wp\/v2\/media\/144935"}],"wp:attachment":[{"href":"https:\/\/www.europesays.com\/es\/wp-json\/wp\/v2\/media?parent=144934"}],"wp:term":[{"taxonomy":"category","embeddable":true,"href":"https:\/\/www.europesays.com\/es\/wp-json\/wp\/v2\/categories?post=144934"},{"taxonomy":"post_tag","embeddable":true,"href":"https:\/\/www.europesays.com\/es\/wp-json\/wp\/v2\/tags?post=144934"}],"curies":[{"name":"wp","href":"https:\/\/api.w.org\/{rel}","templated":true}]}}