{"id":144936,"date":"2025-09-28T20:00:22","date_gmt":"2025-09-28T20:00:22","guid":{"rendered":"https:\/\/www.europesays.com\/es\/144936\/"},"modified":"2025-09-28T20:00:22","modified_gmt":"2025-09-28T20:00:22","slug":"lluvia-torrencial-granizo-y-carreteras-cortadas","status":"publish","type":"post","link":"https:\/\/www.europesays.com\/es\/144936\/","title":{"rendered":"lluvia torrencial, granizo y carreteras cortadas"},"content":{"rendered":"<p>                                    <img decoding=\"async\" loading=\"lazy\" src=\"https:\/\/www.europesays.com\/es\/wp-content\/uploads\/2025\/09\/68519e11cf487.jpeg\" alt=\"Celia Alonso\" width=\"40\" height=\"40\" data-full-src=\"https:\/\/www.europesays.com\/es\/wp-content\/uploads\/2025\/09\/68519e11cf487.jpeg\"\/><\/p>\n<p class=\"paragraph\">La<b> provincia de Tarragona<\/b> se encuentra ya bajo los efectos del <b>temporal <\/b>que afecta al sur de Catalunya, con <b>lluvias torrenciales, granizo y rachas de viento <\/b>que complican la movilidad y aumentan el riesgo de inundaciones.\u00a0<\/p>\n<blockquote class=\"twitter-tweet\">\n<p lang=\"ca\" dir=\"ltr\">El <a href=\"https:\/\/twitter.com\/meteocat?ref_src=twsrc%5Etfw\" rel=\"nofollow noopener\" target=\"_blank\">@meteocat<\/a> ha em\u00e8s un av\u00eds de temps violent \ud83c\udf2c\u26a1\ufe0f\u26c8\ufe0f<\/p>\n<p>Durant les properes 2 hores es pot produir pedra, ratxes fortes de vent, esclafits i\/o tornades o m\u00e0negues al Montsi\u00e0 i Baix Ebre<\/p>\n<p>PRUD\u00c8NCIA \u203c\ufe0f <a href=\"https:\/\/twitter.com\/hashtag\/INUNCAT?src=hash&amp;ref_src=twsrc%5Etfw\" rel=\"nofollow noopener\" target=\"_blank\">#INUNCAT<\/a> <a href=\"https:\/\/t.co\/l0IRj5vhuo\" rel=\"nofollow\">https:\/\/t.co\/l0IRj5vhuo<\/a><\/p>\n<p>\u2014 Protecci\u00f3 civil (@emergenciescat) <a href=\"https:\/\/twitter.com\/emergenciescat\/status\/1972313825119801396?ref_src=twsrc%5Etfw\" rel=\"nofollow noopener\" target=\"_blank\">September 28, 2025<\/a><\/p><\/blockquote>\n<p class=\"paragraph\">El <b>Servei Meteorol\u00f2gic de Catalunya<\/b> (Meteocat) mantiene activo un <b>aviso por tiempo violento<\/b>, con nivel m\u00e1ximo de peligro (6\/6), que incluye la posibilidad de <b>granizo de m\u00e1s de 2 cm<\/b>, rachas de viento superiores a 90 km\/h y <b>fen\u00f3menos torn\u00e1dicos<\/b> entre las 16:44 y las 18:44 horas.<\/p>\n<blockquote class=\"twitter-tweet\" data-media-max-width=\"560\">\n<p lang=\"es\" dir=\"ltr\">\u26c8\ufe0f Tormenta de gran intensidad afectando en este momento al norte de la Comunitat Valenciana. En el v\u00eddeo, la AP7 entre Vinar\u00f2s (C) y Amposta (CAT, con moderada afecci\u00f3n al tr\u00e1fico de veh\u00edculos \ud83d\udee3\ufe0f <a href=\"https:\/\/t.co\/ZWh09VD6mT\" rel=\"nofollow\">pic.twitter.com\/ZWh09VD6mT<\/a><\/p>\n<p>\u2014 VOST Comunitat Valenciana (@VOSTcvalenciana) <a href=\"https:\/\/twitter.com\/VOSTcvalenciana\/status\/1972313699705909618?ref_src=twsrc%5Etfw\" rel=\"nofollow noopener\" target=\"_blank\">September 28, 2025<\/a><\/p><\/blockquote>\n<p class=\"paragraph\">Desde primeras horas de la tarde, ya se han acumulado <b>53,1 litros por metro cuadrado en el Parc Natural dels Ports<\/b>, y la <b>visibilidad en la AP-7 <\/b>entre Amposta y Ulldecona est\u00e1 reducida por la intensidad de la lluvia.\u00a0<\/p>\n<p class=\"paragraph\"><b>La N-340 ha tenido que ser cortada entre La R\u00e0pita y Amposta<\/b> en ambos sentidos por la gran acumulaci\u00f3n de agua. Las autoridades recomiendan extremar la prudencia y adaptar la velocidad a las condiciones de la v\u00eda.<\/p>\n<blockquote class=\"twitter-tweet\">\n<p lang=\"ca\" dir=\"ltr\">\ud83d\udd34\ud83c\udf27 Aturades de l&#8217;AP-7 a Freginals en els dos sentits de la marxa, sobretot en sentit nord<a href=\"https:\/\/twitter.com\/hashtag\/SCT?src=hash&amp;ref_src=twsrc%5Etfw\" rel=\"nofollow noopener\" target=\"_blank\">#SCT<\/a> <a href=\"https:\/\/t.co\/l3JMluUmxM\" rel=\"nofollow\">pic.twitter.com\/l3JMluUmxM<\/a><\/p>\n<p>\u2014 Tr\u00e0nsit (@transit) <a href=\"https:\/\/twitter.com\/transit\/status\/1972315006068011487?ref_src=twsrc%5Etfw\" rel=\"nofollow noopener\" target=\"_blank\">September 28, 2025<\/a><\/p><\/blockquote>\n<p class=\"paragraph\">La situaci\u00f3n es especialmente grave en las comarcas del <b>Baix Ebre y Montsi\u00e0<\/b>, donde la alerta roja por lluvias intensas prev\u00e9 hasta <b>40 litros por metro cuadrado<\/b> en menos de media hora.<\/p>\n<p class=\"paragraph\">Ante la emergencia, <b>Protecci\u00f3 Civil ha activado el plan INUNCAT<\/b>, alertando de que se podr\u00edan acumular hasta 100 litros por metro cuadrado en 24 horas, y recomienda extremar la precauci\u00f3n en la movilidad, evitar zonas inundables y no cruzar caminos anegados ni vados.<\/p>\n<p class=\"paragraph\">La cuenca del Ebro y los cauces menores de la provincia est\u00e1n siendo vigilados de cerca por la Ag\u00e8ncia Catalana de l\u2019Aigua, la <b>Confederaci\u00f3n Hidrogr\u00e1fica del Ebro <\/b>y los Agents Rurals de Catalunya, ante el riesgo de <b>crecidas s\u00fabitas<\/b>, avenidas repentinas y desbordamientos de barrancos.<\/p>\n<p>            <a href=\"#\" title=\"\"><\/p>\n<p>                    <img loading=\"lazy\" decoding=\"async\" data-index=\"\" width=\"140\" height=\"140\" alt=\"Los Agents Rurals se encuentran controlando varias zonas donde se pueden producir inundaciones\" data-full=\"[object Object]\" data-original=\"[object Object]\" src=\"https:\/\/imagenes.diaridetarragona.com\/files\/related_image\/uploads\/2025\/09\/28\/68d9463eb9bcb.jpeg\" data-full-src=\"https:\/\/www.europesays.com\/es\/wp-content\/uploads\/2025\/09\/68d9463eb9bcb.jpeg\"\/><\/p>\n<p>            <\/a><\/p>\n<p class=\"paragraph\">Protecci\u00f3 Civil insiste en seguir la informaci\u00f3n oficial en Meteocat, AEMET y los canales de emergencia, y evitar actividades al aire libre o desplazamientos innecesarios mientras dure el episodio. El temporal continuar\u00e1 afectando a Tarragona durante la tarde y la <b>madrugada del lunes<\/b>, con especial intensidad en el litoral y las zonas cercanas a cauces.<\/p>\n<p class=\"paragraph\"><b>Protecci\u00f3 Civil <\/b>prev\u00e9 que el m\u00e1ximo de intensidad de lluvia en las Terres de l\u2019Ebre se registre <b>durante la noche<\/b> y, por el momento, descarta <b>suspender las clases<\/b> el lunes. As\u00ed lo ha indicado Rosa Mata, jefa de guardia del Centre de Coordinaci\u00f3 Operativa de Catalunya (CECAT), en una atenci\u00f3n a medios.<\/p>\n<p><script async src=\"https:\/\/platform.twitter.com\/widgets.js\" charset=\"utf-8\"><\/script><\/p>\n","protected":false},"excerpt":{"rendered":"La provincia de Tarragona se encuentra ya bajo los efectos del temporal que afecta al sur de Catalunya,&hellip;\n","protected":false},"author":2,"featured_media":144937,"comment_status":"","ping_status":"","sticky":false,"template":"","format":"standard","meta":{"footnotes":""},"categories":[8],"tags":[17,18,25,24,13,14,11,19,20,9,10,15,16,23,12,21,22],"class_list":{"0":"post-144936","1":"post","2":"type-post","3":"status-publish","4":"format-standard","5":"has-post-thumbnail","7":"category-espana","8":"tag-breaking-news","9":"tag-breakingnews","10":"tag-es","11":"tag-espana","12":"tag-featured-news","13":"tag-featurednews","14":"tag-headlines","15":"tag-latest-news","16":"tag-latestnews","17":"tag-news","18":"tag-noticias","19":"tag-noticias-destacadas","20":"tag-noticiasdestacadas","21":"tag-spain","22":"tag-titulares","23":"tag-ultimas-noticias","24":"tag-ultimasnoticias"},"share_on_mastodon":{"url":"","error":""},"_links":{"self":[{"href":"https:\/\/www.europesays.com\/es\/wp-json\/wp\/v2\/posts\/144936","targetHints":{"allow":["GET"]}}],"collection":[{"href":"https:\/\/www.europesays.com\/es\/wp-json\/wp\/v2\/posts"}],"about":[{"href":"https:\/\/www.europesays.com\/es\/wp-json\/wp\/v2\/types\/post"}],"author":[{"embeddable":true,"href":"https:\/\/www.europesays.com\/es\/wp-json\/wp\/v2\/users\/2"}],"replies":[{"embeddable":true,"href":"https:\/\/www.europesays.com\/es\/wp-json\/wp\/v2\/comments?post=144936"}],"version-history":[{"count":0,"href":"https:\/\/www.europesays.com\/es\/wp-json\/wp\/v2\/posts\/144936\/revisions"}],"wp:featuredmedia":[{"embeddable":true,"href":"https:\/\/www.europesays.com\/es\/wp-json\/wp\/v2\/media\/144937"}],"wp:attachment":[{"href":"https:\/\/www.europesays.com\/es\/wp-json\/wp\/v2\/media?parent=144936"}],"wp:term":[{"taxonomy":"category","embeddable":true,"href":"https:\/\/www.europesays.com\/es\/wp-json\/wp\/v2\/categories?post=144936"},{"taxonomy":"post_tag","embeddable":true,"href":"https:\/\/www.europesays.com\/es\/wp-json\/wp\/v2\/tags?post=144936"}],"curies":[{"name":"wp","href":"https:\/\/api.w.org\/{rel}","templated":true}]}}