{"id":144946,"date":"2025-09-28T20:07:17","date_gmt":"2025-09-28T20:07:17","guid":{"rendered":"https:\/\/www.europesays.com\/es\/144946\/"},"modified":"2025-09-28T20:07:17","modified_gmt":"2025-09-28T20:07:17","slug":"el-uae-el-equipo-de-ayuso-borra-una-polemica-foto-del-mundial-de-ciclismo-que-dejaba-en-mal-lugar-al-espanol","status":"publish","type":"post","link":"https:\/\/www.europesays.com\/es\/144946\/","title":{"rendered":"El UAE, el equipo de Ayuso, borra una pol\u00e9mica foto del Mundial de Ciclismo que dejaba en mal lugar al espa\u00f1ol"},"content":{"rendered":"<p class=\"c-paragraph\"><b>Juan Ayuso no pudo cumplir su objetivo<\/b> en el <b><a href=\"https:\/\/www.20minutos.es\/tags\/deportes\/ciclismo.html\" title=\"Ciclismo\" rel=\"nofollow noopener\" target=\"_blank\">Campeonato Mundial de Ciclismo en Ruta 2025<\/a><\/b>. El espa\u00f1ol, a\u00fan miembro del UAE Team Emirates, no pudo aguantar el ritmo de sus compa\u00f1eros <b><a href=\"https:\/\/www.20minutos.es\/tags\/deportes\/tadej-pogacar.html\" title=\"Tadej Pogacar\" rel=\"nofollow noopener\" target=\"_blank\">Tadej Pogacar<\/a><\/b> e Isaac del Toro, y al celebrar la gran actuaci\u00f3n del esloveno,<b> la escuadra emirat\u00ed public\u00f3 una imagen pol\u00e9mica del momento en el que el ciclista espa\u00f1ol quedaba descolgado<\/b>.\u00a0<\/p>\n<p class=\"c-paragraph\"><b><b>El corredor barcelon\u00e9s<\/b><\/b>\u00a0<b><b>es el protagonista de una ruptura particularmente desagradable con el UAE Team Emirates \u2013 XRG<\/b><\/b>, equipo en el que militaba desde 2021. El cruce de declaraciones, en las que se acusa al ciclista de no trabajar por el bien com\u00fan del bloque y al club de ser una \u00abdictadura\u00bb, ha durado varios a\u00f1os, y ha precipitado su salida, al final de la presente temporada al Lidl-Trek.<\/p>\n<p class=\"c-paragraph\">Durante el Campeonato Mundial de Ciclismo en Ruta 2025, Tadej Pogacar atac\u00f3 a casi 105 kil\u00f3metros de la meta, y tan solo Isaac del Toro y Juan Ayuso, ambos sus compa\u00f1eros en el UAE, pudieron seguirle el ritmo en una escapada muy simular a la que tambi\u00e9n convirti\u00f3 al esloveno en campe\u00f3n mundial el a\u00f1o pasado.\u00a0<\/p>\n<p class=\"c-paragraph\">La escuadra emirat\u00ed, celebrando el buen hacer del cuatro veces ganador del Tour de Francia y su gran baluarte en las carreras importantes, public\u00f3 una imagen de su segundo ataque, a unos 99 kil\u00f3metros del recorrido, y en la que <b>se puede apreciar c\u00f3mo Juan Ayuso queda descolgado <\/b>de sus compa\u00f1eros.\u00a0<\/p>\n<p class=\"c-paragraph\"><b>No tard\u00f3 el equipo en borrar la foto de sus redes sociales<\/b> dada la pol\u00e9mica despertada entre los usuarios, que acusaron al UAE de \u00abmofarse\u00bb del espa\u00f1ol y dejarle en mal lugar en una de sus \u00faltimas carreras como miembro del combinado ciclista.\u00a0<\/p>\n","protected":false},"excerpt":{"rendered":"Juan Ayuso no pudo cumplir su objetivo en el Campeonato Mundial de Ciclismo en Ruta 2025. El espa\u00f1ol,&hellip;\n","protected":false},"author":2,"featured_media":144947,"comment_status":"","ping_status":"","sticky":false,"template":"","format":"standard","meta":{"footnotes":""},"categories":[273],"tags":[313,312,168,25,24,4657,44663,23,167,463,27570],"class_list":{"0":"post-144946","1":"post","2":"type-post","3":"status-publish","4":"format-standard","5":"has-post-thumbnail","7":"category-ciclismo","8":"tag-ciclismo","9":"tag-cycling","10":"tag-deportes","11":"tag-es","12":"tag-espana","13":"tag-juan-ayuso","14":"tag-mundial-de-ciclismo-en-ruta","15":"tag-spain","16":"tag-sports","17":"tag-tadej-pogacar","18":"tag-uae-team-emirates"},"share_on_mastodon":{"url":"","error":""},"_links":{"self":[{"href":"https:\/\/www.europesays.com\/es\/wp-json\/wp\/v2\/posts\/144946","targetHints":{"allow":["GET"]}}],"collection":[{"href":"https:\/\/www.europesays.com\/es\/wp-json\/wp\/v2\/posts"}],"about":[{"href":"https:\/\/www.europesays.com\/es\/wp-json\/wp\/v2\/types\/post"}],"author":[{"embeddable":true,"href":"https:\/\/www.europesays.com\/es\/wp-json\/wp\/v2\/users\/2"}],"replies":[{"embeddable":true,"href":"https:\/\/www.europesays.com\/es\/wp-json\/wp\/v2\/comments?post=144946"}],"version-history":[{"count":0,"href":"https:\/\/www.europesays.com\/es\/wp-json\/wp\/v2\/posts\/144946\/revisions"}],"wp:featuredmedia":[{"embeddable":true,"href":"https:\/\/www.europesays.com\/es\/wp-json\/wp\/v2\/media\/144947"}],"wp:attachment":[{"href":"https:\/\/www.europesays.com\/es\/wp-json\/wp\/v2\/media?parent=144946"}],"wp:term":[{"taxonomy":"category","embeddable":true,"href":"https:\/\/www.europesays.com\/es\/wp-json\/wp\/v2\/categories?post=144946"},{"taxonomy":"post_tag","embeddable":true,"href":"https:\/\/www.europesays.com\/es\/wp-json\/wp\/v2\/tags?post=144946"}],"curies":[{"name":"wp","href":"https:\/\/api.w.org\/{rel}","templated":true}]}}