{"id":144954,"date":"2025-09-28T20:11:09","date_gmt":"2025-09-28T20:11:09","guid":{"rendered":"https:\/\/www.europesays.com\/es\/144954\/"},"modified":"2025-09-28T20:11:09","modified_gmt":"2025-09-28T20:11:09","slug":"emma-garcia-sorprende-a-paz-padilla-en-la-fiesta-de-su-cumpleanos","status":"publish","type":"post","link":"https:\/\/www.europesays.com\/es\/144954\/","title":{"rendered":"Emma Garc\u00eda sorprende a Paz Padilla en la fiesta de su cumplea\u00f1os"},"content":{"rendered":"<p data-journey-content=\"true\" data-node-id=\"3\" class=\"css-6wxqfj emevuu60\"><strong data-node-id=\"3.0\">Emma Garc\u00eda es una de las presentadoras m\u00e1s populares de la televisi\u00f3n.<\/strong> La conductora de televisi\u00f3n vasco lleva m\u00e1s de 20 a\u00f1os en la peque\u00f1a pantalla. Comenz\u00f3 como reportera en Telecinco en 1999, para luego presentar programas como &#8216;\u00a1Qu\u00e9 punto!&#8217; y &#8216;A tu lado&#8217;. En Mediaset, se consagr\u00f3 presentando &#8216;Mujeres y Hombres y Viceversa&#8217;. Tras esto <strong data-node-id=\"3.2\">cogi\u00f3 el testigo de Mar\u00eda Teresa Campos tras &#8216;Qu\u00e9 tiempo tan feliz&#8217;<\/strong>. Primero con &#8216;Viva la vida&#8217; y en la actualidad con &#8216;Fiesta&#8217;. <strong data-node-id=\"3.4\">Su incansable trabajo en televisi\u00f3n le ha llevado a ganar la Antena de Oro en 2023. <\/strong><\/p>\n<p data-journey-content=\"true\" data-node-id=\"6\" class=\"css-6wxqfj emevuu60\">A pesar de lo que se pueda pensar sobre el mundo de la televisi\u00f3n y los rumores sobre que  es un terreno que est\u00e1 lleno de competitividad, nada m\u00e1s lejos de la realidad. <strong data-node-id=\"6.1\">Una de las mejores amigas de Emma Garc\u00eda es Paz Padilla<\/strong>, compa\u00f1era con la que ha compartido cadena durante a\u00f1os. <\/p>\n<p data-journey-content=\"true\" data-node-id=\"8\" class=\"css-6wxqfj emevuu60\"><a href=\"https:\/\/www.diezminutos.es\/famosos-corazon\/famosos-espanoles\/a65519833\/emma-garcia-visita-a-paz-padilla-cadiz-vacaciones\/\" target=\"_blank\" data-vars-ga-outbound-link=\"https:\/\/www.diezminutos.es\/famosos-corazon\/famosos-espanoles\/a65519833\/emma-garcia-visita-a-paz-padilla-cadiz-vacaciones\/\" data-vars-ga-ux-element=\"Hyperlink\" data-vars-ga-call-to-action=\"Ambas han presumido de amistad durante los \u00faltimos a\u00f1os.\" data-node-id=\"8.0\" class=\"body-link css-177bzfx emevuu60\" rel=\"nofollow noopener\"><strong data-node-id=\"8.0.0\">Ambas han presumido de amistad durante los \u00faltimos a\u00f1os<\/strong>.<\/a> A pesar de la pol\u00e9mica salida de Paz Padilla de Mediaset<strong data-node-id=\"8.2\"> mantienen una bonita a amistad<\/strong>. Prueba de ello, es que, a pesar de que Emma ha tenido que trabajar este fin de semana en su programa &#8216;Fiesta&#8217;,  no se quiso perder la celebraci\u00f3n del 56 cumplea\u00f1os de Paz Padilla. <\/p>\n<p data-journey-content=\"true\" data-node-id=\"12\" class=\"css-6wxqfj emevuu60\">La escritora no se esperaba para nada la presencia de la presentadora vasca en su cumplea\u00f1os. \u00ab<strong data-node-id=\"12.1\">Y la gran sorpresa de la noche, mi amiga Emma. Una amistad verdadera, nace de un coraz\u00f3n generoso y sincero. Y as\u00ed es ella\u00bb<\/strong>, escrib\u00eda Paz junto a otra fotograf\u00eda con la presentadora en la que aparece dando un c\u00e1lido abrazo y beso a su amiga. <\/p>\n<p><img draggable=\"true\" alt=\"two women embracing in a warm gesture of friendship\" title=\"two women embracing in a warm gesture of friendship\" loading=\"lazy\" width=\"2500\" height=\"4209\" decoding=\"async\" data-nimg=\"1\" style=\"color:transparent;width:100%;height:auto;\"   src=\"https:\/\/www.europesays.com\/es\/wp-content\/uploads\/2025\/09\/emma-sorpresa-paz-cumpleano-68d9492209f65.jpg\" class=\"css-0 e1g79fud0\"\/><\/p>\n<p>Instagram<\/p>\n<p data-journey-content=\"true\" data-node-id=\"15\" class=\"css-6wxqfj emevuu60\">Emma Garc\u00eda tambi\u00e9n ha compartido a trav\u00e9s de su cuenta de Instagram una fotograf\u00eda en la fiesta de celebraci\u00f3n del cumplea\u00f1os de su gran amiga. Adem\u00e1s, de la fotograf\u00eda de rigor felicitando a su amiga, ha subido a sus &#8216;stories&#8217; una v\u00eddeo bailando sevillanas con Paz.  \u00abFeliz vida, amiga\u00bb, escrib\u00eda Emma Garc\u00eda junto a una instant\u00e1nea en la que aparece abrazada a Paz Padilla. <\/p>\n<p><img draggable=\"true\" alt=\"two women embracing in front of a decorative statue\" title=\"two women embracing in front of a decorative statue\" loading=\"lazy\" width=\"2500\" height=\"3306\" decoding=\"async\" data-nimg=\"1\" style=\"color:transparent;width:100%;height:auto;\"   src=\"https:\/\/www.europesays.com\/es\/wp-content\/uploads\/2025\/09\/paz-padilla-emma-garcia-68d9494b0c7a1.jpg\" class=\"css-0 e1g79fud0\"\/><\/p>\n<p>Instagram<\/p>\n<p><img src=\"https:\/\/www.europesays.com\/es\/wp-content\/uploads\/2025\/09\/1759090269_947_4104b2dc-9d92-4a2f-a41f-327dc6377620_1734436473.jpg\" alt=\"Headshot of Valentina Vera\" title=\"Headshot of Valentina Vera\" width=\"100%\" height=\"100%\" decoding=\"async\" loading=\"lazy\" class=\"css-o0wq4v ev8dhu53\"\/><\/p>\n<p>Valentina Vera es una periodista experta en cr\u00f3nica rosa, realidad, &#8216;reality&#8217;, moda y belleza. Siempre al d\u00eda de las \u00faltimas novedades de los famosos nacionales e internacionales y de las casas reales europeas. Su trabajo como redactora le permite ser testigo de las bodas de los personajes m\u00e1s relevantes del panorama social; de alfombras rojas; de funerales de Estado o de acontecimientos hist\u00f3ricos: como la proclamaci\u00f3n de Felipe VI como Rey o la coronaci\u00f3n de Carlos III de Inglaterra.<br \/>\nLicenciada en Periodismo por la Universidad Complutense de Madrid. Comenz\u00f3 su andadura en el mundo del coraz\u00f3n en el a\u00f1o 2013 en la revista \u00a1Hola! Y desde 2014 forma parte del grupo Hearst, donde ha ido adquiriendo experiencia tanto en la edici\u00f3n impresa como en el formato web de la revista Diez Minutos.<br \/>\nEl medio digital le apasiona por la inmediatez en la que sus lectores pueden ser testigos de lo que sucede en la vida de los famosos desde cualquier parte del mundo. Instagram, Twitter y TikTok se han convertido en una herramienta m\u00e1s de informaci\u00f3n a la hora de crear, gestionar y organizar el contenido, ya que le permiten conocer la \u00faltima hora de lo que sucede en la vida de los famosos.<br \/>\nEn constante formaci\u00f3n de estrategias y t\u00e9cnicas de optimizaci\u00f3n digital para su trabajo como redactora, en la actualidad tambi\u00e9n se encuentra estudiando Diet\u00e9tica. Llevar un estilo de vida saludable es algo que le apasiona y cree que la nutrici\u00f3n es una parte fundamental.<\/p>\n","protected":false},"excerpt":{"rendered":"Emma Garc\u00eda es una de las presentadoras m\u00e1s populares de la televisi\u00f3n. La conductora de televisi\u00f3n vasco lleva&hellip;\n","protected":false},"author":2,"featured_media":144955,"comment_status":"","ping_status":"","sticky":false,"template":"","format":"standard","meta":{"footnotes":""},"categories":[174],"tags":[255,253,146,147,25,24,256,23],"class_list":{"0":"post-144954","1":"post","2":"type-post","3":"status-publish","4":"format-standard","5":"has-post-thumbnail","7":"category-famosos","8":"tag-celebrities","9":"tag-discover","10":"tag-entertainment","11":"tag-entretenimiento","12":"tag-es","13":"tag-espana","14":"tag-famosos","15":"tag-spain"},"share_on_mastodon":{"url":"","error":""},"_links":{"self":[{"href":"https:\/\/www.europesays.com\/es\/wp-json\/wp\/v2\/posts\/144954","targetHints":{"allow":["GET"]}}],"collection":[{"href":"https:\/\/www.europesays.com\/es\/wp-json\/wp\/v2\/posts"}],"about":[{"href":"https:\/\/www.europesays.com\/es\/wp-json\/wp\/v2\/types\/post"}],"author":[{"embeddable":true,"href":"https:\/\/www.europesays.com\/es\/wp-json\/wp\/v2\/users\/2"}],"replies":[{"embeddable":true,"href":"https:\/\/www.europesays.com\/es\/wp-json\/wp\/v2\/comments?post=144954"}],"version-history":[{"count":0,"href":"https:\/\/www.europesays.com\/es\/wp-json\/wp\/v2\/posts\/144954\/revisions"}],"wp:featuredmedia":[{"embeddable":true,"href":"https:\/\/www.europesays.com\/es\/wp-json\/wp\/v2\/media\/144955"}],"wp:attachment":[{"href":"https:\/\/www.europesays.com\/es\/wp-json\/wp\/v2\/media?parent=144954"}],"wp:term":[{"taxonomy":"category","embeddable":true,"href":"https:\/\/www.europesays.com\/es\/wp-json\/wp\/v2\/categories?post=144954"},{"taxonomy":"post_tag","embeddable":true,"href":"https:\/\/www.europesays.com\/es\/wp-json\/wp\/v2\/tags?post=144954"}],"curies":[{"name":"wp","href":"https:\/\/api.w.org\/{rel}","templated":true}]}}