{"id":144956,"date":"2025-09-28T20:12:11","date_gmt":"2025-09-28T20:12:11","guid":{"rendered":"https:\/\/www.europesays.com\/es\/144956\/"},"modified":"2025-09-28T20:12:11","modified_gmt":"2025-09-28T20:12:11","slug":"asi-son-estas-dos-casas-intimas-y-serenas-donde-la-vida-se-extiende-al-exterior","status":"publish","type":"post","link":"https:\/\/www.europesays.com\/es\/144956\/","title":{"rendered":"as\u00ed son estas dos casas \u00edntimas y serenas donde la vida se extiende al exterior"},"content":{"rendered":"<p>Estas viviendas son un fiel reflejo de la filosof\u00eda con la que el estudio\u00a0<a href=\"https:\/\/salvarq.com\/en\/\" target=\"_blank\" rel=\"nofollow noopener\"><strong>Jaime Salv\u00e1 Arquitectura &amp; Interiorismo<\/strong><\/a>\u00a0encara sus proyectos. De arquitectura sencilla ambas, Salv\u00e1 pone en valor aqu\u00ed \u2013y en otros proyectos que ya hemos ido publicando en Arquitectura y Dise\u00f1o\u2013 elementos como la luz, la naturaleza y <a href=\"https:\/\/www.arquitecturaydiseno.es\/arquitectura\/diferencias-arquitectonicas-y-estilo-entre-mallorca-y-resto-espana_12062\" rel=\"nofollow noopener\" target=\"_blank\"><strong>una arquitectura de estilo mediterr\u00e1neo<\/strong><\/a> basada en formas y materiales honestos que se concretan en interiores confortables y contempor\u00e1neos. Adem\u00e1s, las casas est\u00e1n en un enclave espectacular: la urbanizaci\u00f3n Son Serralta,\u00a0con vistas al valle de Puigpunyent: \u201cun paisaje donde se alternan bancales de piedra seca, encinas, almendros y olivos centenarios\u201d, comenta el arquitecto, que destaca la atm\u00f3sfera buc\u00f3lica y tranquila que se respira, \u201ccon la monta\u00f1a como tel\u00f3n de fondo y una naturaleza que envuelve cada vivienda con un car\u00e1cter \u00edntimo y sereno\u201d.<\/p>\n<p>&#13;<img loading=\"lazy\" decoding=\"async\"   src=\"https:\/\/www.europesays.com\/es\/wp-content\/uploads\/2025\/09\/el-encargo-era-crear-dos-viviendas-confortables-y-de-estilo-mediterraneo_710e8e9b_250923152045_1280x.webp\" alt=\"El encargo era crear dos viviendas confortables y de estilo mediterr\u00e1neo\u00a0\" class=\"lazyload\" width=\"1280\" height=\"956\" data-aspectratio=\"1280\/956\"\/><\/p>\n<p>El encargo era crear dos viviendas confortables y de estilo mediterr\u00e1neo\u00a0<\/p>\n<p>&#13;Ricard L\u00f3pez<\/p>\n<p>En la urbanizaci\u00f3n de Son Serralta, en Puigpunyent, Salv\u00e1 ha dise\u00f1ado dos casas \u2013ambas las ha construido Islabau\u2013: una para un cliente brit\u00e1nico; y la otra, para uno norteamericano, que han decidido vivir en la isla. El encargo era directo, que no sencillo: \u201ccrear <strong>hogar<\/strong><strong>es<\/strong><strong> que combinara<\/strong><strong>n<\/strong><strong> el confort contempor\u00e1neo con la autenticidad del estilo de vida mediterr\u00e1neo<\/strong><strong>\u201d<\/strong><strong>.<\/strong><\/p>\n<p><a href=\"https:\/\/www.arquitecturaydiseno.es\/arquitectura\/n-1950-fue-iglesias-mas-problematicas-madrid-ahora-es-hito-brutalismo-obra-acabo-amistad-arquitectos_12429\" data-ga4_event=\"custom_event\" data-ga4_event_name=\"click_intext\" data-ga4_link_url=\"https:\/\/www.arquitecturaydiseno.es\/arquitectura\/n-1950-fue-iglesias-mas-problematicas-madrid-ahora-es-hito-brutalismo-obra-acabo-amistad-arquitectos_12429\" data-ga4_link_text=\"en_1950_fue_una_de_las_iglesias_mas_problematicas_de_madrid_ahora_es_un_hito_del_brutalismo_\u201cla_obra_acabo_con_la_amistad_de_los_arquitectos\" data-ga4_content_type=\"photo\" data-ga4_element=\"related\" rel=\"nofollow noopener\" target=\"_blank\">&#13;&#13;<img loading=\"lazy\" decoding=\"async\" src=\"https:\/\/www.europesays.com\/es\/wp-content\/uploads\/2025\/09\/1759090328_516_basilica-hispanoamericana-de-la-merced-en-madrid_76c71336_250926122528_600x600.webp.webp\" alt=\"Bas\u00edlica Hispanoamericana de la Merced en Madrid\" class=\"lazyload\" width=\"600\" height=\"600\" data-aspectratio=\"600\/600\"\/>&#13;&#13;<\/p>\n<p class=\"epigraph\">&#13;Noticia relacionada<\/p>\n<p class=\"title\">En 1950 fue una de las iglesias m\u00e1s problem\u00e1ticas de Madrid, ahora es un hito del brutalismo: \u201cLa obra acab\u00f3 con la amistad de los arquitectos\u00bb<\/p>\n<p><\/a>&#13;<img loading=\"lazy\" decoding=\"async\"   src=\"https:\/\/www.europesays.com\/es\/wp-content\/uploads\/2025\/09\/las-viviendas-se-adaptan-a-la-topografia-aprovechando-el-desnivel-de-las-parcelas_5b7f5391_250923152.webp\" alt=\"Las viviendas se adaptan a la topograf\u00eda, aprovechando el desnivel de las parcelas\" class=\"lazyload\" width=\"1326\" height=\"1778\" data-aspectratio=\"1326\/1778\"\/><\/p>\n<p>Las viviendas se adaptan a la topograf\u00eda, aprovechando el desnivel de las parcelas<\/p>\n<p>&#13;Ricard L\u00f3pez<br \/>\n Casas que se integran con naturalidad en el entorno<\/p>\n<p>Como explica el arquitecto, \u201cSon Serralta no es una urbanizaci\u00f3n convencional, sino un entorno residencial muy abierto y disperso, donde predominan casas unifamiliares aisladas, rodeadas de naturaleza y con una marcada sensaci\u00f3n de independencia\u201d. En este caso, ambas viviendas se asientan en una\u00a0parcela en pendiente orientada al sur, rodeada de vegetaci\u00f3n aut\u00f3ctona y con vistas a un valle donde no se puede edificar.<\/p>\n<p>&#13;<img loading=\"lazy\" decoding=\"async\"   src=\"https:\/\/www.europesays.com\/es\/wp-content\/uploads\/2025\/09\/la-normativa-municipal-exigia-cubiertas-inclinadas-con-teja-arabe-tonos-ocres-en-fachada-carpinteria.webp\" alt=\"La normativa municipal exig\u00eda cubiertas inclinadas con\u00a0teja \u00e1rabe, tonos ocres en fachada, carpinter\u00edas de madera y persianas mallorquinas, que Jaime Salv\u00e1 ha reinterpretado en clave contempor\u00e1nea\" class=\"lazyload\" width=\"1332\" height=\"1782\" data-aspectratio=\"1332\/1782\"\/><\/p>\n<p>La normativa municipal exig\u00eda cubiertas inclinadas con\u00a0teja \u00e1rabe, tonos ocres en fachada, carpinter\u00edas de madera y persianas mallorquinas, que Jaime Salv\u00e1 ha reinterpretado en clave contempor\u00e1nea<\/p>\n<p>&#13;Ricard L\u00f3pez<br \/>\n <a href=\"https:\/\/www.arquitecturaydiseno.es\/arquitectura\/jaime-salva-arquitecto-cuando-arquitectura-interiorismo-se-abordan-mismo-estudio-todo-fluye-mejor_12197\" data-ga4_event=\"custom_event\" data-ga4_event_name=\"click_intext\" data-ga4_link_url=\"https:\/\/www.arquitecturaydiseno.es\/arquitectura\/jaime-salva-arquitecto-cuando-arquitectura-interiorismo-se-abordan-mismo-estudio-todo-fluye-mejor_12197\" data-ga4_link_text=\"jaime_salva_arquitecto_en_conversaciones_de_obra_se_repite_mucho_el_esto_lo_vemos_despues_y_solo_trae_perdidas_de_tiempo_y_dinero\" data-ga4_content_type=\"photo\" data-ga4_element=\"related\" rel=\"nofollow noopener\" target=\"_blank\">&#13;&#13;<img loading=\"lazy\" decoding=\"async\" src=\"https:\/\/www.europesays.com\/es\/wp-content\/uploads\/2025\/09\/j614-azure-jaime-salva-arquitecto294-copia_825e411c_250729091639_600x600.webp.webp\" alt=\"J614 AZURE  JAIME SALVA Arquitecto294 copia\" class=\"lazyload\" width=\"600\" height=\"600\" data-aspectratio=\"600\/600\"\/>&#13;&#13;<\/p>\n<p class=\"epigraph\">&#13;Noticia relacionada<\/p>\n<p class=\"title\">Jaime Salv\u00e1, arquitecto: \u00abEn conversaciones de obra se repite mucho el &#8216;Esto lo vemos despu\u00e9s&#8217; y solo trae p\u00e9rdidas de tiempo y dinero\u00bb<\/p>\n<p><\/a><\/p>\n<p>\u201cEse enclave privilegiado marc\u00f3 el punto de partida de un\u00a0<strong>dise\u00f1o que se adapta a la topograf\u00eda y aprovecha el desnivel\u00a0<\/strong>mediante un juego de subniveles, logrando que la arquitectura se integre con naturalidad en el paisaje\u201d, apunta Salv\u00e1, al que la normativa municipal le exig\u00eda que la casa tuviera \u201ccubiertas inclinadas con\u00a0<strong>teja \u00e1rabe, tonos ocres en fachada, carpinter\u00edas de madera y persianas mallorquinas<\/strong><strong>\u201d<\/strong><strong>.<\/strong>\u00a0En todo caso, Salv\u00e1 ha hecho de la necesidad virtud. As\u00ed, todos esos elementos tradicionales los ha reinterpretado en clave contempor\u00e1nea, consiguiendo un resultado sobrio y atemporal. Adem\u00e1s, esos detalles constructivos van m\u00e1s all\u00e1 de la mera funci\u00f3n est\u00e9tica. Los\u00a0tonos ocres, por ejemplo,\u00a0ayudan a disimular las manchas provocadas por las lluvias de tierra.<\/p>\n<p>&#13;<img loading=\"lazy\" decoding=\"async\"   src=\"https:\/\/www.europesays.com\/es\/wp-content\/uploads\/2025\/09\/en-la-planta-baja-esta-el-salon-el-comedor-y-la-cocina_7b6595c1_250923154207_1280x959.webp.webp\" alt=\"En la planta baja est\u00e1 el sal\u00f3n, el comedor y la cocina\" class=\"lazyload\" width=\"1280\" height=\"959\" data-aspectratio=\"1280\/959\"\/><\/p>\n<p>En la planta baja est\u00e1 el sal\u00f3n, el comedor y la cocina<\/p>\n<p>&#13;Ricard L\u00f3pez<br \/>\n Distribuciones vers\u00e1tiles con vocaci\u00f3n de exterior<\/p>\n<p>En ambas viviendas se propone un programa vers\u00e1til acorde con el ritmo de vida de los propietarios. En la planta baja est\u00e1n el sal\u00f3n, el comedor y la cocina. Tambi\u00e9n hay un aseo y una zona de lavado; todos abiertos a las terrazas, el jard\u00edn y la piscina. En la primera planta est\u00e1n los dormitorios\u00a0(tres en total). En general, y <strong>como no pod\u00eda ser de otra forma en Mallorca, la vida se extiende al exterior.<\/strong> El porche, el jard\u00edn y la propia piscina forman parte del d\u00eda a d\u00eda de ambas viviendas.<\/p>\n<p>&#13;<img loading=\"lazy\" decoding=\"async\"   src=\"https:\/\/www.europesays.com\/es\/wp-content\/uploads\/2025\/09\/dentro-la-eleccion-de-materiales-refuerza-la-conexion-con-la-isla_37e3e5fe_250923154257_1280x958.web.webp\" alt=\"Dentro, la elecci\u00f3n de materiales refuerza la conexi\u00f3n con la isla\" class=\"lazyload\" width=\"1280\" height=\"958\" data-aspectratio=\"1280\/958\"\/><\/p>\n<p>Dentro, la elecci\u00f3n de materiales refuerza la conexi\u00f3n con la isla<\/p>\n<p>&#13;Ricard L\u00f3pez<br \/>\n Interiores sostenibles conectados con la isla<\/p>\n<p>La elecci\u00f3n de materiales es clave y refuerza esa conexi\u00f3n con la isla:\u00a0\u201c<strong>piedra caliza gris Zarzi, mar\u00e9s, madera, cemento mallorqu\u00edn y muros de piedra seca<\/strong>, combinados para dialogar con el entorno y ofrecer durabilidad frente al clima\u201d. Como no pod\u00eda ser de otra manera, el proyecto incorpora adem\u00e1s\u00a0<a href=\"https:\/\/www.arquitecturaydiseno.es\/arquitectura\/casa-futuro-europa-y-norteamerica-sera-sostenible-y-autosuficiente_12101\" rel=\"nofollow noopener\" target=\"_blank\"><strong>criterios de sostenibilidad<\/strong>\u00a0<\/a>inspirados en la arquitectura vern\u00e1cula \u2013algo sobre lo que ya hemos hablado alguna vez con Salva\u2013, v\u00e9ase \u201cuna orientaci\u00f3n estrat\u00e9gica respecto al sol, ventilaci\u00f3n cruzada, buen aislamiento de la envolvente y el empleo de materiales locales\u201d. Todo ello est\u00e1 acompa\u00f1ado de un cuidado dise\u00f1o paisaj\u00edstico, realizado por Cultivos Pima, que potencia la vegetaci\u00f3n mediterr\u00e1nea.<\/p>\n","protected":false},"excerpt":{"rendered":"Estas viviendas son un fiel reflejo de la filosof\u00eda con la que el estudio\u00a0Jaime Salv\u00e1 Arquitectura &amp; Interiorismo\u00a0encara&hellip;\n","protected":false},"author":2,"featured_media":144957,"comment_status":"","ping_status":"","sticky":false,"template":"","format":"standard","meta":{"footnotes":""},"categories":[173],"tags":[229,233,231,230,232,234,146,147,25,24,23],"class_list":{"0":"post-144956","1":"post","2":"type-post","3":"status-publish","4":"format-standard","5":"has-post-thumbnail","7":"category-arte-y-diseno","8":"tag-arte","9":"tag-arte-y-diseno","10":"tag-arts","11":"tag-arts-and-design","12":"tag-design","13":"tag-diseno","14":"tag-entertainment","15":"tag-entretenimiento","16":"tag-es","17":"tag-espana","18":"tag-spain"},"share_on_mastodon":{"url":"","error":""},"_links":{"self":[{"href":"https:\/\/www.europesays.com\/es\/wp-json\/wp\/v2\/posts\/144956","targetHints":{"allow":["GET"]}}],"collection":[{"href":"https:\/\/www.europesays.com\/es\/wp-json\/wp\/v2\/posts"}],"about":[{"href":"https:\/\/www.europesays.com\/es\/wp-json\/wp\/v2\/types\/post"}],"author":[{"embeddable":true,"href":"https:\/\/www.europesays.com\/es\/wp-json\/wp\/v2\/users\/2"}],"replies":[{"embeddable":true,"href":"https:\/\/www.europesays.com\/es\/wp-json\/wp\/v2\/comments?post=144956"}],"version-history":[{"count":0,"href":"https:\/\/www.europesays.com\/es\/wp-json\/wp\/v2\/posts\/144956\/revisions"}],"wp:featuredmedia":[{"embeddable":true,"href":"https:\/\/www.europesays.com\/es\/wp-json\/wp\/v2\/media\/144957"}],"wp:attachment":[{"href":"https:\/\/www.europesays.com\/es\/wp-json\/wp\/v2\/media?parent=144956"}],"wp:term":[{"taxonomy":"category","embeddable":true,"href":"https:\/\/www.europesays.com\/es\/wp-json\/wp\/v2\/categories?post=144956"},{"taxonomy":"post_tag","embeddable":true,"href":"https:\/\/www.europesays.com\/es\/wp-json\/wp\/v2\/tags?post=144956"}],"curies":[{"name":"wp","href":"https:\/\/api.w.org\/{rel}","templated":true}]}}