{"id":144958,"date":"2025-09-28T20:13:07","date_gmt":"2025-09-28T20:13:07","guid":{"rendered":"https:\/\/www.europesays.com\/es\/144958\/"},"modified":"2025-09-28T20:13:07","modified_gmt":"2025-09-28T20:13:07","slug":"gracias-ignorancia","status":"publish","type":"post","link":"https:\/\/www.europesays.com\/es\/144958\/","title":{"rendered":"Gracias, ignorancia"},"content":{"rendered":"<p class=\"article-text\">\n        Por extra\u00f1o que suene, la ignorancia puede ser la mejor amiga de la cultura; y no en el evidente sentido de que le da de comer de higos a brevas, sino en el nada evidente de ejercer de guardaespaldas. Como es l\u00f3gico, y tirando de lo que Pessoa llamaba \u201cla cobard\u00eda del ejemplo\u201d (Caeiro por \u00c1lvaro de Campos), ning\u00fan grupo de falangistas monta una hoguera en la antigua sede de la Universidad Central de Madrid (1939) para quemar libros de los que ellos o sus jefes no han o\u00eddo hablar en su vida; y, por el mismo motivo, los autores pueden estar seguros de que no los van a censurar, encarcelar, exiliar o asesinar por ser autores si los patrocinadores de esas delicias no los conocen. Bien dice el refr\u00e1n, \u201cojos que no ven, coraz\u00f3n que no siente\u201d. Pero empecemos la casa por los cimientos, que ya llegar\u00e1 el tejado.\n    <\/p>\n<p class=\"article-text\">\n        La forma habitual de cargarse laboralmente a una persona del sector no es prohibir lo que escriba o cante: es impedir de facto que pueda vivir de ello. En el mundo de los sue\u00f1os infantiles, el trabajo y el talento triunfan siempre cuando caminan juntos; en el mundo a palo seco, hasta los mejores y m\u00e1s firmes se estrellan a medio plazo \u2013si superan el corto\u2013 en ausencia de la financiaci\u00f3n y distribuci\u00f3n necesarias, as\u00ed que lo \u00fanico que hay que hacer para ahorrarse la existencia de gente poco servil es asegurar dicha ausencia y dejar el resto a la precariedad econ\u00f3mica. Nadie se enterar\u00e1, no saldr\u00e1 en las noticias y, si sale por casualidad, ser\u00e1 sotto voce. Hasta la respuesta social ante la censura depende del poder que se tenga, porque huelga decir que la desgracia de un famoso televisivo provoca m\u00e1s indignaci\u00f3n que la de un mindundi o, pongo por caso, que la prohibici\u00f3n de diez mil obras en Estados Unidos durante los a\u00f1os 2023 y 2024 (datos de PEN Am\u00e9rica); 16.000 si se cuenta desde julio del 2021.\n    <\/p>\n","protected":false},"excerpt":{"rendered":"Por extra\u00f1o que suene, la ignorancia puede ser la mejor amiga de la cultura; y no en el&hellip;\n","protected":false},"author":2,"featured_media":144959,"comment_status":"","ping_status":"","sticky":false,"template":"","format":"standard","meta":{"footnotes":""},"categories":[172],"tags":[224,146,147,25,24,2837,44666,225,23],"class_list":{"0":"post-144958","1":"post","2":"type-post","3":"status-publish","4":"format-standard","5":"has-post-thumbnail","7":"category-libros","8":"tag-books","9":"tag-entertainment","10":"tag-entretenimiento","11":"tag-es","12":"tag-espana","13":"tag-gracias","14":"tag-ignorancia","15":"tag-libros","16":"tag-spain"},"share_on_mastodon":{"url":"","error":""},"_links":{"self":[{"href":"https:\/\/www.europesays.com\/es\/wp-json\/wp\/v2\/posts\/144958","targetHints":{"allow":["GET"]}}],"collection":[{"href":"https:\/\/www.europesays.com\/es\/wp-json\/wp\/v2\/posts"}],"about":[{"href":"https:\/\/www.europesays.com\/es\/wp-json\/wp\/v2\/types\/post"}],"author":[{"embeddable":true,"href":"https:\/\/www.europesays.com\/es\/wp-json\/wp\/v2\/users\/2"}],"replies":[{"embeddable":true,"href":"https:\/\/www.europesays.com\/es\/wp-json\/wp\/v2\/comments?post=144958"}],"version-history":[{"count":0,"href":"https:\/\/www.europesays.com\/es\/wp-json\/wp\/v2\/posts\/144958\/revisions"}],"wp:featuredmedia":[{"embeddable":true,"href":"https:\/\/www.europesays.com\/es\/wp-json\/wp\/v2\/media\/144959"}],"wp:attachment":[{"href":"https:\/\/www.europesays.com\/es\/wp-json\/wp\/v2\/media?parent=144958"}],"wp:term":[{"taxonomy":"category","embeddable":true,"href":"https:\/\/www.europesays.com\/es\/wp-json\/wp\/v2\/categories?post=144958"},{"taxonomy":"post_tag","embeddable":true,"href":"https:\/\/www.europesays.com\/es\/wp-json\/wp\/v2\/tags?post=144958"}],"curies":[{"name":"wp","href":"https:\/\/api.w.org\/{rel}","templated":true}]}}