{"id":144962,"date":"2025-09-28T20:15:09","date_gmt":"2025-09-28T20:15:09","guid":{"rendered":"https:\/\/www.europesays.com\/es\/144962\/"},"modified":"2025-09-28T20:15:09","modified_gmt":"2025-09-28T20:15:09","slug":"soulfly-estrenan-video-reedicion-de-epica-nuevo-video-de-ellefson-soto-picture-en-sudamerica","status":"publish","type":"post","link":"https:\/\/www.europesays.com\/es\/144962\/","title":{"rendered":"SOULFLY estrenan v\u00eddeo. Reedici\u00f3n de EPICA. Nuevo v\u00eddeo de ELLEFSON\/SOTO. PICTURE en Sudam\u00e9rica."},"content":{"rendered":"<p>\u00a0<\/p>\n<p style=\"text-align: center;\"><strong><a href=\"#SOULFLY\">SOULFLY estrenan v\u00eddeo<\/a> \u2013 <a href=\"#EPICA\">Reedici\u00f3n de EPICA<\/a> \u2013 <a href=\"#ELLEFSON_SOTO\">Nuevo v\u00eddeo de ELLEFSON\/SOTO<\/a> \u2013 <a href=\"#PICTURE\">PICTURE en Sudam\u00e9rica<\/a>. <\/strong><\/p>\n<p><a href=\"https:\/\/www.soulfly.com\/\" target=\"_blank\" rel=\"noopener nofollow\"><strong>SOULFLY<\/strong><\/a> han estrenado un nuevo v\u00eddeo para el tema \u201cNihilist\u201d en el que participa Todd Jones de NAILS.<\/p>\n<p>El 24 de octubre editar\u00e1n a trav\u00e9s de Nuclear Blast Records su nuevo disco \u201cChama\u201d.<\/p>\n<p>M\u00e1s detalles y otro adelanto en esta <a href=\"https:\/\/www.rafabasa.com\/2025\/08\/30\/soulfly-jeff-scott-soto-fabienne-erni\/#SOULFLY\" rel=\"nofollow noopener\" target=\"_blank\">noticia<\/a>.<\/p>\n<p>M\u00e1s sobre la banda en este <a href=\"https:\/\/www.rafabasa.com\/2025\/07\/14\/soulfly-sylosis-fiestas-de-fuenlabrada\/#SOULFLY\" rel=\"nofollow noopener\" target=\"_blank\">bloque<\/a>.<\/p>\n<p>\u00a0<\/p>\n<p>El disco de <a href=\"https:\/\/www.epica.nl\/\" target=\"_blank\" rel=\"noopener nofollow\"><strong>EPICA<\/strong><\/a> \u201cThe Holographic Universe\u201d ser\u00e1 reeditado el pr\u00f3ximo 21 de noviembre.<\/p>\n<p><img fetchpriority=\"high\" decoding=\"async\" src=\"https:\/\/www.europesays.com\/es\/wp-content\/uploads\/2025\/09\/EpicaHolographicReissue2025.jpg\" alt=\"EPICA\" width=\"400\" height=\"500\"\/><\/p>\n<p>La reedici\u00f3n sale en doble vinilo magenta transparente y estar\u00e1 disponible en la tienda de la banda.<\/p>\n<p>Los holandeses editaron el 11 de abril a trav\u00e9s de Nuclear Blast un nuevo disco titulado \u201cAspiral\u201d.<\/p>\n<p>Todos los detalles en esta <a href=\"https:\/\/www.rafabasa.com\/2025\/01\/30\/epica-anuncian-detalles-de-su-nuevo-album-presentan-portada-y-estrenan-video-clip\/\" target=\"_blank\" rel=\"noopener nofollow\">noticia<\/a> y los v\u00eddeos anteriores en <a href=\"https:\/\/www.rafabasa.com\/2025\/07\/03\/metallica-epica-warmen-dramah\/#EPICA\" rel=\"nofollow noopener\" target=\"_blank\">esta<\/a>\u00a0\u00a0\u00a0\u00a0\u00a0\u00a0\u00a0\u00a0\u00a0 .<\/p>\n<p>La banda nos <a href=\"https:\/\/www.rafabasa.com\/2025\/02\/11\/fechas-de-epica-y-amaranthe-charlotte-wessels\/\" target=\"_blank\" rel=\"noopener nofollow\">visitar\u00e1 a primeros de 2026<\/a>.<\/p>\n<p>\u00a0<\/p>\n<p><a href=\"https:\/\/ratpakrecordsamerica.com\/ellefsonsoto\" target=\"_blank\" rel=\"noopener nofollow\"><strong>ELLEFSON\/SOTO<\/strong><\/a>, la asociaci\u00f3n formada por el <strong>exbajista de MEGADETH David Ellefson y el cantante Jeff Scott Soto <\/strong>(TALISMAN, TAKARA, SONS OF APOLLO, JOURNEY, Yngwie J. Malmsteen), han estrenado un v\u00eddeo para el tema \u201cSoab\u201d.<\/p>\n<p>Su pr\u00f3ximo trabajo \u201cUnbreakable\u201d est\u00e1 dispuesto para el 15 de agosto a trav\u00e9s de Rat Pak Records.<\/p>\n<p>Todos los detalles en esta <a href=\"https:\/\/www.rafabasa.com\/2025\/07\/11\/ronnie-james-dio-ellefson-soto-hammer-king\/#ELLEFSON\" rel=\"nofollow noopener\" target=\"_blank\">noticia<\/a> y los v\u00eddeos anteriores en <a href=\"https:\/\/www.rafabasa.com\/2025\/08\/07\/metallica-ellefson-soto-fm-belphegor-the-rods\/#ELLEFSON_SOTO\" rel=\"nofollow noopener\" target=\"_blank\">esta<\/a>.<\/p>\n<p>\u00a0<\/p>\n<p><strong>PICTURE<\/strong> han anunciado las siguientes fechas en Iberoam\u00e9rica:<\/p>\n<p>Noviembre<\/p>\n<ul>\n<li>23 Manifesto Bar, Sao Paulo, Brasil<\/li>\n<li>25 Yield Bar, Lima, Per\u00fa<\/li>\n<li>27 Ciudad Frecuencia, Medell\u00edn, Colombia<\/li>\n<li>28 Jersey, Bogot\u00e1, Colombia<\/li>\n<li>30 Club Cultural Bula, Buenos Aires, Argentina + \u00c1CIDA + REY LUCIFER<\/li>\n<\/ul>\n<p>Diciembre<\/p>\n<ul>\n<li>02 Sala RBX, Santiago, Chile<\/li>\n<li>03 Casa de la m\u00fasica, Concepci\u00f3n, Chile<\/li>\n<\/ul>\n<p>Su \u00faltimo trabajo \u201cWings\u201d sali\u00f3 el 16 de agosto de 2019 a trav\u00e9s de Pure Steel Records.<\/p>\n<p>M\u00e1s detalles en esta <a href=\"https:\/\/www.rafabasa.com\/2019\/06\/16\/sabaton-picture-tau-cross-reaktion-keep-it-true\/#PICTURE\" target=\"_blank\" rel=\"noopener nofollow\">noticia<\/a> y los adelantos aparecidos en <a href=\"https:\/\/www.rafabasa.com\/2019\/07\/11\/ghost-sweet-oblivion-picture-savage-master-galia-metal-fest\/#PICTURE\" target=\"_blank\" rel=\"noopener nofollow\">esta<\/a>.<\/p>\n<p>Los \u00faltimos movimientos del grupo en este <a href=\"https:\/\/www.rafabasa.com\/2022\/01\/14\/evergrey-picture-speckmann-project\/#PICTURE\" target=\"_blank\" rel=\"noopener nofollow\">bloque<\/a>.<\/p>\n<p>\u00a0<\/p>\n<p align=\"center\"><strong>Sigue el\u00a0<a href=\"https:\/\/whatsapp.com\/channel\/0029VaCprxVBA1f555USvT2O\" target=\"_blank\" rel=\"nofollow noopener\">Canal de RAFABASA.COM en WhatsApp<\/a>, donde encontrar\u00e1s todas nuestras novedades al instante<\/strong><\/p>\n<p>\u00a0<\/p>\n<p>\u00a0<\/p>\n<p>\u00a0<\/p>\n<p>\u00a0<\/p>\n","protected":false},"excerpt":{"rendered":"\u00a0 SOULFLY estrenan v\u00eddeo \u2013 Reedici\u00f3n de EPICA \u2013 Nuevo v\u00eddeo de ELLEFSON\/SOTO \u2013 PICTURE en Sudam\u00e9rica. SOULFLY&hellip;\n","protected":false},"author":2,"featured_media":144963,"comment_status":"","ping_status":"","sticky":false,"template":"","format":"standard","meta":{"footnotes":""},"categories":[170],"tags":[28955,146,147,4096,25,24,184,185,44667,31128,23],"class_list":{"0":"post-144962","1":"post","2":"type-post","3":"status-publish","4":"format-standard","5":"has-post-thumbnail","7":"category-musica","8":"tag-ellefson-soto","9":"tag-entertainment","10":"tag-entretenimiento","11":"tag-epica","12":"tag-es","13":"tag-espana","14":"tag-music","15":"tag-musica","16":"tag-picture","17":"tag-soulfly","18":"tag-spain"},"share_on_mastodon":{"url":"","error":""},"_links":{"self":[{"href":"https:\/\/www.europesays.com\/es\/wp-json\/wp\/v2\/posts\/144962","targetHints":{"allow":["GET"]}}],"collection":[{"href":"https:\/\/www.europesays.com\/es\/wp-json\/wp\/v2\/posts"}],"about":[{"href":"https:\/\/www.europesays.com\/es\/wp-json\/wp\/v2\/types\/post"}],"author":[{"embeddable":true,"href":"https:\/\/www.europesays.com\/es\/wp-json\/wp\/v2\/users\/2"}],"replies":[{"embeddable":true,"href":"https:\/\/www.europesays.com\/es\/wp-json\/wp\/v2\/comments?post=144962"}],"version-history":[{"count":0,"href":"https:\/\/www.europesays.com\/es\/wp-json\/wp\/v2\/posts\/144962\/revisions"}],"wp:featuredmedia":[{"embeddable":true,"href":"https:\/\/www.europesays.com\/es\/wp-json\/wp\/v2\/media\/144963"}],"wp:attachment":[{"href":"https:\/\/www.europesays.com\/es\/wp-json\/wp\/v2\/media?parent=144962"}],"wp:term":[{"taxonomy":"category","embeddable":true,"href":"https:\/\/www.europesays.com\/es\/wp-json\/wp\/v2\/categories?post=144962"},{"taxonomy":"post_tag","embeddable":true,"href":"https:\/\/www.europesays.com\/es\/wp-json\/wp\/v2\/tags?post=144962"}],"curies":[{"name":"wp","href":"https:\/\/api.w.org\/{rel}","templated":true}]}}