{"id":144964,"date":"2025-09-28T20:16:16","date_gmt":"2025-09-28T20:16:16","guid":{"rendered":"https:\/\/www.europesays.com\/es\/144964\/"},"modified":"2025-09-28T20:16:16","modified_gmt":"2025-09-28T20:16:16","slug":"alba-rohrwacher-y-elio-germano-los-nuevos-protagonistas-de-isabel-coixet-nuestra-sociedad-elimina-el-sufrimiento-y-el-luto-esta-pelicula-en-cambio-se-ocupa-de-ellos-con-amor-y-respeto-ha","status":"publish","type":"post","link":"https:\/\/www.europesays.com\/es\/144964\/","title":{"rendered":"Alba Rohrwacher y Elio Germano, los nuevos protagonistas de Isabel Coixet: \u201cNuestra sociedad elimina el sufrimiento y el luto. Esta pel\u00edcula, en cambio, se ocupa de ellos con amor y respeto hacia Michela Murgia\u201d"},"content":{"rendered":"<p><strong>\u00bfC\u00f3mo lleg\u00f3 al teatro?<\/strong><br \/>La adolescencia fue traum\u00e1tica: me cerr\u00e9 en banda, me aisl\u00e9, me costaba relacionarme. En aquella \u00e9poca, Roma era una ciudad muy conflictiva, el aspecto exterior pasaba factura y te categorizaban seg\u00fan tu ropa: punk, metalero&#8230; bastaba un detalle y te convert\u00edas en eso. En el escenario de un curso en el Teatro Azione pude habitar mis emociones con una serenidad que no pose\u00eda en la vida. Era el m\u00e1s joven de los participantes, ten\u00eda 14 a\u00f1os y nada que ver con los dem\u00e1s, que llegaban a los 40. Pero aquello me permit\u00eda llorar, re\u00edr, odiar. Empec\u00e9 a hacer espect\u00e1culos por las noches. Mi rendimiento escolar empeor\u00f3, mientras que mi sensaci\u00f3n de libertad mejor\u00f3.<\/p>\n<p><strong>\u00bfCu\u00e1nto empeor\u00f3 su rendimiento escolar?<\/strong><br \/>Un poco. En mi \u00faltimo a\u00f1o de bachillerato de ciencias incluso hice una pel\u00edcula, mi primera como protagonista [Il cielo in una stanza]. Nunca suspend\u00ed, pero desde luego mis notas no fueron brillantes. En cambio, de ni\u00f1o, me fue bien en el colegio.<\/p>\n<p><img decoding=\"async\" alt=\"Alba luce camisa y falda de Prada. Elio lleva americana camisa y pantal\u00f3n de Prada y reloj Seamaster de Omega.\" loading=\"lazy\" class=\"ResponsiveImageContainer-eNxvmU cfBbTk responsive-image__image\"   src=\"https:\/\/www.europesays.com\/es\/wp-content\/uploads\/2025\/09\/_DSF4446_DEF.jpeg\"\/><\/p>\n<p>Alba luce camisa y falda de <strong>Prada<\/strong>. Elio lleva americana, camisa y pantal\u00f3n de <strong>Prada<\/strong> y reloj Seamaster de <strong>Omega.<\/strong><\/p>\n<p><strong>\u00bfSe matricul\u00f3 en la universidad como plan B a ser actor?<\/strong><br \/>Siempre pens\u00e9 que mi plan B ser\u00eda la agricultura, que es el mundo del que vengo. Eleg\u00ed Filosof\u00eda del Lenguaje: me fascina c\u00f3mo nos comunicamos, pero no pude terminarla. Esta es la enfermedad que me atrap\u00f3, citando a <strong>Alberto Sordi<\/strong>.<\/p>\n<p><strong>\u00bfQu\u00e9 significa para usted actuar?<\/strong><br \/>Ponerse a disposici\u00f3n, ser la tinta de un director, transformar en carne un escrito. Es un trabajo un poco cr\u00edstico, porque te cargas de cruces.<\/p>\n<p><strong>\u00bfExperiencias traum\u00e1ticas?<\/strong><br \/>Al principio s\u00ed, como todas las profesiones. Entrar en el mercado es dif\u00edcil, los primeros proyectos est\u00e1n contaminados: tienes que caer bien, tienes que demostrar que eres bueno y no equivocarte porque si no no te vuelven a llamar, no puedes dejarte llevar por el abandono, que es la dimensi\u00f3n creativa m\u00e1s alta. Te ves obligado a mirarte todo el tiempo desde fuera e incluso te molesta mirarte al espejo.<\/p>\n<p><strong>\u00bfEst\u00e1 orgulloso de todos los papeles que ha aceptado?<\/strong><br \/>Me arrepiento todo el tiempo, pero tambi\u00e9n soy fatalista: si haces algo mal es porque eso ten\u00eda que pasar y luego saldr\u00e1s adelante. Me ha pasado el haber estado en plat\u00f3s p\u00e9simos, en los que me sent\u00eda fatal y pensaba que no lo hab\u00eda hecho bien, y donde en cambio sal\u00edan obras maestras apreciadas por el p\u00fablico. Otras veces, en contextos muy serenos y respetuosos, el proyecto no llegaba a la gente, no les inspiraba nada.<\/p>\n<p><strong>\u00bfC\u00f3mo fue el rodaje de Tres adioses<\/strong>?<br \/>Lleno de afecto y delicadeza. Algunas escenas se rodaron en Super 8, con una pel\u00edcula antigua sin sonido: solo est\u00e1bamos yo, Alba y la directora, en una burbuja, contando los recuerdos de nuestros dos personajes. Un poco Nouvelle Vague.<\/p>\n<p><strong>Tras interpretar una retah\u00edla de personas reales, desde el secretario del Partido Comunista Enrico Berlinguer al capo Matteo Messina Denaro, al fin interpreta a un personaje completamente ficticio.<\/strong><br \/>En este caso, mi trabajo de preparaci\u00f3n fue m\u00e1s sobre el oficio de Antonio, as\u00ed que pas\u00e9 un tiempo en la cocina de un restaurante romano muy bueno.<\/p>\n<p><img decoding=\"async\" alt=\"Una escena de Tres adioses.\" loading=\"lazy\" class=\"ResponsiveImageContainer-eNxvmU cfBbTk responsive-image__image\"   src=\"https:\/\/www.europesays.com\/es\/wp-content\/uploads\/2025\/09\/TRECIOTOLE_250321_gretadelazzaris-3881.JPG\"\/><\/p>\n<p>Una escena de Tres adioses.<\/p>\n<p>greta de lazzaris<\/p>\n<p><strong>\u00bfCu\u00e1l es el mensaje m\u00e1s potente de la pel\u00edcula?<\/strong><br \/>Tres adioses habla del ser humano, de la dificultad de la comunicaci\u00f3n, de Eros y T\u00e1natos, del dolor. Y vivimos en una sociedad basada en eliminarlo, en eliminar el dolor. Vengo de un pueblo del sur de Italia donde los muertos eran expuestos durante un par de d\u00edas, la gente iba a llorarlos, hab\u00eda una confrontaci\u00f3n con la muerte, con los misterios de la vida, hab\u00eda una ritualidad que ya no existe. Por primera vez todo se basa en el materialismo, lo inmaterial no existe, no es importante. Y cuando uno se ve abrumado por el sufrimiento, la enfermedad o la separaci\u00f3n, el escenario se desgarra. La pel\u00edcula tambi\u00e9n cuenta esto.<\/p>\n","protected":false},"excerpt":{"rendered":"\u00bfC\u00f3mo lleg\u00f3 al teatro?La adolescencia fue traum\u00e1tica: me cerr\u00e9 en banda, me aisl\u00e9, me costaba relacionarme. En aquella&hellip;\n","protected":false},"author":2,"featured_media":144965,"comment_status":"","ping_status":"","sticky":false,"template":"","format":"standard","meta":{"footnotes":""},"categories":[169],"tags":[177,146,147,2958,25,24,176,41009,175,23],"class_list":{"0":"post-144964","1":"post","2":"type-post","3":"status-publish","4":"format-standard","5":"has-post-thumbnail","7":"category-cine","8":"tag-cine","9":"tag-entertainment","10":"tag-entretenimiento","11":"tag-entrevistas","12":"tag-es","13":"tag-espana","14":"tag-film","15":"tag-isabel-coixet","16":"tag-movies","17":"tag-spain"},"share_on_mastodon":{"url":"","error":""},"_links":{"self":[{"href":"https:\/\/www.europesays.com\/es\/wp-json\/wp\/v2\/posts\/144964","targetHints":{"allow":["GET"]}}],"collection":[{"href":"https:\/\/www.europesays.com\/es\/wp-json\/wp\/v2\/posts"}],"about":[{"href":"https:\/\/www.europesays.com\/es\/wp-json\/wp\/v2\/types\/post"}],"author":[{"embeddable":true,"href":"https:\/\/www.europesays.com\/es\/wp-json\/wp\/v2\/users\/2"}],"replies":[{"embeddable":true,"href":"https:\/\/www.europesays.com\/es\/wp-json\/wp\/v2\/comments?post=144964"}],"version-history":[{"count":0,"href":"https:\/\/www.europesays.com\/es\/wp-json\/wp\/v2\/posts\/144964\/revisions"}],"wp:featuredmedia":[{"embeddable":true,"href":"https:\/\/www.europesays.com\/es\/wp-json\/wp\/v2\/media\/144965"}],"wp:attachment":[{"href":"https:\/\/www.europesays.com\/es\/wp-json\/wp\/v2\/media?parent=144964"}],"wp:term":[{"taxonomy":"category","embeddable":true,"href":"https:\/\/www.europesays.com\/es\/wp-json\/wp\/v2\/categories?post=144964"},{"taxonomy":"post_tag","embeddable":true,"href":"https:\/\/www.europesays.com\/es\/wp-json\/wp\/v2\/tags?post=144964"}],"curies":[{"name":"wp","href":"https:\/\/api.w.org\/{rel}","templated":true}]}}