{"id":144970,"date":"2025-09-28T20:19:11","date_gmt":"2025-09-28T20:19:11","guid":{"rendered":"https:\/\/www.europesays.com\/es\/144970\/"},"modified":"2025-09-28T20:19:11","modified_gmt":"2025-09-28T20:19:11","slug":"anabel-pantoja-decepcionada-con-la-competitividad-de-blanca-romero","status":"publish","type":"post","link":"https:\/\/www.europesays.com\/es\/144970\/","title":{"rendered":"Anabel Pantoja, decepcionada con la competitividad de Blanca Romero"},"content":{"rendered":"<p data-journey-content=\"true\" data-node-id=\"4\" class=\"css-6wxqfj emevuu60\"><strong data-node-id=\"4.0\"><a href=\"https:\/\/diezminutos.es\/anabel-pantoja\" target=\"_blank\" data-node-id=\"4.0.0\" data-mrf-link=\"https:\/\/diezminutos.es\/anabel-pantoja\" data-vars-ga-outbound-link=\"https:\/\/diezminutos.es\/anabel-pantoja\" data-vars-ga-ux-element=\"Hyperlink\" data-vars-ga-call-to-action=\"Anabel Pantoja\" class=\"body-link css-177bzfx emevuu60\" rel=\"nofollow noopener\">Anabel Pantoja<\/a> <\/strong>volv\u00eda a la televisi\u00f3n despu\u00e9s de una temporada alejada de la peque\u00f1a pantalla. La sobrina de Isabel Pantoja se ha convertido en una de las concursantes m\u00e1s queridas de la segunda edici\u00f3n de &#8216;Bailando con las estrellas&#8217;. El jurado y el p\u00fablico est\u00e1n muy sorprendidos con sus dotes para el baile. Sin embargo, ella no acaba de estar conforme con la puntuaci\u00f3n del jurado. \u00abSiempre 6,6,6, el n\u00famero del diablo\u00bb, se quejaba con su compa\u00f1ero de baile con el que<a href=\"https:\/\/www.diezminutos.es\/famosos-corazon\/famosos-espanoles\/a67983687\/anabel-pantoja-beso-bailando-con-las-estrellas\/\" target=\"_blank\" data-vars-ga-outbound-link=\"https:\/\/www.diezminutos.es\/famosos-corazon\/famosos-espanoles\/a67983687\/anabel-pantoja-beso-bailando-con-las-estrellas\/\" data-vars-ga-ux-element=\"Hyperlink\" data-vars-ga-call-to-action=\" la semana pasado protagoniz\u00f3 un beso de pel\u00edcula tras finalizar un valls\" data-node-id=\"4.2\" class=\"body-link css-177bzfx emevuu60\" rel=\"nofollow noopener\"> la semana pasado protagoniz\u00f3 un beso de pel\u00edcula tras finalizar un valls<\/a>. <\/p>\n<p data-journey-content=\"true\" data-node-id=\"7\" class=\"css-6wxqfj emevuu60\">Aunque, quiz\u00e1s, lo que tiene m\u00e1s moleta a Anabel Pantoja no es la puntuaci\u00f3n que est\u00e1 recibiendo por parte del exigente jurado<strong data-node-id=\"7.1\">, sino la actitud de una de sus compa\u00f1eras<\/strong>. La sobrina de Isabel Pantoja se ha mostrado muy disgustada con <strong data-node-id=\"7.3\">un pol\u00e9mico comentario que ha hecho Blanca Romero sobre sus compa\u00f1eros de &#8216;Bailando con las estrellas&#8217;. <\/strong>Ambas est\u00e1n participando en el programa con filosof\u00edas muy distintas. Mientras Anabel pensaba que formaba una pi\u00f1a con todos sus compa\u00f1eros del programa de Telecinco, para <strong data-node-id=\"7.5\">Blanca lo importante es ganar. <\/strong><\/p>\n<p data-journey-content=\"true\" data-node-id=\"9\" class=\"css-6wxqfj emevuu60\">Al repasar los ensayos, Anabel Pantoja y su compa\u00f1ero de baile, \u00c1lvaro Cuenca, encontraban un comentario por parte de la modelo y actriz en el que demostraba que tanto ella como su bailar\u00edn est\u00e1n participando en el concurso para ganar, no para hacer amigos. <\/p>\n<p data-journey-content=\"true\" data-node-id=\"14\" class=\"css-6wxqfj emevuu60\"><strong data-node-id=\"14.0\">\u00abSi una se marea pues es lo que hay, una menos para la competici\u00f3n, yo lo que quiero es ganar\u00bb<\/strong>, expresaba la asturiana en referencia al mareo de Nona Sobo. Unas palabras que sentaban muy mal a Anabel Pantoja, pues le quitaban gran parte de su ilusi\u00f3n de venir cada d\u00eda a ensayar las coreograf\u00edas semanales. <\/p>\n<p data-journey-content=\"true\" data-node-id=\"16\" class=\"css-6wxqfj emevuu60\"><strong data-node-id=\"16.0\">\u00abTe pones a pensar si somos un equipo&#8230; y no somos un equipo\u00bb<\/strong>, se lamentaba la prima de Kiko Rivera ante el comentario de Blanca Romero. Ella, a diferencia de su compa\u00f1era<strong data-node-id=\"16.2\"> no se est\u00e1 tomando con tanta competitividad el concurso.<\/strong> \u00abCuando el programa acabe, yo creo que no nos vamos a ir a trabajar a &#8216;Los miserables&#8217; o a &#8216;El rey le\u00f3n&#8217;. No hay que venirse tan arriba\u00bb, se\u00f1alaba estupefacta. <\/p>\n<p data-journey-content=\"true\" data-node-id=\"18\" class=\"css-6wxqfj emevuu60\">Unas palabras con las que estaba muy de acuerdo \u00c1lvaro Cuenca, su profesor y compa\u00f1ero de baile. \u00ab<strong data-node-id=\"18.1\">Creo que se ha difuminado un poco lo de ser compa\u00f1eros. <\/strong>Creo que tambi\u00e9n hay que disfrutar. Yo no s\u00e9 si esto al final les pasar\u00e1 factura\u00bb, se lamentaba. <\/p>\n<p data-journey-content=\"true\" data-node-id=\"20\" class=\"css-6wxqfj emevuu60\">Tras esta actitud por parte de Blanca Romero y su pareja de baile, tanto Anabel Pantoja como \u00c1lvaro han tomado nota, <strong data-node-id=\"20.1\">ya no pedir\u00e1n m\u00e1s favores a sus compa\u00f1eros.<\/strong><\/p>\n<p><strong data-node-id=\"21.0\">Pepe Navarro, segundo expulsado<br data-node-id=\"21.0.1\"\/><\/strong><\/p>\n<p data-journey-content=\"true\" data-node-id=\"23\" class=\"css-6wxqfj emevuu60\">Pero la tercera gala de &#8216;Bailando con las estrellas&#8217;  no solo estuvo marcada por esta decepci\u00f3n de Anabel Pantoja con Blanca Romero. Era semana de expulsi\u00f3n. Despu\u00e9s de que \u00c1lex Gibaja se convirtiese en el primer expulsado, Pepe Navarro y Iago Garc\u00eda se jugaban la expulsi\u00f3n. Finalmente, el jurado decid\u00eda que el presentador se convirtiese en el segundo expulsado de esta edici\u00f3n. <br data-node-id=\"23.1\"\/><\/p>\n<p><img src=\"https:\/\/www.europesays.com\/es\/wp-content\/uploads\/2025\/09\/1759090751_369_4104b2dc-9d92-4a2f-a41f-327dc6377620_1734436473.jpg\" alt=\"Headshot of Valentina Vera\" title=\"Headshot of Valentina Vera\" width=\"100%\" height=\"100%\" decoding=\"async\" loading=\"lazy\" class=\"css-o0wq4v ev8dhu53\"\/><\/p>\n<p>Valentina Vera es una periodista experta en cr\u00f3nica rosa, realidad, &#8216;reality&#8217;, moda y belleza. Siempre al d\u00eda de las \u00faltimas novedades de los famosos nacionales e internacionales y de las casas reales europeas. Su trabajo como redactora le permite ser testigo de las bodas de los personajes m\u00e1s relevantes del panorama social; de alfombras rojas; de funerales de Estado o de acontecimientos hist\u00f3ricos: como la proclamaci\u00f3n de Felipe VI como Rey o la coronaci\u00f3n de Carlos III de Inglaterra.<br \/>\nLicenciada en Periodismo por la Universidad Complutense de Madrid. Comenz\u00f3 su andadura en el mundo del coraz\u00f3n en el a\u00f1o 2013 en la revista \u00a1Hola! Y desde 2014 forma parte del grupo Hearst, donde ha ido adquiriendo experiencia tanto en la edici\u00f3n impresa como en el formato web de la revista Diez Minutos.<br \/>\nEl medio digital le apasiona por la inmediatez en la que sus lectores pueden ser testigos de lo que sucede en la vida de los famosos desde cualquier parte del mundo. Instagram, Twitter y TikTok se han convertido en una herramienta m\u00e1s de informaci\u00f3n a la hora de crear, gestionar y organizar el contenido, ya que le permiten conocer la \u00faltima hora de lo que sucede en la vida de los famosos.<br \/>\nEn constante formaci\u00f3n de estrategias y t\u00e9cnicas de optimizaci\u00f3n digital para su trabajo como redactora, en la actualidad tambi\u00e9n se encuentra estudiando Diet\u00e9tica. Llevar un estilo de vida saludable es algo que le apasiona y cree que la nutrici\u00f3n es una parte fundamental.<\/p>\n","protected":false},"excerpt":{"rendered":"Anabel Pantoja volv\u00eda a la televisi\u00f3n despu\u00e9s de una temporada alejada de la peque\u00f1a pantalla. La sobrina de&hellip;\n","protected":false},"author":2,"featured_media":144971,"comment_status":"","ping_status":"","sticky":false,"template":"","format":"standard","meta":{"footnotes":""},"categories":[91],"tags":[253,146,147,25,24,23],"class_list":{"0":"post-144970","1":"post","2":"type-post","3":"status-publish","4":"format-standard","5":"has-post-thumbnail","7":"category-entretenimiento","8":"tag-discover","9":"tag-entertainment","10":"tag-entretenimiento","11":"tag-es","12":"tag-espana","13":"tag-spain"},"share_on_mastodon":{"url":"","error":""},"_links":{"self":[{"href":"https:\/\/www.europesays.com\/es\/wp-json\/wp\/v2\/posts\/144970","targetHints":{"allow":["GET"]}}],"collection":[{"href":"https:\/\/www.europesays.com\/es\/wp-json\/wp\/v2\/posts"}],"about":[{"href":"https:\/\/www.europesays.com\/es\/wp-json\/wp\/v2\/types\/post"}],"author":[{"embeddable":true,"href":"https:\/\/www.europesays.com\/es\/wp-json\/wp\/v2\/users\/2"}],"replies":[{"embeddable":true,"href":"https:\/\/www.europesays.com\/es\/wp-json\/wp\/v2\/comments?post=144970"}],"version-history":[{"count":0,"href":"https:\/\/www.europesays.com\/es\/wp-json\/wp\/v2\/posts\/144970\/revisions"}],"wp:featuredmedia":[{"embeddable":true,"href":"https:\/\/www.europesays.com\/es\/wp-json\/wp\/v2\/media\/144971"}],"wp:attachment":[{"href":"https:\/\/www.europesays.com\/es\/wp-json\/wp\/v2\/media?parent=144970"}],"wp:term":[{"taxonomy":"category","embeddable":true,"href":"https:\/\/www.europesays.com\/es\/wp-json\/wp\/v2\/categories?post=144970"},{"taxonomy":"post_tag","embeddable":true,"href":"https:\/\/www.europesays.com\/es\/wp-json\/wp\/v2\/tags?post=144970"}],"curies":[{"name":"wp","href":"https:\/\/api.w.org\/{rel}","templated":true}]}}