{"id":144975,"date":"2025-09-28T20:22:10","date_gmt":"2025-09-28T20:22:10","guid":{"rendered":"https:\/\/www.europesays.com\/es\/144975\/"},"modified":"2025-09-28T20:22:10","modified_gmt":"2025-09-28T20:22:10","slug":"un-sacerdote-recibe-una-bala-dentro-de-un-panuelo-en-plena-misa-en-napoles","status":"publish","type":"post","link":"https:\/\/www.europesays.com\/es\/144975\/","title":{"rendered":"Un sacerdote recibe una bala dentro de un pa\u00f1uelo en plena misa en N\u00e1poles"},"content":{"rendered":"<p><img decoding=\"async\" class=\"voc-author__img\" src=\"https:\/\/www.europesays.com\/es\/wp-content\/uploads\/2025\/08\/1756071909_887_autor-6238-foto-2.png\" alt=\"\u00c1frica Albal\u00e1\"\/><\/p>\n<p class=\"voc-p\" style=\"\">Apenas dos a\u00f1os despu\u00e9s de que salieran a la luz las violaciones grupales durante meses de dos ni\u00f1as de 10 y 12 a\u00f1os en Caivano (<a href=\"https:\/\/www.abc.es\/noticias\/italia\/\" title=\"www.abc.es\" data-voc-vtm-id=\"in-text-traffic\" data-mrf-link=\"www.abc.es\" rel=\"nofollow noopener\" target=\"_blank\">Italia<\/a>), la criminalidad y las amenazas contin\u00faan siendo una constante en este municipio del \u00e1rea metropolitana de N\u00e1poles. El sacerdote Maurizio Patriciello, conocido por su denodada lucha contra la camorra, ha recibido este domingo durante la misa<strong> una bala dentro de un pa\u00f1uelo<\/strong>.<\/p>\n<p class=\"voc-p\" style=\"\">Esta intimidaci\u00f3n se ha producido en la parroquia de san Pablo Ap\u00f3stol de Caivano, cuando un miembro de la delincuencia local se ha hecho pasar por un feligr\u00e9s y ha entregado al sacerdote el pa\u00f1uelo con el proyectil -de calibre 9&#215;21- para, despu\u00e9s, marcharse. No obstante, el hombre, ya conocido por las fuerzas del orden, <strong>ha sido detenido por los guardaespaldas de don Patriciello<\/strong> y agentes de los Carabineros.<\/p>\n<p class=\"voc-p\" style=\"\">Los hechos los ha dado a conocer la diputada de La Liga -el partido liderado por Matteo Salvini- y subsecretaria de la Presidencia del Consejo de Ministros, Pina Castiello, que hab\u00eda acudido este domingo a la parroquia de don Patriciello para mostrarle \u00absolidaridad y cercan\u00eda\u00bb <strong>tras dos tiroteos ocurridos durante la noche en Caivano<\/strong> y denunciados en redes sociales por el sacerdote.<\/p>\n<p class=\"voc-p\" style=\"\">\u00abHe notificado el incidente al prefecto de N\u00e1poles, Michele di Bari, y especialmente a la primera ministra, Giorgia Meloni (&#8230;) Es una verg\u00fcenza. Nadie debe pensar que el Estado dar\u00e1 un paso atr\u00e1s. Estaremos siempre presentes con las fuerzas del orden para defender la legalidad al lado de la comunidad de Caivano y de la comunidad religiosa de don Maurizio Patriciello (&#8230;) <strong>A la camorra la despreciamos y la cobatimos<\/strong>\u00bb, ha recalcado Castiello en un v\u00eddeo en Instagram. <\/p>\n<p class=\"voc-p\" style=\"\">Lo sucedido ha sido criticado por la primera ministra italiana, Giorgia Meloni: \u00ab<strong>Inaceptable lo ocurrido hoy en Caivano<\/strong>, en la parroquia de san Pablo Ap\u00f3stol, donde durante la misa un hombre, confundi\u00e9ndose entre los fieles, ha entregado a don Maurizio Patriciello un pa\u00f1uelo con una bala dentro para despu\u00e9s desaparecer r\u00e1pidamente\u00bb.<\/p>\n<p class=\"voc-p\" style=\"\">\u00ab<strong>Un gesto cobarde y cirminal<\/strong>, llevado a cabo en el lugar y en el momento m\u00e1s sagrado, que no intimidar\u00e1 a quien, como don Patriciello, representa el coraje y la dedicaci\u00f3n a favor de la comunidad y de la legalidad. Estamos al lado de don Patriciello y de todos aquellos que no se doblegan a la criminalidad. El Estado est\u00e1 con vosotros y no daremos nunca un paso atr\u00e1s\u00bb, ha escrito la primera ministra en una entrada en su cuenta de Instagram.<\/p>\n<p>\nTiroteo la noche anterior\n<\/p>\n<p class=\"voc-p\" style=\"\">Unas horas antes de lo ocurrido en la iglesia, en la noche del s\u00e1bado, Caivano hab\u00eda sido escenario <strong>de dos tiroteos<\/strong>, denunciados por don Patriciello en redes sociales. \u00abLa mafia organizada, bien arraigada desde hace a\u00f1os, ha recibido en los \u00faltimos meses un duro golpe. Los Carabinieri y la Polic\u00eda no han parado ni un solo instante. El comercio de la maldita droga ha disminuido a simple vista. Casi todos los jefes de los clanes est\u00e1n en la c\u00e1rcel. El Gobierno se est\u00e1 esforzando como nunca antes. A pesar de un trabajo sin precedentes, los delincuentes intentan llenar los vac\u00edos dejados por los detenidos\u00bb, ha afirmado el sacerdote.<\/p>\n<p class=\"voc-p\" style=\"\">Antes de la misa, don Patriciello hab\u00eda publicado otro mensaje en Facebook, en este caso dirigido a los j\u00f3venes de la zona, y los instaba a abandonar la criminalidad: \u00abChicos, en nombre de Dios, \u00a1parad! Disfrutad de vuestra juventud. <strong>El camino que hab\u00e9is tomado es un callej\u00f3n sin salida. <\/strong>Siempre termina o en la c\u00e1rcel o en el cementerio\u00bb.<\/p>\n<p class=\"voc-p\" style=\"\">Caivano, un municipio deprimido con grandes problemas de comunidad, vivi\u00f3 una aut\u00e9ntica conmoci\u00f3n en agosto de 2023 al conocer la historia de dos ni\u00f1as, dos primas de 10 y 12 a\u00f1os, que hab\u00edan sido<strong> violadas en grupo durante meses<\/strong>, en muchos casos por menores. Esa tragedia inspir\u00f3 la aprobaci\u00f3n de un decreto con un conjunto de medidas impulsadas por el Gobierno de la primera ministra para combatir la delincuencia juvenil.<\/p>\n<p>Reportar un error<\/p>\n","protected":false},"excerpt":{"rendered":"Apenas dos a\u00f1os despu\u00e9s de que salieran a la luz las violaciones grupales durante meses de dos ni\u00f1as&hellip;\n","protected":false},"author":2,"featured_media":144976,"comment_status":"","ping_status":"","sticky":false,"template":"","format":"standard","meta":{"footnotes":""},"categories":[42],"tags":[34622,17,18,3455,13,14,11,61,62,63,64,19,20,12360,9494,9,10,15,16,38939,5670,3684,36833,12,21,22,65,66,67],"class_list":{"0":"post-144975","1":"post","2":"type-post","3":"status-publish","4":"format-standard","5":"has-post-thumbnail","7":"category-internacional","8":"tag-bala","9":"tag-breaking-news","10":"tag-breakingnews","11":"tag-dentro","12":"tag-featured-news","13":"tag-featurednews","14":"tag-headlines","15":"tag-internacional","16":"tag-international","17":"tag-international-news","18":"tag-internationalnews","19":"tag-latest-news","20":"tag-latestnews","21":"tag-misa","22":"tag-napoles","23":"tag-news","24":"tag-noticias","25":"tag-noticias-destacadas","26":"tag-noticiasdestacadas","27":"tag-panuelo","28":"tag-plena","29":"tag-recibe","30":"tag-sacerdote","31":"tag-titulares","32":"tag-ultimas-noticias","33":"tag-ultimasnoticias","34":"tag-world","35":"tag-world-news","36":"tag-worldnews"},"share_on_mastodon":{"url":"","error":""},"_links":{"self":[{"href":"https:\/\/www.europesays.com\/es\/wp-json\/wp\/v2\/posts\/144975","targetHints":{"allow":["GET"]}}],"collection":[{"href":"https:\/\/www.europesays.com\/es\/wp-json\/wp\/v2\/posts"}],"about":[{"href":"https:\/\/www.europesays.com\/es\/wp-json\/wp\/v2\/types\/post"}],"author":[{"embeddable":true,"href":"https:\/\/www.europesays.com\/es\/wp-json\/wp\/v2\/users\/2"}],"replies":[{"embeddable":true,"href":"https:\/\/www.europesays.com\/es\/wp-json\/wp\/v2\/comments?post=144975"}],"version-history":[{"count":0,"href":"https:\/\/www.europesays.com\/es\/wp-json\/wp\/v2\/posts\/144975\/revisions"}],"wp:featuredmedia":[{"embeddable":true,"href":"https:\/\/www.europesays.com\/es\/wp-json\/wp\/v2\/media\/144976"}],"wp:attachment":[{"href":"https:\/\/www.europesays.com\/es\/wp-json\/wp\/v2\/media?parent=144975"}],"wp:term":[{"taxonomy":"category","embeddable":true,"href":"https:\/\/www.europesays.com\/es\/wp-json\/wp\/v2\/categories?post=144975"},{"taxonomy":"post_tag","embeddable":true,"href":"https:\/\/www.europesays.com\/es\/wp-json\/wp\/v2\/tags?post=144975"}],"curies":[{"name":"wp","href":"https:\/\/api.w.org\/{rel}","templated":true}]}}