{"id":144977,"date":"2025-09-28T20:23:10","date_gmt":"2025-09-28T20:23:10","guid":{"rendered":"https:\/\/www.europesays.com\/es\/144977\/"},"modified":"2025-09-28T20:23:10","modified_gmt":"2025-09-28T20:23:10","slug":"una-mujer-danzadora-por-primera-vez-en-400-anos-en-la-ancestral-danza-de-los-zancos-de-anguiano-ocio-y-cultura","status":"publish","type":"post","link":"https:\/\/www.europesays.com\/es\/144977\/","title":{"rendered":"Una mujer danzadora por primera vez en 400 a\u00f1os en la ancestral danza de los zancos de Anguiano | Ocio y cultura"},"content":{"rendered":"<p>Este domingo 28 de septiembre ya forma parte de la historia del folclore riojano. Por primera vez una mujer se ha puestos los zancos, la saya y el chaleco para protagonizar la danza de los zancos de Anguiano, una ancestral danza de esta localidad de La Rioja Alta en la que ocho (hasta ahora) muchachos del pueblo bajan una cuesta empedrada girando sobre s\u00ed mismos sobre unos zancos de madera.<\/p>\n<p><img decoding=\"async\" src=\"https:\/\/www.europesays.com\/es\/wp-content\/uploads\/2025\/09\/FITHDZI5XBCYFOVDU4WMODD2NA.jpeg\" alt=\"Adriana, ayudada por su padre para atarse los zancos antes de lanzarse por la cuesta de los danzadores en un d\u00eda hist\u00f3rico en el folclore riojano.\" width=\"650\" height=\"1407\"  loading=\"lazy\"\/><\/p>\n<p>Adriana, ayudada por su padre para atarse los zancos antes de lanzarse por la cuesta de los danzadores en un d\u00eda hist\u00f3rico en el folclore riojano. \/ JOS\u00c9 \u00c1NGEL ELGUEA<\/p>\n<p>Ampliar<img decoding=\"async\" src=\"https:\/\/www.europesays.com\/es\/wp-content\/uploads\/2025\/09\/1759090988_859_FITHDZI5XBCYFOVDU4WMODD2NA.jpeg\" alt=\"Adriana, ayudada por su padre para atarse los zancos antes de lanzarse por la cuesta de los danzadores en un d\u00eda hist\u00f3rico en el folclore riojano.\" width=\"650\" height=\"1407\" loading=\"lazy\"\/><\/p>\n<p>Adriana, ayudada por su padre para atarse los zancos antes de lanzarse por la cuesta de los danzadores en un d\u00eda hist\u00f3rico en el folclore riojano. \/ JOS\u00c9 \u00c1NGEL ELGUEA<\/p>\n<p>Cerrar<\/p>\n<p>La protagonista se llama Adriana y su nombre quedar\u00e1 para siempre en esta fiesta de Acci\u00f3n de Gracias que tiene una tradici\u00f3n de m\u00e1s de cuatro siglos, y que est\u00e1 declarada Fiesta de Inter\u00e9s Tur\u00edstico Nacional y Bien de Inter\u00e9s Cultural Inmaterial.<\/p>\n<p><img decoding=\"async\" src=\"https:\/\/www.europesays.com\/es\/wp-content\/uploads\/2025\/09\/5D374PKKANEZZCBWFLP2G5DWOY.jpeg\" alt=\"Adriana, bajando la cuesta de los danzadores.\" width=\"650\" height=\"1067\"  loading=\"lazy\"\/><\/p>\n<p>Adriana, bajando la cuesta de los danzadores. \/ JOS\u00c9 \u00c1NGEL ELGUEA<\/p>\n<p>Ampliar<img decoding=\"async\" src=\"https:\/\/www.europesays.com\/es\/wp-content\/uploads\/2025\/09\/1759090988_345_5D374PKKANEZZCBWFLP2G5DWOY.jpeg\" alt=\"Adriana, bajando la cuesta de los danzadores.\" width=\"650\" height=\"1067\" loading=\"lazy\"\/><\/p>\n<p>Adriana, bajando la cuesta de los danzadores. \/ JOS\u00c9 \u00c1NGEL ELGUEA<\/p>\n<p>Cerrar<\/p>\n<p>Adriana, junto a otros ocho j\u00f3venes, ha descendido la cuesta de los danzadores, unos 60 metros de calle empedrada, despu\u00e9s de posar para una foto hist\u00f3rica junto a sus compa\u00f1eros. Antes, su padre, que ya tuvo el honor de ser danzador, ha sido el encargado de atarle los zancos y ayudar a vestirse. <\/p>\n<p>Las espectaculares y coloridas vueltas de los ocho danzadores de Anguiano mientras descienden por una cuesta empinada han congregado a una amplia masa de espectadores este fin de semana.<\/p>\n<p><img decoding=\"async\" src=\"https:\/\/www.europesays.com\/es\/wp-content\/uploads\/2025\/09\/VZFKFPRV2ZNA5EJC3TK7KR7JFM.jpg\" alt=\"Bajada de la cuesta de los danzadores este s\u00e1bado 27 de septiembre.\" width=\"4\" height=\"3\"  loading=\"lazy\"\/><\/p>\n<p>Bajada de la cuesta de los danzadores este s\u00e1bado 27 de septiembre. \/ Fernando D\u00edaz<\/p>\n<p>Ampliar<img decoding=\"async\" src=\"https:\/\/www.europesays.com\/es\/wp-content\/uploads\/2025\/09\/1759090990_757_VZFKFPRV2ZNA5EJC3TK7KR7JFM.jpg\" alt=\"Bajada de la cuesta de los danzadores este s\u00e1bado 27 de septiembre.\" width=\"4\" height=\"3\" loading=\"lazy\"\/><\/p>\n<p>Bajada de la cuesta de los danzadores este s\u00e1bado 27 de septiembre. \/ Fernando D\u00edaz<\/p>\n<p>Cerrar<\/p>\n<p>La danza de los zancos es una de las tradiciones folcl\u00f3ricas m\u00e1s antiguas de Espa\u00f1a, con documentos que la mencionan desde el siglo XVII. Est\u00e1 declarada Fiesta de Inter\u00e9s Tur\u00edstico Nacional y Bien de Inter\u00e9s Cultural Inmaterial, lo que demuestra su valor hist\u00f3rico y cultural. Se trata de una manifestaci\u00f3n religiosa de agradecimiento por las buenas cosechas, se cree que tiene or\u00edgenes paganos, y se celebra el \u00faltimo fin de semana de septiembre en la localidad riojana.<\/p>\n","protected":false},"excerpt":{"rendered":"Este domingo 28 de septiembre ya forma parte de la historia del folclore riojano. Por primera vez una&hellip;\n","protected":false},"author":2,"featured_media":144978,"comment_status":"","ping_status":"","sticky":false,"template":"","format":"standard","meta":{"footnotes":""},"categories":[8],"tags":[17,18,25,24,13,14,11,19,20,9,10,15,16,23,12,21,22],"class_list":{"0":"post-144977","1":"post","2":"type-post","3":"status-publish","4":"format-standard","5":"has-post-thumbnail","7":"category-espana","8":"tag-breaking-news","9":"tag-breakingnews","10":"tag-es","11":"tag-espana","12":"tag-featured-news","13":"tag-featurednews","14":"tag-headlines","15":"tag-latest-news","16":"tag-latestnews","17":"tag-news","18":"tag-noticias","19":"tag-noticias-destacadas","20":"tag-noticiasdestacadas","21":"tag-spain","22":"tag-titulares","23":"tag-ultimas-noticias","24":"tag-ultimasnoticias"},"share_on_mastodon":{"url":"","error":""},"_links":{"self":[{"href":"https:\/\/www.europesays.com\/es\/wp-json\/wp\/v2\/posts\/144977","targetHints":{"allow":["GET"]}}],"collection":[{"href":"https:\/\/www.europesays.com\/es\/wp-json\/wp\/v2\/posts"}],"about":[{"href":"https:\/\/www.europesays.com\/es\/wp-json\/wp\/v2\/types\/post"}],"author":[{"embeddable":true,"href":"https:\/\/www.europesays.com\/es\/wp-json\/wp\/v2\/users\/2"}],"replies":[{"embeddable":true,"href":"https:\/\/www.europesays.com\/es\/wp-json\/wp\/v2\/comments?post=144977"}],"version-history":[{"count":0,"href":"https:\/\/www.europesays.com\/es\/wp-json\/wp\/v2\/posts\/144977\/revisions"}],"wp:featuredmedia":[{"embeddable":true,"href":"https:\/\/www.europesays.com\/es\/wp-json\/wp\/v2\/media\/144978"}],"wp:attachment":[{"href":"https:\/\/www.europesays.com\/es\/wp-json\/wp\/v2\/media?parent=144977"}],"wp:term":[{"taxonomy":"category","embeddable":true,"href":"https:\/\/www.europesays.com\/es\/wp-json\/wp\/v2\/categories?post=144977"},{"taxonomy":"post_tag","embeddable":true,"href":"https:\/\/www.europesays.com\/es\/wp-json\/wp\/v2\/tags?post=144977"}],"curies":[{"name":"wp","href":"https:\/\/api.w.org\/{rel}","templated":true}]}}